{"id":34304,"date":"2025-12-05T08:48:00","date_gmt":"2025-12-05T11:48:00","guid":{"rendered":"https:\/\/sgvaimudar.com.br\/?p=34304"},"modified":"2025-12-05T08:48:47","modified_gmt":"2025-12-05T11:48:47","slug":"teatro-municipal-de-sao-goncalo-divulga-programacao-especial-para-dezembro","status":"publish","type":"post","link":"https:\/\/sgvaimudar.com.br\/index.php\/2025\/12\/05\/teatro-municipal-de-sao-goncalo-divulga-programacao-especial-para-dezembro\/","title":{"rendered":"Teatro Municipal de S\u00e3o Gon\u00e7alo divulga programa\u00e7\u00e3o especial para dezembro"},"content":{"rendered":"\n<p><em>Stand-up, dan\u00e7a e musical comp\u00f5em a agenda que movimenta o teatro&nbsp;<\/em><\/p>\n\n\n\n<p>O Teatro Municipal de S\u00e3o Gon\u00e7alo abre a agenda de dezembro com uma s\u00e9rie de atra\u00e7\u00f5es que prometem movimentar a cena cultural da cidade. Com espet\u00e1culos de humor, dan\u00e7a e m\u00fasica, o p\u00fablico poder\u00e1 desfrutar de apresenta\u00e7\u00f5es diversificadas, para todas as idades e gostos, refor\u00e7ando o compromisso do espa\u00e7o com a pluralidade art\u00edstica e o acesso \u00e0 cultura. Confira a programa\u00e7\u00e3o completa:<\/p>\n\n\n\n<p>6\/12: O comediante gon\u00e7alense Will Silva estreia uma nova fase de sua carreira com o solo &#8216;<em>De S\u00e3o Gon\u00e7alo pro Mundo&#8217;<\/em>. No palco, apresenta um humor afiado e carregado de identidade, misturando cr\u00edtica social, experi\u00eancias pessoais e temas sens\u00edveis como racismo, viol\u00eancia urbana e relacionamentos, sempre com sua marca: a acidez divertida de quem cresceu na Regi\u00e3o Metropolitana do Rio.<\/p>\n\n\n\n<figure class=\"wp-block-image size-large\"><img fetchpriority=\"high\" decoding=\"async\" width=\"684\" height=\"1024\" src=\"https:\/\/sgvaimudar.com.br\/wp-content\/uploads\/2025\/12\/unnamed-5-2-684x1024.jpg\" alt=\"\" class=\"wp-image-34305\" srcset=\"https:\/\/sgvaimudar.com.br\/wp-content\/uploads\/2025\/12\/unnamed-5-2-684x1024.jpg 684w, https:\/\/sgvaimudar.com.br\/wp-content\/uploads\/2025\/12\/unnamed-5-2-200x300.jpg 200w, https:\/\/sgvaimudar.com.br\/wp-content\/uploads\/2025\/12\/unnamed-5-2-768x1151.jpg 768w, https:\/\/sgvaimudar.com.br\/wp-content\/uploads\/2025\/12\/unnamed-5-2-1025x1536.jpg 1025w, https:\/\/sgvaimudar.com.br\/wp-content\/uploads\/2025\/12\/unnamed-5-2.jpg 1068w\" sizes=\"(max-width: 684px) 100vw, 684px\" \/><\/figure>\n\n\n\n<p>Ingressos:&nbsp;<a href=\"https:\/\/click.cse360.com.br\/Click\/AddCampaignEmailClick\/83c1fb35-d1a9-432e-5407-08de2e872dea\/https%253a%252f%252fwww.sympla.com.br%252fevento%252fwill-silva-show-solo-em-sao-goncalo-show-de-humor%252f3199361\/ac66966e-2b55-4484-fb2c-08dc491eed5f\/jornalistaws@gmail.com\/False\" rel=\"noreferrer noopener\" target=\"_blank\">https:\/\/www.sympla.com.br\/evento\/will-silva-show-solo-em-sao-goncalo-show-de-humor\/3199361<\/a><\/p>\n\n\n\n<p>Hor\u00e1rio: 19h<\/p>\n\n\n\n<p>Classifica\u00e7\u00e3o: 16 anos<\/p>\n\n\n\n<p>7\/12: &#8216;<em>Al\u00e9m do Que Se Possa Imaginar&#8217;<\/em>&nbsp;convida o p\u00fablico a refletir sobre os limites entre o real e o virtual. Com dire\u00e7\u00e3o de Dayane Albuquerque, o espet\u00e1culo apresenta coreografias envolventes, elementos visuais divertidos e uma narrativa sens\u00edvel que prop\u00f5e uma experi\u00eancia \u00fanica, trazendo emo\u00e7\u00e3o e encantamento ao p\u00fablico.<\/p>\n\n\n\n<p>Ingressos: via WhatsApp \u2013 (21) 99547-47311<\/p>\n\n\n\n<p>Hor\u00e1rio: 16h<\/p>\n\n\n\n<p>Classifica\u00e7\u00e3o: Livre<\/p>\n\n\n\n<p>9\/12: &#8216;Filho de Deus, Menino Meu \u2013 Trupe da Encarna\u00e7\u00e3o&#8217; \u00e9 um musical natalino inovador que re\u00fane humor, teatro mambembe, dan\u00e7a, est\u00e9tica circense e uma trilha musical diversa, do tango ao pop. A Trupe da Encarna\u00e7\u00e3o reconta o nascimento do Filho de Deus com leveza, alegria e muita expressividade, celebrando a f\u00e9 e o esp\u00edrito natalino.<\/p>\n\n\n\n<p>Ingressos: dispon\u00edveis em \u2013&nbsp;<a href=\"https:\/\/click.cse360.com.br\/Click\/AddCampaignEmailClick\/83c1fb35-d1a9-432e-5407-08de2e872dea\/https%253a%252f%252fhome.e-inscricao.com%252f%2523eventos-em-destaque\/ac66966e-2b55-4484-fb2c-08dc491eed5f\/jornalistaws@gmail.com\/False\" rel=\"noreferrer noopener\" target=\"_blank\">https:\/\/home.e-inscricao.com\/#eventos-em-destaque<\/a><\/p>\n\n\n\n<p>Hor\u00e1rio: 20h<\/p>\n\n\n\n<p>Classifica\u00e7\u00e3o: Livre<\/p>\n\n\n\n<p>11\/12: &#8216;<em>Ocean&#8217;<\/em>&nbsp;aborda o fluxo do tempo e as transforma\u00e7\u00f5es que acompanham a vida. Com cerca de 50 crian\u00e7as e adolescentes no elenco, a apresenta\u00e7\u00e3o combina movimento, emo\u00e7\u00e3o e poesia visual, ressaltando a import\u00e2ncia de acolher mudan\u00e7as e valorizar cada momento vivido.<\/p>\n\n\n\n<p>Ingressos:&nbsp;<a href=\"https:\/\/click.cse360.com.br\/Click\/AddCampaignEmailClick\/83c1fb35-d1a9-432e-5407-08de2e872dea\/https%253a%252f%252fwww.sympla.com.br%252fevento%252focean-grand-k-studio-de-danca-katia-fajardo%252f3224001%253fshare_id%253dwhatsapp\/ac66966e-2b55-4484-fb2c-08dc491eed5f\/jornalistaws@gmail.com\/False\" rel=\"noreferrer noopener\" target=\"_blank\">https:\/\/www.sympla.com.br\/evento\/ocean-grand-k-studio-de-danca-katia-fajardo\/3224001?share_id=whatsapp<\/a><\/p>\n\n\n\n<p>Hor\u00e1rio: 19h<\/p>\n\n\n\n<p>Classifica\u00e7\u00e3o: Livre.<\/p>\n\n\n\n<figure class=\"wp-block-image size-full\"><img decoding=\"async\" width=\"1024\" height=\"683\" src=\"https:\/\/sgvaimudar.com.br\/wp-content\/uploads\/2025\/12\/unnamed-6-2.jpg\" alt=\"\" class=\"wp-image-34306\" srcset=\"https:\/\/sgvaimudar.com.br\/wp-content\/uploads\/2025\/12\/unnamed-6-2.jpg 1024w, https:\/\/sgvaimudar.com.br\/wp-content\/uploads\/2025\/12\/unnamed-6-2-300x200.jpg 300w, https:\/\/sgvaimudar.com.br\/wp-content\/uploads\/2025\/12\/unnamed-6-2-768x512.jpg 768w\" sizes=\"(max-width: 1024px) 100vw, 1024px\" \/><\/figure>\n\n\n\n<p>22\/12 &#8211; A Orquestra Municipal de S\u00e3o Gon\u00e7alo apresenta um show de fim de ano, a partir das 18h30, com reg\u00eancia do maestro Paulo Guarany e participa\u00e7\u00e3o especial do coral de crian\u00e7as do munic\u00edpio.<\/p>\n\n\n\n<p>Entrada Franca.<\/p>\n\n\n\n<p>Hor\u00e1rio: 18h30<\/p>\n\n\n\n<p>Classifica\u00e7\u00e3o livre.<\/p>\n\n\n\n<p><strong><em>S\u00e3o Gon\u00e7alo vai mudar: Not\u00edcias de S\u00e3o Gon\u00e7alo e toda regi\u00e3o.<\/em><\/strong><\/p>\n\n\n\n<figure class=\"wp-block-image size-large\"><img decoding=\"async\" width=\"1024\" height=\"1024\" src=\"https:\/\/sgvaimudar.com.br\/wp-content\/uploads\/2025\/11\/Logo.Natal_.2025-1024x1024.jpeg\" alt=\"\" class=\"wp-image-33728\" srcset=\"https:\/\/sgvaimudar.com.br\/wp-content\/uploads\/2025\/11\/Logo.Natal_.2025-1024x1024.jpeg 1024w, https:\/\/sgvaimudar.com.br\/wp-content\/uploads\/2025\/11\/Logo.Natal_.2025-300x300.jpeg 300w, https:\/\/sgvaimudar.com.br\/wp-content\/uploads\/2025\/11\/Logo.Natal_.2025-150x150.jpeg 150w, https:\/\/sgvaimudar.com.br\/wp-content\/uploads\/2025\/11\/Logo.Natal_.2025-768x768.jpeg 768w, https:\/\/sgvaimudar.com.br\/wp-content\/uploads\/2025\/11\/Logo.Natal_.2025-1536x1536.jpeg 1536w, https:\/\/sgvaimudar.com.br\/wp-content\/uploads\/2025\/11\/Logo.Natal_.2025.jpeg 1600w\" sizes=\"(max-width: 1024px) 100vw, 1024px\" \/><\/figure>\n","protected":false},"excerpt":{"rendered":"<p>Stand-up, dan\u00e7a e musical comp\u00f5em a agenda que movimenta o teatro&nbsp; O Teatro Municipal de S\u00e3o Gon\u00e7alo abre a agenda&hellip;<\/p>\n","protected":false},"author":5,"featured_media":34308,"comment_status":"closed","ping_status":"open","sticky":false,"template":"","format":"standard","meta":{"fifu_image_url":"https:\/\/sgvaimudar.com.br\/wp-content\/uploads\/2024\/05\/teatro.jpg","fifu_image_alt":"","footnotes":""},"categories":[6],"tags":[87,387,328,384,161,385,383,386,47,75,332],"class_list":["post-34304","post","type-post","status-publish","format-standard","has-post-thumbnail","hentry","category-entretenimento","tag-cultura","tag-delicia","tag-dezembro","tag-filme","tag-lazer","tag-pecas","tag-pipoca","tag-risos","tag-rj","tag-sao-goncalo","tag-teatro"],"_links":{"self":[{"href":"https:\/\/sgvaimudar.com.br\/index.php\/wp-json\/wp\/v2\/posts\/34304","targetHints":{"allow":["GET"]}}],"collection":[{"href":"https:\/\/sgvaimudar.com.br\/index.php\/wp-json\/wp\/v2\/posts"}],"about":[{"href":"https:\/\/sgvaimudar.com.br\/index.php\/wp-json\/wp\/v2\/types\/post"}],"author":[{"embeddable":true,"href":"https:\/\/sgvaimudar.com.br\/index.php\/wp-json\/wp\/v2\/users\/5"}],"replies":[{"embeddable":true,"href":"https:\/\/sgvaimudar.com.br\/index.php\/wp-json\/wp\/v2\/comments?post=34304"}],"version-history":[{"count":1,"href":"https:\/\/sgvaimudar.com.br\/index.php\/wp-json\/wp\/v2\/posts\/34304\/revisions"}],"predecessor-version":[{"id":34307,"href":"https:\/\/sgvaimudar.com.br\/index.php\/wp-json\/wp\/v2\/posts\/34304\/revisions\/34307"}],"wp:featuredmedia":[{"embeddable":true,"href":"https:\/\/sgvaimudar.com.br\/index.php\/wp-json\/wp\/v2\/media\/34308"}],"wp:attachment":[{"href":"https:\/\/sgvaimudar.com.br\/index.php\/wp-json\/wp\/v2\/media?parent=34304"}],"wp:term":[{"taxonomy":"category","embeddable":true,"href":"https:\/\/sgvaimudar.com.br\/index.php\/wp-json\/wp\/v2\/categories?post=34304"},{"taxonomy":"post_tag","embeddable":true,"href":"https:\/\/sgvaimudar.com.br\/index.php\/wp-json\/wp\/v2\/tags?post=34304"}],"curies":[{"name":"wp","href":"https:\/\/api.w.org\/{rel}","templated":true}]}}