{"id":34272,"date":"2025-12-04T21:00:00","date_gmt":"2025-12-05T00:00:00","guid":{"rendered":"https:\/\/sgvaimudar.com.br\/?p=34272"},"modified":"2025-12-04T10:08:58","modified_gmt":"2025-12-04T13:08:58","slug":"sao-goncalo-celebra-inauguracao-da-arvore-de-natal-com-grande-publico-na-trindade","status":"publish","type":"post","link":"https:\/\/sgvaimudar.com.br\/index.php\/2025\/12\/04\/sao-goncalo-celebra-inauguracao-da-arvore-de-natal-com-grande-publico-na-trindade\/","title":{"rendered":"S\u00e3o Gon\u00e7alo celebra inaugura\u00e7\u00e3o da \u00c1rvore de Natal com grande p\u00fablico na Trindade"},"content":{"rendered":"\n<p><em>Estrutura de 23 metros marcou o in\u00edcio oficial das festividades na cidade<\/em><\/p>\n\n\n\n<p>A magia do fim de ano tomou conta de S\u00e3o Gon\u00e7alo na noite do \u00faltimo domingo (30). A tradicional \u00c1rvore de Natal da Pra\u00e7a Leonor Correia, na Trindade, foi inaugurada com grande emo\u00e7\u00e3o e forte presen\u00e7a do p\u00fablico. Gon\u00e7alenses lotaram o entorno da pra\u00e7a para prestigiar o acendimento da estrutura de 23 metros de altura, que este ano ganhou ilumina\u00e7\u00e3o especial com diversas programa\u00e7\u00f5es luminosas, resultado de mais um ano de parceria entre a Prefeitura, o Sindicom\u00e9rcio e o Sesc RJ.<\/p>\n\n\n\n<p>O evento contou ainda com o encantador Cortejo Brincante de Natal, realizado pela Companhia Arteira. A interven\u00e7\u00e3o urbana levou m\u00fasica, dan\u00e7a e personagens dos autos populares brasileiros \u00e0 pra\u00e7a da Trindade, enchendo o bairro de cores, mem\u00f3rias e celebra\u00e7\u00f5es da cultura nacional. O p\u00fablico acompanhou cada movimento, transformando a noite em um verdadeiro espet\u00e1culo coletivo.<\/p>\n\n\n\n<figure class=\"wp-block-image size-full\"><img fetchpriority=\"high\" decoding=\"async\" width=\"1024\" height=\"683\" src=\"https:\/\/sgvaimudar.com.br\/wp-content\/uploads\/2025\/12\/unnamed-18.jpg\" alt=\"\" class=\"wp-image-34273\" srcset=\"https:\/\/sgvaimudar.com.br\/wp-content\/uploads\/2025\/12\/unnamed-18.jpg 1024w, https:\/\/sgvaimudar.com.br\/wp-content\/uploads\/2025\/12\/unnamed-18-300x200.jpg 300w, https:\/\/sgvaimudar.com.br\/wp-content\/uploads\/2025\/12\/unnamed-18-768x512.jpg 768w\" sizes=\"(max-width: 1024px) 100vw, 1024px\" \/><\/figure>\n\n\n\n<p>O prefeito Capit\u00e3o Nelson destacou a import\u00e2ncia da celebra\u00e7\u00e3o.<\/p>\n\n\n\n<p>\u201cVer nossa cidade reunida em um momento t\u00e3o bonito \u00e9 motivo de grande alegria. A tradi\u00e7\u00e3o da \u00c1rvore de Natal j\u00e1 faz parte da identidade de S\u00e3o Gon\u00e7alo, com um evento acolhedor e organizado para as nossas fam\u00edlias\u201d, afirmou o prefeito.<\/p>\n\n\n\n<p>Entre os muitos moradores presentes, o clima era de orgulho e emo\u00e7\u00e3o. Para Carlos Nogueira, morador da Trindade h\u00e1 mais de 20 anos, a noite foi especial.<\/p>\n\n\n\n<p>\u201cA pra\u00e7a estava cheia, todo mundo feliz, as crian\u00e7as encantadas com a \u00e1rvore e com o cortejo. \u00c9 muito bom ver o nosso bairro valorizado e cheio de vida\u201d, disse.<\/p>\n\n\n\n<figure class=\"wp-block-image size-full\"><img decoding=\"async\" width=\"1024\" height=\"683\" src=\"https:\/\/sgvaimudar.com.br\/wp-content\/uploads\/2025\/12\/unnamed-17.jpg\" alt=\"\" class=\"wp-image-34275\" srcset=\"https:\/\/sgvaimudar.com.br\/wp-content\/uploads\/2025\/12\/unnamed-17.jpg 1024w, https:\/\/sgvaimudar.com.br\/wp-content\/uploads\/2025\/12\/unnamed-17-300x200.jpg 300w, https:\/\/sgvaimudar.com.br\/wp-content\/uploads\/2025\/12\/unnamed-17-768x512.jpg 768w\" sizes=\"(max-width: 1024px) 100vw, 1024px\" \/><\/figure>\n\n\n\n<p>A inaugura\u00e7\u00e3o marca oficialmente o in\u00edcio das festividades natalinas na cidade, que promete uma temporada repleta de luz, cultura e celebra\u00e7\u00e3o para todos os gon\u00e7alenses.<\/p>\n\n\n\n<p><em>Fotos: Fabio Guimar\u00e3es<\/em><\/p>\n\n\n\n<p><strong><em>S\u00e3o Gon\u00e7alo vai mudar: Not\u00edcias de S\u00e3o Gon\u00e7alo e toda regi\u00e3o.<\/em><\/strong><\/p>\n\n\n\n<figure class=\"wp-block-video\"><video height=\"1280\" style=\"aspect-ratio: 720 \/ 1280;\" width=\"720\" controls src=\"https:\/\/sgvaimudar.com.br\/wp-content\/uploads\/2025\/11\/Natal.2025.SGVM_.mp4\"><\/video><\/figure>\n","protected":false},"excerpt":{"rendered":"<p>Estrutura de 23 metros marcou o in\u00edcio oficial das festividades na cidade A magia do fim de ano tomou conta&hellip;<\/p>\n","protected":false},"author":5,"featured_media":34277,"comment_status":"closed","ping_status":"open","sticky":false,"template":"","format":"standard","meta":{"fifu_image_url":"https:\/\/sgvaimudar.com.br\/wp-content\/uploads\/2025\/12\/unnamed-16.jpg","fifu_image_alt":"","footnotes":""},"categories":[6],"tags":[375,376,347,47,75,112],"class_list":["post-34272","post","type-post","status-publish","format-standard","has-post-thumbnail","hentry","category-entretenimento","tag-arvore","tag-magia","tag-natal","tag-rj","tag-sao-goncalo","tag-trindade"],"_links":{"self":[{"href":"https:\/\/sgvaimudar.com.br\/index.php\/wp-json\/wp\/v2\/posts\/34272","targetHints":{"allow":["GET"]}}],"collection":[{"href":"https:\/\/sgvaimudar.com.br\/index.php\/wp-json\/wp\/v2\/posts"}],"about":[{"href":"https:\/\/sgvaimudar.com.br\/index.php\/wp-json\/wp\/v2\/types\/post"}],"author":[{"embeddable":true,"href":"https:\/\/sgvaimudar.com.br\/index.php\/wp-json\/wp\/v2\/users\/5"}],"replies":[{"embeddable":true,"href":"https:\/\/sgvaimudar.com.br\/index.php\/wp-json\/wp\/v2\/comments?post=34272"}],"version-history":[{"count":1,"href":"https:\/\/sgvaimudar.com.br\/index.php\/wp-json\/wp\/v2\/posts\/34272\/revisions"}],"predecessor-version":[{"id":34276,"href":"https:\/\/sgvaimudar.com.br\/index.php\/wp-json\/wp\/v2\/posts\/34272\/revisions\/34276"}],"wp:featuredmedia":[{"embeddable":true,"href":"https:\/\/sgvaimudar.com.br\/index.php\/wp-json\/wp\/v2\/media\/34277"}],"wp:attachment":[{"href":"https:\/\/sgvaimudar.com.br\/index.php\/wp-json\/wp\/v2\/media?parent=34272"}],"wp:term":[{"taxonomy":"category","embeddable":true,"href":"https:\/\/sgvaimudar.com.br\/index.php\/wp-json\/wp\/v2\/categories?post=34272"},{"taxonomy":"post_tag","embeddable":true,"href":"https:\/\/sgvaimudar.com.br\/index.php\/wp-json\/wp\/v2\/tags?post=34272"}],"curies":[{"name":"wp","href":"https:\/\/api.w.org\/{rel}","templated":true}]}}