{"id":34267,"date":"2025-12-04T20:00:00","date_gmt":"2025-12-04T23:00:00","guid":{"rendered":"https:\/\/sgvaimudar.com.br\/?p=34267"},"modified":"2025-12-04T10:04:00","modified_gmt":"2025-12-04T13:04:00","slug":"sao-goncalo-participa-do-14o-congresso-brasileiro-de-saude-coletiva","status":"publish","type":"post","link":"https:\/\/sgvaimudar.com.br\/index.php\/2025\/12\/04\/sao-goncalo-participa-do-14o-congresso-brasileiro-de-saude-coletiva\/","title":{"rendered":"S\u00e3o Gon\u00e7alo participa do 14\u00ba Congresso Brasileiro de Sa\u00fade Coletiva"},"content":{"rendered":"\n<p><em>Servidores da Secretaria de Sa\u00fade apresentam o trabalho realizado na cidade<\/em><\/p>\n\n\n\n<p>Na manh\u00e3 desta segunda-feira (1), servidores da Secretaria de Sa\u00fade da Prefeitura de S\u00e3o Gon\u00e7alo participaram do 14\u00ba Congresso Brasileiro de Sa\u00fade Coletiva, considerado o maior evento do pa\u00eds para o debate, para produ\u00e7\u00e3o cient\u00edfica e fortalecimento do Sistema \u00danico de Sa\u00fade (SUS). O evento acontece no Centro Internacional de Conven\u00e7\u00f5es do Brasil (CICB), em Bras\u00edlia, at\u00e9 o dia 3 de dezembro.<\/p>\n\n\n\n<p>A equipe do N\u00facleo de Gest\u00e3o Integrada, da Aten\u00e7\u00e3o Prim\u00e1ria \u00e0 Sa\u00fade (NGI-APS) de S\u00e3o Gon\u00e7alo, composta pelos t\u00e9cnicos L\u00edvia Cardoso, F\u00e1bio Melo e Let\u00edcia Paula Duarte apresentou a experi\u00eancia de territorializa\u00e7\u00e3o, destacando o processo de an\u00e1lise situacional, constru\u00e7\u00e3o coletiva, integra\u00e7\u00e3o das equipes e uso de ferramentas estrat\u00e9gicas para qualificar o cuidado.<\/p>\n\n\n\n<figure class=\"wp-block-image size-large\"><img fetchpriority=\"high\" decoding=\"async\" width=\"768\" height=\"1024\" src=\"https:\/\/sgvaimudar.com.br\/wp-content\/uploads\/2025\/12\/unnamed-15-768x1024.jpg\" alt=\"\" class=\"wp-image-34269\" srcset=\"https:\/\/sgvaimudar.com.br\/wp-content\/uploads\/2025\/12\/unnamed-15-768x1024.jpg 768w, https:\/\/sgvaimudar.com.br\/wp-content\/uploads\/2025\/12\/unnamed-15-225x300.jpg 225w, https:\/\/sgvaimudar.com.br\/wp-content\/uploads\/2025\/12\/unnamed-15-1152x1536.jpg 1152w, https:\/\/sgvaimudar.com.br\/wp-content\/uploads\/2025\/12\/unnamed-15.jpg 1200w\" sizes=\"(max-width: 768px) 100vw, 768px\" \/><\/figure>\n\n\n\n<p>\u201cEsse congresso nacional acontece a cada dois anos e a nossa cidade nunca teve um representante l\u00e1. \u00c9 muito gratificante ver a nossa equipe de sa\u00fade participando e apresentando um trabalho realizado em S\u00e3o Gon\u00e7alo\u201d, destacou o secret\u00e1rio de Sa\u00fade, Gabriel Mello.&nbsp;<\/p>\n\n\n\n<p>\u201cRecebemos muitos elogios da plateia, que reconheceu a relev\u00e2ncia do trabalho e o potencial de replica\u00e7\u00e3o da experi\u00eancia em outros munic\u00edpios. Para n\u00f3s, esse retorno refor\u00e7a que estamos no caminho certo e que o investimento em planejamento territorializado \u00e9 fundamental para fortalecer redes de cuidado mais eficazes e centradas nas necessidades reais da popula\u00e7\u00e3o\u201d, afirmou a enfermeira L\u00edvia Cardoso, integrante do grupo t\u00e9cnico de NGI-APS.<\/p>\n\n\n\n<p><strong><em>S\u00e3o Gon\u00e7alo vai mudar: Not\u00edcias de S\u00e3o Gon\u00e7alo e toda regi\u00e3o.<\/em><\/strong><\/p>\n\n\n\n<figure class=\"wp-block-image size-large\"><img decoding=\"async\" width=\"1024\" height=\"1024\" src=\"https:\/\/sgvaimudar.com.br\/wp-content\/uploads\/2025\/11\/Logo.Natal_.2025-1024x1024.jpeg\" alt=\"\" class=\"wp-image-33728\" srcset=\"https:\/\/sgvaimudar.com.br\/wp-content\/uploads\/2025\/11\/Logo.Natal_.2025-1024x1024.jpeg 1024w, https:\/\/sgvaimudar.com.br\/wp-content\/uploads\/2025\/11\/Logo.Natal_.2025-300x300.jpeg 300w, https:\/\/sgvaimudar.com.br\/wp-content\/uploads\/2025\/11\/Logo.Natal_.2025-150x150.jpeg 150w, https:\/\/sgvaimudar.com.br\/wp-content\/uploads\/2025\/11\/Logo.Natal_.2025-768x768.jpeg 768w, https:\/\/sgvaimudar.com.br\/wp-content\/uploads\/2025\/11\/Logo.Natal_.2025-1536x1536.jpeg 1536w, https:\/\/sgvaimudar.com.br\/wp-content\/uploads\/2025\/11\/Logo.Natal_.2025.jpeg 1600w\" sizes=\"(max-width: 1024px) 100vw, 1024px\" \/><\/figure>\n","protected":false},"excerpt":{"rendered":"<p>Servidores da Secretaria de Sa\u00fade apresentam o trabalho realizado na cidade Na manh\u00e3 desta segunda-feira (1), servidores da Secretaria de&hellip;<\/p>\n","protected":false},"author":5,"featured_media":34271,"comment_status":"closed","ping_status":"open","sticky":false,"template":"","format":"standard","meta":{"fifu_image_url":"https:\/\/sgvaimudar.com.br\/wp-content\/uploads\/2025\/12\/unnamed-14.jpg","fifu_image_alt":"","footnotes":""},"categories":[7],"tags":[47,75],"class_list":["post-34267","post","type-post","status-publish","format-standard","has-post-thumbnail","hentry","category-saude","tag-rj","tag-sao-goncalo"],"_links":{"self":[{"href":"https:\/\/sgvaimudar.com.br\/index.php\/wp-json\/wp\/v2\/posts\/34267","targetHints":{"allow":["GET"]}}],"collection":[{"href":"https:\/\/sgvaimudar.com.br\/index.php\/wp-json\/wp\/v2\/posts"}],"about":[{"href":"https:\/\/sgvaimudar.com.br\/index.php\/wp-json\/wp\/v2\/types\/post"}],"author":[{"embeddable":true,"href":"https:\/\/sgvaimudar.com.br\/index.php\/wp-json\/wp\/v2\/users\/5"}],"replies":[{"embeddable":true,"href":"https:\/\/sgvaimudar.com.br\/index.php\/wp-json\/wp\/v2\/comments?post=34267"}],"version-history":[{"count":1,"href":"https:\/\/sgvaimudar.com.br\/index.php\/wp-json\/wp\/v2\/posts\/34267\/revisions"}],"predecessor-version":[{"id":34270,"href":"https:\/\/sgvaimudar.com.br\/index.php\/wp-json\/wp\/v2\/posts\/34267\/revisions\/34270"}],"wp:featuredmedia":[{"embeddable":true,"href":"https:\/\/sgvaimudar.com.br\/index.php\/wp-json\/wp\/v2\/media\/34271"}],"wp:attachment":[{"href":"https:\/\/sgvaimudar.com.br\/index.php\/wp-json\/wp\/v2\/media?parent=34267"}],"wp:term":[{"taxonomy":"category","embeddable":true,"href":"https:\/\/sgvaimudar.com.br\/index.php\/wp-json\/wp\/v2\/categories?post=34267"},{"taxonomy":"post_tag","embeddable":true,"href":"https:\/\/sgvaimudar.com.br\/index.php\/wp-json\/wp\/v2\/tags?post=34267"}],"curies":[{"name":"wp","href":"https:\/\/api.w.org\/{rel}","templated":true}]}}