{"id":34258,"date":"2025-12-04T18:00:00","date_gmt":"2025-12-04T21:00:00","guid":{"rendered":"https:\/\/sgvaimudar.com.br\/?p=34258"},"modified":"2025-12-04T09:57:26","modified_gmt":"2025-12-04T12:57:26","slug":"novas-quadras-esportivas-no-parque-rj-sao-goncalo-estao-quase-concluidas","status":"publish","type":"post","link":"https:\/\/sgvaimudar.com.br\/index.php\/2025\/12\/04\/novas-quadras-esportivas-no-parque-rj-sao-goncalo-estao-quase-concluidas\/","title":{"rendered":"Novas quadras esportivas no Parque RJ S\u00e3o Gon\u00e7alo est\u00e3o quase conclu\u00eddas"},"content":{"rendered":"\n<p><em>Nova \u00e1rea de lazer \u00e9 uma iniciativa do Governo do Estado em parceria com a Prefeitura de S\u00e3o Gon\u00e7alo<\/em><\/p>\n\n\n\n<p>As quatro quadras esportivas do Parque RJ S\u00e3o Gon\u00e7alo, no Boa Vista, j\u00e1 est\u00e3o quase conclu\u00eddas. A quadra de futebol society, por exemplo, j\u00e1 est\u00e1 pronta. As duas quadras de areia e a quadra poliesportiva est\u00e3o recebendo os ajustes finais. O Parque RJ, que vai inaugurar neste pr\u00f3ximo ver\u00e3o, ser\u00e1 uma nova \u00e1rea de lazer totalmente revitalizada, erguida no espa\u00e7o do antigo piscin\u00e3o. As obras do espa\u00e7o est\u00e3o 82% conclu\u00eddas.<\/p>\n\n\n\n<p>O Parque RJ \u00e9 uma iniciativa da Secretaria de Estado das Cidades, do Governo do Estado, em parceria com a Prefeitura de S\u00e3o Gon\u00e7alo, respons\u00e1vel pela elabora\u00e7\u00e3o do projeto. O investimento da obra \u00e9 de mais de R$ 44 milh\u00f5es.<\/p>\n\n\n\n<figure class=\"wp-block-image size-full\"><img fetchpriority=\"high\" decoding=\"async\" width=\"1024\" height=\"683\" src=\"https:\/\/sgvaimudar.com.br\/wp-content\/uploads\/2025\/12\/unnamed-10.jpg\" alt=\"\" class=\"wp-image-34259\" srcset=\"https:\/\/sgvaimudar.com.br\/wp-content\/uploads\/2025\/12\/unnamed-10.jpg 1024w, https:\/\/sgvaimudar.com.br\/wp-content\/uploads\/2025\/12\/unnamed-10-300x200.jpg 300w, https:\/\/sgvaimudar.com.br\/wp-content\/uploads\/2025\/12\/unnamed-10-768x512.jpg 768w\" sizes=\"(max-width: 1024px) 100vw, 1024px\" \/><\/figure>\n\n\n\n<p>Neste momento, est\u00e3o sendo realizados a execu\u00e7\u00e3o da cascata, a finaliza\u00e7\u00e3o do telhado do pr\u00e9dio administrativo assim como a execu\u00e7\u00e3o da pintura externa do edif\u00edcio, o acabamento dos banheiros e a finaliza\u00e7\u00e3o da concretagem da ciclovia. Tamb\u00e9m teve in\u00edcio a instala\u00e7\u00e3o do gradil do Parc\u00e3o. O paisagismo do Parque RJ tamb\u00e9m est\u00e1 avan\u00e7ando em parceria com a Secretaria de Conserva\u00e7\u00e3o da Prefeitura de S\u00e3o Gon\u00e7alo.<\/p>\n\n\n\n<p>&#8220;\u00c9 muito gratificante poder ver como vem sendo feito o Parque RJ! \u00c9 um trabalho que vem sendo realizado com dedica\u00e7\u00e3o dia ap\u00f3s dia. Estamos muito orgulhosos com a implementa\u00e7\u00e3o de mais esse projeto. Ser\u00e1 uma \u00e1rea totalmente revitalizada, com novos equipamentos, incentivando o lazer e o esporte. Agrade\u00e7o ao governador Cl\u00e1udio Castro, ao secret\u00e1rio de Estado das Cidades Douglas Ruas e ao deputado federal Altineu Cort\u00eas pelo apoio&#8221;, disse o prefeito Capit\u00e3o Nelson.<\/p>\n\n\n\n<figure class=\"wp-block-image size-full\"><img decoding=\"async\" width=\"1024\" height=\"683\" src=\"https:\/\/sgvaimudar.com.br\/wp-content\/uploads\/2025\/12\/unnamed-11.jpg\" alt=\"\" class=\"wp-image-34261\" srcset=\"https:\/\/sgvaimudar.com.br\/wp-content\/uploads\/2025\/12\/unnamed-11.jpg 1024w, https:\/\/sgvaimudar.com.br\/wp-content\/uploads\/2025\/12\/unnamed-11-300x200.jpg 300w, https:\/\/sgvaimudar.com.br\/wp-content\/uploads\/2025\/12\/unnamed-11-768x512.jpg 768w\" sizes=\"(max-width: 1024px) 100vw, 1024px\" \/><\/figure>\n\n\n\n<p>\u201cSeguindo a determina\u00e7\u00e3o do governador Cl\u00e1udio Castro, avan\u00e7amos com as obras do Parque RJ, que j\u00e1 representam uma grande conquista para S\u00e3o Gon\u00e7alo. As quadras est\u00e3o praticamente prontas e, neste ver\u00e3o, entregaremos o maior espa\u00e7o de lazer do leste fluminense\u201d, afirmou o secret\u00e1rio de Estado das Cidades, Douglas Ruas.<\/p>\n\n\n\n<p>O antigo piscin\u00e3o, que estava desativado h\u00e1 anos, est\u00e1 sendo substitu\u00eddo por uma grande \u00e1rea de lazer com skate park, ciclovia, cascata, quadra poliesportiva, quadras de areia, campo de futebol society, \u00e1rea de conviv\u00eancia para piquenique, pista de atletismo, \u00e1rea de eventos para shows e atividades culturais para at\u00e9 15 mil pessoas, parque infantil, academia de jovens e idosos, espa\u00e7o de mem\u00f3rias (para intera\u00e7\u00e3o no local), guarita para a Guarda Municipal, pr\u00e9dio administrativo e banheiro.<\/p>\n\n\n\n<p>No local, foram constru\u00eddos estacionamentos que somam mais de 150 vagas para carros, com vagas exclusivas para pessoas com defici\u00eancia (PcDs). Um elevador tamb\u00e9m ser\u00e1 instalado no pr\u00e9dio administrativo e rampas de acesso foram constru\u00eddas em diversos pontos, tamb\u00e9m para garantir o acesso de pessoas com defici\u00eancia no local.<\/p>\n\n\n\n<p><em>Foto: Fabio Guimar\u00e3es<\/em><\/p>\n\n\n\n<p><strong><em>S\u00e3o Gon\u00e7alo vai mudar: Not\u00edcias de S\u00e3o Gon\u00e7alo e toda regi\u00e3o.<\/em><\/strong><\/p>\n\n\n\n<figure class=\"wp-block-video\"><video height=\"1280\" style=\"aspect-ratio: 720 \/ 1280;\" width=\"720\" controls src=\"https:\/\/sgvaimudar.com.br\/wp-content\/uploads\/2025\/11\/Natal.2025.SGVM_.mp4\"><\/video><\/figure>\n","protected":false},"excerpt":{"rendered":"<p>Nova \u00e1rea de lazer \u00e9 uma iniciativa do Governo do Estado em parceria com a Prefeitura de S\u00e3o Gon\u00e7alo As&hellip;<\/p>\n","protected":false},"author":5,"featured_media":34263,"comment_status":"closed","ping_status":"open","sticky":false,"template":"","format":"standard","meta":{"fifu_image_url":"https:\/\/sgvaimudar.com.br\/wp-content\/uploads\/2025\/12\/unnamed-12.jpg","fifu_image_alt":"","footnotes":""},"categories":[5],"tags":[161,372,373,47,75],"class_list":["post-34258","post","type-post","status-publish","format-standard","has-post-thumbnail","hentry","category-esportes","tag-lazer","tag-parquerj","tag-quadras","tag-rj","tag-sao-goncalo"],"_links":{"self":[{"href":"https:\/\/sgvaimudar.com.br\/index.php\/wp-json\/wp\/v2\/posts\/34258","targetHints":{"allow":["GET"]}}],"collection":[{"href":"https:\/\/sgvaimudar.com.br\/index.php\/wp-json\/wp\/v2\/posts"}],"about":[{"href":"https:\/\/sgvaimudar.com.br\/index.php\/wp-json\/wp\/v2\/types\/post"}],"author":[{"embeddable":true,"href":"https:\/\/sgvaimudar.com.br\/index.php\/wp-json\/wp\/v2\/users\/5"}],"replies":[{"embeddable":true,"href":"https:\/\/sgvaimudar.com.br\/index.php\/wp-json\/wp\/v2\/comments?post=34258"}],"version-history":[{"count":1,"href":"https:\/\/sgvaimudar.com.br\/index.php\/wp-json\/wp\/v2\/posts\/34258\/revisions"}],"predecessor-version":[{"id":34262,"href":"https:\/\/sgvaimudar.com.br\/index.php\/wp-json\/wp\/v2\/posts\/34258\/revisions\/34262"}],"wp:featuredmedia":[{"embeddable":true,"href":"https:\/\/sgvaimudar.com.br\/index.php\/wp-json\/wp\/v2\/media\/34263"}],"wp:attachment":[{"href":"https:\/\/sgvaimudar.com.br\/index.php\/wp-json\/wp\/v2\/media?parent=34258"}],"wp:term":[{"taxonomy":"category","embeddable":true,"href":"https:\/\/sgvaimudar.com.br\/index.php\/wp-json\/wp\/v2\/categories?post=34258"},{"taxonomy":"post_tag","embeddable":true,"href":"https:\/\/sgvaimudar.com.br\/index.php\/wp-json\/wp\/v2\/tags?post=34258"}],"curies":[{"name":"wp","href":"https:\/\/api.w.org\/{rel}","templated":true}]}}