{"id":34253,"date":"2025-12-04T17:00:00","date_gmt":"2025-12-04T20:00:00","guid":{"rendered":"https:\/\/sgvaimudar.com.br\/?p=34253"},"modified":"2025-12-04T09:52:48","modified_gmt":"2025-12-04T12:52:48","slug":"concurso-da-corte-do-carnaval-de-sao-goncalo-2026-acontece-neste-sabado-6","status":"publish","type":"post","link":"https:\/\/sgvaimudar.com.br\/index.php\/2025\/12\/04\/concurso-da-corte-do-carnaval-de-sao-goncalo-2026-acontece-neste-sabado-6\/","title":{"rendered":"Concurso da Corte do Carnaval de S\u00e3o Gon\u00e7alo 2026 acontece neste s\u00e1bado (6)"},"content":{"rendered":"\n<p><em>Ser\u00e3o escolhidos o Rei Momo, a rainha do Carnaval e suas princesas no Centro de Tradi\u00e7\u00f5es Nordestinas de Neves<\/em><\/p>\n\n\n\n<p>Neste s\u00e1bado (6), vai acontecer o Concurso da Corte do Carnaval de S\u00e3o Gon\u00e7alo 2026, que integra a programa\u00e7\u00e3o oficial do projeto \u201cCarnaval SG 2026 \u2013 O Carnaval da Retomada\u201d, um marco hist\u00f3rico que representa a reconstru\u00e7\u00e3o do carnaval gon\u00e7alense ap\u00f3s mais de uma d\u00e9cada sem desfiles oficiais das escolas de samba na cidade.<\/p>\n\n\n\n<p>O evento ser\u00e1 realizado no Centro de Tradi\u00e7\u00f5es Nordestinas de Neves, a partir das 12h, sob a coordena\u00e7\u00e3o da Liga Independente das Escolas de Samba, Blocos de Carnaval e Cultura Popular de S\u00e3o Gon\u00e7alo (LIGA SG). em parceria com a Secretaria de Turismo e Cultura da Prefeitura de S\u00e3o Gon\u00e7alo.<\/p>\n\n\n\n<figure class=\"wp-block-image size-large\"><img fetchpriority=\"high\" decoding=\"async\" width=\"768\" height=\"1024\" src=\"https:\/\/sgvaimudar.com.br\/wp-content\/uploads\/2025\/12\/unnamed-9-768x1024.jpg\" alt=\"\" class=\"wp-image-34254\" srcset=\"https:\/\/sgvaimudar.com.br\/wp-content\/uploads\/2025\/12\/unnamed-9-768x1024.jpg 768w, https:\/\/sgvaimudar.com.br\/wp-content\/uploads\/2025\/12\/unnamed-9-225x300.jpg 225w, https:\/\/sgvaimudar.com.br\/wp-content\/uploads\/2025\/12\/unnamed-9.jpg 1080w\" sizes=\"(max-width: 768px) 100vw, 768px\" \/><\/figure>\n\n\n\n<p>Inspirado nos concursos tradicionais do Rio de Janeiro e de outras capitais carnavalescas, o projeto visa eleger o Rei Momo do Carnaval de 2026, a rainha do Carnaval e suas 1\u00aa e 2\u00aa princesas, personalidades que representar\u00e3o oficialmente o esp\u00edrito, a alegria e a diversidade do povo gon\u00e7alense durante o Carnaval da Retomada.&nbsp;<\/p>\n\n\n\n<p>A noite da grande final contar\u00e1 com atra\u00e7\u00f5es culturais e musicais, incluindo uma apresenta\u00e7\u00e3o especial do G.R.E.S. Portela, s\u00edmbolo m\u00e1ximo da tradi\u00e7\u00e3o do samba carioca, abrilhantando ainda mais o momento que abrir\u00e1 o ciclo oficial das festividades de 2026.<\/p>\n\n\n\n<p>Os participantes ser\u00e3o avaliados por uma comiss\u00e3o julgadora composta por representantes culturais, artistas, jornalistas e membros da sociedade civil. Os crit\u00e9rios de avalia\u00e7\u00e3o incluir\u00e3o:&nbsp;<\/p>\n\n\n\n<p>-Samba no p\u00e9;&nbsp;<\/p>\n\n\n\n<p>-Carisma e simpatia;&nbsp;<\/p>\n\n\n\n<p>-Comunica\u00e7\u00e3o e desenvoltura;&nbsp;<\/p>\n\n\n\n<p>-Presen\u00e7a de palco;&nbsp;<\/p>\n\n\n\n<p>-Engajamento com a cultura e a comunidade.<\/p>\n\n\n\n<p>Os vencedores receber\u00e3o pr\u00eamios em dinheiro e atuar\u00e3o como embaixadores oficiais do Carnaval SG 2026.<\/p>\n\n\n\n<p><strong><em>S\u00e3o Gon\u00e7alo vai mudar: Not\u00edcias de S\u00e3o Gon\u00e7alo e toda regi\u00e3o.<\/em><\/strong><\/p>\n\n\n\n<figure class=\"wp-block-image size-large\"><img decoding=\"async\" width=\"1024\" height=\"1024\" src=\"https:\/\/sgvaimudar.com.br\/wp-content\/uploads\/2025\/11\/Logo.Natal_.2025-1024x1024.jpeg\" alt=\"\" class=\"wp-image-33728\" srcset=\"https:\/\/sgvaimudar.com.br\/wp-content\/uploads\/2025\/11\/Logo.Natal_.2025-1024x1024.jpeg 1024w, https:\/\/sgvaimudar.com.br\/wp-content\/uploads\/2025\/11\/Logo.Natal_.2025-300x300.jpeg 300w, https:\/\/sgvaimudar.com.br\/wp-content\/uploads\/2025\/11\/Logo.Natal_.2025-150x150.jpeg 150w, https:\/\/sgvaimudar.com.br\/wp-content\/uploads\/2025\/11\/Logo.Natal_.2025-768x768.jpeg 768w, https:\/\/sgvaimudar.com.br\/wp-content\/uploads\/2025\/11\/Logo.Natal_.2025-1536x1536.jpeg 1536w, https:\/\/sgvaimudar.com.br\/wp-content\/uploads\/2025\/11\/Logo.Natal_.2025.jpeg 1600w\" sizes=\"(max-width: 1024px) 100vw, 1024px\" \/><\/figure>\n","protected":false},"excerpt":{"rendered":"<p>Ser\u00e3o escolhidos o Rei Momo, a rainha do Carnaval e suas princesas no Centro de Tradi\u00e7\u00f5es Nordestinas de Neves Neste&hellip;<\/p>\n","protected":false},"author":5,"featured_media":34257,"comment_status":"closed","ping_status":"open","sticky":false,"template":"","format":"standard","meta":{"fifu_image_url":"https:\/\/sgvaimudar.com.br\/wp-content\/uploads\/2025\/12\/Foto-de-Luiz-Carvalho-CentroTradicoesNordestinas.PMSG-17mai2024-22-500x439-1.jpg","fifu_image_alt":"","footnotes":""},"categories":[6],"tags":[371,370,368,369,47,75],"class_list":["post-34253","post","type-post","status-publish","format-standard","has-post-thumbnail","hentry","category-entretenimento","tag-371","tag-carnaval","tag-concurso","tag-corte","tag-rj","tag-sao-goncalo"],"_links":{"self":[{"href":"https:\/\/sgvaimudar.com.br\/index.php\/wp-json\/wp\/v2\/posts\/34253","targetHints":{"allow":["GET"]}}],"collection":[{"href":"https:\/\/sgvaimudar.com.br\/index.php\/wp-json\/wp\/v2\/posts"}],"about":[{"href":"https:\/\/sgvaimudar.com.br\/index.php\/wp-json\/wp\/v2\/types\/post"}],"author":[{"embeddable":true,"href":"https:\/\/sgvaimudar.com.br\/index.php\/wp-json\/wp\/v2\/users\/5"}],"replies":[{"embeddable":true,"href":"https:\/\/sgvaimudar.com.br\/index.php\/wp-json\/wp\/v2\/comments?post=34253"}],"version-history":[{"count":1,"href":"https:\/\/sgvaimudar.com.br\/index.php\/wp-json\/wp\/v2\/posts\/34253\/revisions"}],"predecessor-version":[{"id":34256,"href":"https:\/\/sgvaimudar.com.br\/index.php\/wp-json\/wp\/v2\/posts\/34253\/revisions\/34256"}],"wp:featuredmedia":[{"embeddable":true,"href":"https:\/\/sgvaimudar.com.br\/index.php\/wp-json\/wp\/v2\/media\/34257"}],"wp:attachment":[{"href":"https:\/\/sgvaimudar.com.br\/index.php\/wp-json\/wp\/v2\/media?parent=34253"}],"wp:term":[{"taxonomy":"category","embeddable":true,"href":"https:\/\/sgvaimudar.com.br\/index.php\/wp-json\/wp\/v2\/categories?post=34253"},{"taxonomy":"post_tag","embeddable":true,"href":"https:\/\/sgvaimudar.com.br\/index.php\/wp-json\/wp\/v2\/tags?post=34253"}],"curies":[{"name":"wp","href":"https:\/\/api.w.org\/{rel}","templated":true}]}}