{"id":34248,"date":"2025-12-04T16:00:00","date_gmt":"2025-12-04T19:00:00","guid":{"rendered":"https:\/\/sgvaimudar.com.br\/?p=34248"},"modified":"2025-12-04T09:44:34","modified_gmt":"2025-12-04T12:44:34","slug":"mobilidade-em-alta-mudancas-de-transito-na-trindade-ja-estao-em-vigor","status":"publish","type":"post","link":"https:\/\/sgvaimudar.com.br\/index.php\/2025\/12\/04\/mobilidade-em-alta-mudancas-de-transito-na-trindade-ja-estao-em-vigor\/","title":{"rendered":"Mobilidade em alta: Mudan\u00e7as de tr\u00e2nsito na Trindade j\u00e1 est\u00e3o em vigor\u00a0"},"content":{"rendered":"\n<p><em>Altera\u00e7\u00f5es definitivas visam melhorar fluidez no sistema vi\u00e1rio ao longo do Mobilidade Urbana Verde Integrada (Muvi)<\/em><\/p>\n\n\n\n<p>A nova altera\u00e7\u00e3o no tr\u00e2nsito realizada pela Secretaria de Meio Ambiente e Transportes da Prefeitura de S\u00e3o Gon\u00e7alo, no bairro da Trindade, teve in\u00edcio, nesta quarta-feira (3). A mudan\u00e7a, que ser\u00e1 definitiva, visa melhorar a fluidez no sistema vi\u00e1rio ao longo do Mobilidade Urbana Verde Integrada (Muvi). Guardas municipais est\u00e3o no local orientando os motoristas.<\/p>\n\n\n\n<p>A pasta explicou que com a mudan\u00e7a, a Avenida Jos\u00e9 Manna J\u00fanior agora possui sentido \u00fanico de circula\u00e7\u00e3o no trecho entre a Avenida Presidente Kennedy at\u00e9 a Rua Taubat\u00e9. As ruas Sorocaba e Taubat\u00e9 tamb\u00e9m possuem sentido \u00fanico de circula\u00e7\u00e3o: na Rua Sorocaba, o sentido \u00e9 da Rua Pastor Waldemar Zarro para a Avenida Jos\u00e9 Manna J\u00fanior; j\u00e1 a Rua Taubat\u00e9 tem sentido da Avenida Jos\u00e9 Manna J\u00fanior para a Rua Pastor Waldemar Zarro.<\/p>\n\n\n\n<figure class=\"wp-block-image size-large\"><img fetchpriority=\"high\" decoding=\"async\" width=\"1024\" height=\"684\" src=\"https:\/\/sgvaimudar.com.br\/wp-content\/uploads\/2025\/12\/unnamed-5-1-1024x684.jpg\" alt=\"\" class=\"wp-image-34249\" srcset=\"https:\/\/sgvaimudar.com.br\/wp-content\/uploads\/2025\/12\/unnamed-5-1-1024x684.jpg 1024w, https:\/\/sgvaimudar.com.br\/wp-content\/uploads\/2025\/12\/unnamed-5-1-300x200.jpg 300w, https:\/\/sgvaimudar.com.br\/wp-content\/uploads\/2025\/12\/unnamed-5-1-768x513.jpg 768w, https:\/\/sgvaimudar.com.br\/wp-content\/uploads\/2025\/12\/unnamed-5-1-1536x1027.jpg 1536w, https:\/\/sgvaimudar.com.br\/wp-content\/uploads\/2025\/12\/unnamed-5-1.jpg 1616w\" sizes=\"(max-width: 1024px) 100vw, 1024px\" \/><\/figure>\n\n\n\n<p>&#8220;Agora, s\u00f3 \u00e9 poss\u00edvel passar pela Avenida Jos\u00e9 Manna J\u00fanior diretamente quem vem da Avenida Presidente Kennedy desde o 7\u00b0 BPM. Os ve\u00edculos que t\u00eam origem na Travessa Carlos Cruz, na Ponte Seca, devem obrigatoriamente passar pela Avenida Presidente Kennedy, pela Rua Pastor Waldemar Zarro e pela Rua Sorocaba, virando na Avenida Jos\u00e9 Manna J\u00fanior&#8221;, afirmou o Executivo na nota.<\/p>\n\n\n\n<p>J\u00e1 aqueles que vem da Pra\u00e7a Leonor Correia, na Trindade, devem passar pelo in\u00edcio da Avenida Jos\u00e9 Manna J\u00fanior (parte que ainda ter\u00e1 duplo sentido de circula\u00e7\u00e3o), virando na Rua Taubat\u00e9, seguindo pela Rua Pastor Waldemar Zarro e pela Avenida Presidente Kennedy.<\/p>\n\n\n\n<p>O Muvi \u00e9 o maior projeto de mobilidade urbana j\u00e1 realizado na cidade de S\u00e3o Gon\u00e7alo, com investimento de R$ 287 milh\u00f5es, e est\u00e1 sendo executado atrav\u00e9s de uma parceria entre o Governo do Estado do Rio de Janeiro, atrav\u00e9s da Secretaria das Cidades, e a Prefeitura de S\u00e3o Gon\u00e7alo. O Projeto tem in\u00edcio em Neves e vai seguir at\u00e9 Guaxindiba, passando por v\u00e1rios bairros.<\/p>\n\n\n\n<p><em>Foto: Renan Otto<\/em><\/p>\n\n\n\n<p><strong><em>S\u00e3o Gon\u00e7alo vai mudar: Not\u00edcias de S\u00e3o Gon\u00e7alo e toda regi\u00e3o.<\/em><\/strong><\/p>\n\n\n\n<figure class=\"wp-block-video\"><video height=\"1280\" style=\"aspect-ratio: 720 \/ 1280;\" width=\"720\" controls src=\"https:\/\/sgvaimudar.com.br\/wp-content\/uploads\/2025\/11\/Natal.2025.SGVM_.mp4\"><\/video><\/figure>\n","protected":false},"excerpt":{"rendered":"<p>Altera\u00e7\u00f5es definitivas visam melhorar fluidez no sistema vi\u00e1rio ao longo do Mobilidade Urbana Verde Integrada (Muvi) A nova altera\u00e7\u00e3o no&hellip;<\/p>\n","protected":false},"author":5,"featured_media":34252,"comment_status":"closed","ping_status":"open","sticky":false,"template":"","format":"standard","meta":{"fifu_image_url":"https:\/\/sgvaimudar.com.br\/wp-content\/uploads\/2025\/12\/unnamed-6-1.jpg","fifu_image_alt":"","footnotes":""},"categories":[3],"tags":[315,47,75,48,112],"class_list":["post-34248","post","type-post","status-publish","format-standard","has-post-thumbnail","hentry","category-sao-goncalo","tag-muvi","tag-rj","tag-sao-goncalo","tag-transito","tag-trindade"],"_links":{"self":[{"href":"https:\/\/sgvaimudar.com.br\/index.php\/wp-json\/wp\/v2\/posts\/34248","targetHints":{"allow":["GET"]}}],"collection":[{"href":"https:\/\/sgvaimudar.com.br\/index.php\/wp-json\/wp\/v2\/posts"}],"about":[{"href":"https:\/\/sgvaimudar.com.br\/index.php\/wp-json\/wp\/v2\/types\/post"}],"author":[{"embeddable":true,"href":"https:\/\/sgvaimudar.com.br\/index.php\/wp-json\/wp\/v2\/users\/5"}],"replies":[{"embeddable":true,"href":"https:\/\/sgvaimudar.com.br\/index.php\/wp-json\/wp\/v2\/comments?post=34248"}],"version-history":[{"count":1,"href":"https:\/\/sgvaimudar.com.br\/index.php\/wp-json\/wp\/v2\/posts\/34248\/revisions"}],"predecessor-version":[{"id":34251,"href":"https:\/\/sgvaimudar.com.br\/index.php\/wp-json\/wp\/v2\/posts\/34248\/revisions\/34251"}],"wp:featuredmedia":[{"embeddable":true,"href":"https:\/\/sgvaimudar.com.br\/index.php\/wp-json\/wp\/v2\/media\/34252"}],"wp:attachment":[{"href":"https:\/\/sgvaimudar.com.br\/index.php\/wp-json\/wp\/v2\/media?parent=34248"}],"wp:term":[{"taxonomy":"category","embeddable":true,"href":"https:\/\/sgvaimudar.com.br\/index.php\/wp-json\/wp\/v2\/categories?post=34248"},{"taxonomy":"post_tag","embeddable":true,"href":"https:\/\/sgvaimudar.com.br\/index.php\/wp-json\/wp\/v2\/tags?post=34248"}],"curies":[{"name":"wp","href":"https:\/\/api.w.org\/{rel}","templated":true}]}}