{"id":34243,"date":"2025-12-04T15:00:00","date_gmt":"2025-12-04T18:00:00","guid":{"rendered":"https:\/\/sgvaimudar.com.br\/?p=34243"},"modified":"2025-12-04T09:38:17","modified_gmt":"2025-12-04T12:38:17","slug":"assistidos-do-centro-de-referencia-do-autista-em-sao-goncalo-trocam-faixa-no-jiu-jitsu","status":"publish","type":"post","link":"https:\/\/sgvaimudar.com.br\/index.php\/2025\/12\/04\/assistidos-do-centro-de-referencia-do-autista-em-sao-goncalo-trocam-faixa-no-jiu-jitsu\/","title":{"rendered":"Assistidos do Centro de Refer\u00eancia do Autista em S\u00e3o Gon\u00e7alo trocam faixa no Jiu-J\u00edtsu"},"content":{"rendered":"\n<p><em>Esporte \u00e9 oferecido como ferramenta para desenvolvimento e disciplina dos atletas<\/em><\/p>\n\n\n\n<p>Ap\u00f3s quatro meses do in\u00edcio das aulas, o Centro de Refer\u00eancia Municipal do Autista Marlene Fel\u00edcio Faria (CRMA), no Centro, realizou, nesta ter\u00e7a-feira (2), a primeira troca de faixa dos atendidos que praticam Jiu-J\u00edtsu. Ao todo, 20 alunos trocaram a faixa branca pela faixa cinza e branca, mostrando a evolu\u00e7\u00e3o e o comprometimento com a arte marcial.<\/p>\n\n\n\n<p>\u201cCada cor de faixa simboliza uma etapa na evolu\u00e7\u00e3o de cada aluno e \u00e9 importante fazer essa cerim\u00f4nia como ato simb\u00f3lico, que marca toda a trajet\u00f3ria que eles tiveram ao longo do tempo dentro do Jiu-J\u00edtsu. Todos aqui apresentaram evolu\u00e7\u00e3o t\u00e9cnica, cada um no seu tempo, e s\u00e3o merecedores da faixa cinza e branca\u201d, afirmou o professor Julio Sinhorello.<\/p>\n\n\n\n<figure class=\"wp-block-image size-large\"><img fetchpriority=\"high\" decoding=\"async\" width=\"1024\" height=\"684\" src=\"https:\/\/sgvaimudar.com.br\/wp-content\/uploads\/2025\/12\/unnamed-3-1-1024x684.jpg\" alt=\"\" class=\"wp-image-34244\" srcset=\"https:\/\/sgvaimudar.com.br\/wp-content\/uploads\/2025\/12\/unnamed-3-1-1024x684.jpg 1024w, https:\/\/sgvaimudar.com.br\/wp-content\/uploads\/2025\/12\/unnamed-3-1-300x200.jpg 300w, https:\/\/sgvaimudar.com.br\/wp-content\/uploads\/2025\/12\/unnamed-3-1-768x513.jpg 768w, https:\/\/sgvaimudar.com.br\/wp-content\/uploads\/2025\/12\/unnamed-3-1-1536x1027.jpg 1536w, https:\/\/sgvaimudar.com.br\/wp-content\/uploads\/2025\/12\/unnamed-3-1.jpg 1616w\" sizes=\"(max-width: 1024px) 100vw, 1024px\" \/><\/figure>\n\n\n\n<p>O secret\u00e1rio de Educa\u00e7\u00e3o da Prefeitura de S\u00e3o Gon\u00e7alo, Mauricio Nascimento, prestigiou o evento e conversou com os respons\u00e1veis sobre a import\u00e2ncia do esporte no desenvolvimento e na disciplina dos alunos. Ele destacou que iniciativas como essa fortalecem valores essenciais, como o trabalho em equipe, a perseveran\u00e7a e o respeito, al\u00e9m de contribu\u00edrem para a melhoria do desempenho escolar.<\/p>\n\n\n\n<p>\u201cA proposta de trazer o Jiu-j\u00edtsu para o CRMA vai muito al\u00e9m de formar atletas e campe\u00f5es, a nossa inten\u00e7\u00e3o \u00e9 formar cidad\u00e3os, com disciplina e todos os ensinamentos da arte marcial. Os alunos est\u00e3o de parab\u00e9ns pelo empenho no esporte e voc\u00eas podem ter certeza que isso ter\u00e1 reflexos em todas as \u00e1reas da vida\u201d, disse.<\/p>\n\n\n\n<p><em>Foto: Renan Otto<\/em><\/p>\n\n\n\n<p><strong><em>S\u00e3o Gon\u00e7alo vai mudar: Not\u00edcias de S\u00e3o Gon\u00e7alo e toda regi\u00e3o.<\/em><\/strong><\/p>\n\n\n\n<figure class=\"wp-block-video\"><video height=\"1280\" style=\"aspect-ratio: 720 \/ 1280;\" width=\"720\" controls src=\"https:\/\/sgvaimudar.com.br\/wp-content\/uploads\/2025\/11\/Natal.2025.SGVM_.mp4\"><\/video><\/figure>\n","protected":false},"excerpt":{"rendered":"<p>Esporte \u00e9 oferecido como ferramenta para desenvolvimento e disciplina dos atletas Ap\u00f3s quatro meses do in\u00edcio das aulas, o Centro&hellip;<\/p>\n","protected":false},"author":5,"featured_media":34247,"comment_status":"closed","ping_status":"open","sticky":false,"template":"","format":"standard","meta":{"fifu_image_url":"https:\/\/sgvaimudar.com.br\/wp-content\/uploads\/2025\/12\/unnamed-2-1.jpg","fifu_image_alt":"","footnotes":""},"categories":[5],"tags":[366,177,365,367,47,75],"class_list":["post-34243","post","type-post","status-publish","format-standard","has-post-thumbnail","hentry","category-esportes","tag-assistidos","tag-aulas","tag-autistas","tag-jiu-jitsu","tag-rj","tag-sao-goncalo"],"_links":{"self":[{"href":"https:\/\/sgvaimudar.com.br\/index.php\/wp-json\/wp\/v2\/posts\/34243","targetHints":{"allow":["GET"]}}],"collection":[{"href":"https:\/\/sgvaimudar.com.br\/index.php\/wp-json\/wp\/v2\/posts"}],"about":[{"href":"https:\/\/sgvaimudar.com.br\/index.php\/wp-json\/wp\/v2\/types\/post"}],"author":[{"embeddable":true,"href":"https:\/\/sgvaimudar.com.br\/index.php\/wp-json\/wp\/v2\/users\/5"}],"replies":[{"embeddable":true,"href":"https:\/\/sgvaimudar.com.br\/index.php\/wp-json\/wp\/v2\/comments?post=34243"}],"version-history":[{"count":1,"href":"https:\/\/sgvaimudar.com.br\/index.php\/wp-json\/wp\/v2\/posts\/34243\/revisions"}],"predecessor-version":[{"id":34246,"href":"https:\/\/sgvaimudar.com.br\/index.php\/wp-json\/wp\/v2\/posts\/34243\/revisions\/34246"}],"wp:featuredmedia":[{"embeddable":true,"href":"https:\/\/sgvaimudar.com.br\/index.php\/wp-json\/wp\/v2\/media\/34247"}],"wp:attachment":[{"href":"https:\/\/sgvaimudar.com.br\/index.php\/wp-json\/wp\/v2\/media?parent=34243"}],"wp:term":[{"taxonomy":"category","embeddable":true,"href":"https:\/\/sgvaimudar.com.br\/index.php\/wp-json\/wp\/v2\/categories?post=34243"},{"taxonomy":"post_tag","embeddable":true,"href":"https:\/\/sgvaimudar.com.br\/index.php\/wp-json\/wp\/v2\/tags?post=34243"}],"curies":[{"name":"wp","href":"https:\/\/api.w.org\/{rel}","templated":true}]}}