{"id":34238,"date":"2025-12-04T14:00:00","date_gmt":"2025-12-04T17:00:00","guid":{"rendered":"https:\/\/sgvaimudar.com.br\/?p=34238"},"modified":"2025-12-04T09:31:49","modified_gmt":"2025-12-04T12:31:49","slug":"prefeitura-inscreve-para-cursos-de-panificacao-e-de-confeitaria","status":"publish","type":"post","link":"https:\/\/sgvaimudar.com.br\/index.php\/2025\/12\/04\/prefeitura-inscreve-para-cursos-de-panificacao-e-de-confeitaria\/","title":{"rendered":"Prefeitura inscreve para cursos de panifica\u00e7\u00e3o e de confeitaria"},"content":{"rendered":"\n<p><em>Aulas das novas turmas come\u00e7am em fevereiro de 2026<\/em><\/p>\n\n\n\n<p>A Secretaria de Assist\u00eancia Social da Prefeitura de S\u00e3o Gon\u00e7alo est\u00e1 com inscri\u00e7\u00f5es abertas para mais uma turma dos cursos de Panifica\u00e7\u00e3o e de Confeitaria, que ocorrem na Padaria Escola, em Vista Alegre. As vagas s\u00e3o limitadas e as aulas come\u00e7am em fevereiro de 2026.<\/p>\n\n\n\n<p>As inscri\u00e7\u00f5es podem ser realizadas, presencialmente, no polo Vista Alegre \u2013 Estrada S\u00e3o Pedro, de segunda a sexta-feira, das 8h \u00e0s 15h. Os interessados devem apresentar o n\u00famero de Identifica\u00e7\u00e3o Social (NIS), CPF e um comprovante de resid\u00eancia. <\/p>\n\n\n\n<figure class=\"wp-block-image size-large\"><img fetchpriority=\"high\" decoding=\"async\" width=\"819\" height=\"1024\" src=\"https:\/\/sgvaimudar.com.br\/wp-content\/uploads\/2025\/12\/unnamed-1-1-819x1024.jpg\" alt=\"\" class=\"wp-image-34239\" srcset=\"https:\/\/sgvaimudar.com.br\/wp-content\/uploads\/2025\/12\/unnamed-1-1-819x1024.jpg 819w, https:\/\/sgvaimudar.com.br\/wp-content\/uploads\/2025\/12\/unnamed-1-1-240x300.jpg 240w, https:\/\/sgvaimudar.com.br\/wp-content\/uploads\/2025\/12\/unnamed-1-1-768x960.jpg 768w, https:\/\/sgvaimudar.com.br\/wp-content\/uploads\/2025\/12\/unnamed-1-1.jpg 1080w\" sizes=\"(max-width: 819px) 100vw, 819px\" \/><\/figure>\n\n\n\n<p>As inscri\u00e7\u00f5es tamb\u00e9m podem se feitas atrav\u00e9s do formul\u00e1rio:\u00a0<a rel=\"noreferrer noopener\" href=\"https:\/\/click.cse360.com.br\/Click\/AddCampaignEmailClick\/6493a465-e7d5-4d4f-6975-08de31a3adfa\/https%253a%252f%252fdocs.google.com%252fforms%252fd%252fe%252f1FAIpQLSdFxzSOOzTSdTtAoHWxubyFBwzQMjLH8cAPzXzSrG8eppO9Mg%252fviewform%253fusp%253dsf_link\/ac66966e-2b55-4484-fb2c-08dc491eed5f\/jornalistaws@gmail.com\/False\" target=\"_blank\">https:\/\/docs.google.com\/forms\/d\/e\/1FAIpQLSdFxzSOOzTSdTtAoHWxubyFBwzQMjLH8cAPzXzSrG8eppO9Mg\/viewform?usp=sf_link<\/a>. Ao todo, ser\u00e3o 100 vagas para o curso de panifica\u00e7\u00e3o e 60 para a confeitaria.<\/p>\n\n\n\n<p>As aulas de panifica\u00e7\u00e3o b\u00e1sica ir\u00e3o acontecer \u00e0s segundas e ter\u00e7as, com turmas no per\u00edodo da manh\u00e3, das 9h \u00e0s 12h, e no per\u00edodo da tarde, das 13h \u00e0s 16h. E o curso de confeitaria ter\u00e1 aulas \u00e0s quartas e quintas, com turmas nos mesmos hor\u00e1rios.<\/p>\n\n\n\n<p>Os cursos s\u00e3o promovidos pela Prefeitura de S\u00e3o Gon\u00e7alo, por meio da Secretaria de Assist\u00eancia Social, atrav\u00e9s da Subsecretaria de Prote\u00e7\u00e3o Social B\u00e1sica, em parceria com o Programa Nacional de Promo\u00e7\u00e3o ao Acesso ao Mundo do Trabalho (Acessuas), do Governo Federal.<\/p>\n\n\n\n<p><strong><em>S\u00e3o Gon\u00e7alo vai mudar: Not\u00edcias de S\u00e3o Gon\u00e7alo e toda regi\u00e3o.<\/em><\/strong><\/p>\n\n\n\n<figure class=\"wp-block-video\"><video height=\"560\" style=\"aspect-ratio: 560 \/ 560;\" width=\"560\" controls src=\"https:\/\/sgvaimudar.com.br\/wp-content\/uploads\/2025\/11\/WhatsApp-Video-2025.NATAL_.mp4\"><\/video><\/figure>\n","protected":false},"excerpt":{"rendered":"<p>Aulas das novas turmas come\u00e7am em fevereiro de 2026 A Secretaria de Assist\u00eancia Social da Prefeitura de S\u00e3o Gon\u00e7alo est\u00e1&hellip;<\/p>\n","protected":false},"author":5,"featured_media":34242,"comment_status":"closed","ping_status":"open","sticky":false,"template":"","format":"standard","meta":{"fifu_image_url":"https:\/\/sgvaimudar.com.br\/wp-content\/uploads\/2025\/12\/1743517890936.jpg","fifu_image_alt":"","footnotes":""},"categories":[3],"tags":[177,364,47,75],"class_list":["post-34238","post","type-post","status-publish","format-standard","has-post-thumbnail","hentry","category-sao-goncalo","tag-aulas","tag-padaria","tag-rj","tag-sao-goncalo"],"_links":{"self":[{"href":"https:\/\/sgvaimudar.com.br\/index.php\/wp-json\/wp\/v2\/posts\/34238","targetHints":{"allow":["GET"]}}],"collection":[{"href":"https:\/\/sgvaimudar.com.br\/index.php\/wp-json\/wp\/v2\/posts"}],"about":[{"href":"https:\/\/sgvaimudar.com.br\/index.php\/wp-json\/wp\/v2\/types\/post"}],"author":[{"embeddable":true,"href":"https:\/\/sgvaimudar.com.br\/index.php\/wp-json\/wp\/v2\/users\/5"}],"replies":[{"embeddable":true,"href":"https:\/\/sgvaimudar.com.br\/index.php\/wp-json\/wp\/v2\/comments?post=34238"}],"version-history":[{"count":1,"href":"https:\/\/sgvaimudar.com.br\/index.php\/wp-json\/wp\/v2\/posts\/34238\/revisions"}],"predecessor-version":[{"id":34241,"href":"https:\/\/sgvaimudar.com.br\/index.php\/wp-json\/wp\/v2\/posts\/34238\/revisions\/34241"}],"wp:featuredmedia":[{"embeddable":true,"href":"https:\/\/sgvaimudar.com.br\/index.php\/wp-json\/wp\/v2\/media\/34242"}],"wp:attachment":[{"href":"https:\/\/sgvaimudar.com.br\/index.php\/wp-json\/wp\/v2\/media?parent=34238"}],"wp:term":[{"taxonomy":"category","embeddable":true,"href":"https:\/\/sgvaimudar.com.br\/index.php\/wp-json\/wp\/v2\/categories?post=34238"},{"taxonomy":"post_tag","embeddable":true,"href":"https:\/\/sgvaimudar.com.br\/index.php\/wp-json\/wp\/v2\/tags?post=34238"}],"curies":[{"name":"wp","href":"https:\/\/api.w.org\/{rel}","templated":true}]}}