{"id":34233,"date":"2025-12-04T12:00:00","date_gmt":"2025-12-04T15:00:00","guid":{"rendered":"https:\/\/sgvaimudar.com.br\/?p=34233"},"modified":"2025-12-04T09:23:38","modified_gmt":"2025-12-04T12:23:38","slug":"nova-exposicao-chega-a-casa-das-artes-em-sao-goncalo-nesta-sexta-feira-5","status":"publish","type":"post","link":"https:\/\/sgvaimudar.com.br\/index.php\/2025\/12\/04\/nova-exposicao-chega-a-casa-das-artes-em-sao-goncalo-nesta-sexta-feira-5\/","title":{"rendered":"Nova exposi\u00e7\u00e3o chega \u00e0 Casa das Artes em S\u00e3o Gon\u00e7alo nesta sexta-feira (5)"},"content":{"rendered":"\n<p><em>Pinturas exploram a rela\u00e7\u00e3o entre mem\u00f3ria, paisagem e sensibilidade visual<\/em><\/p>\n\n\n\n<p>A Secretaria de Turismo e Cultura da Prefeitura de S\u00e3o Gon\u00e7alo inaugura, na pr\u00f3xima sexta-feira (5), \u00e0s 18h, a exposi\u00e7\u00e3o \u201cMem\u00f3rias: Sob o Olhar do Cotidiano\u201d, do artista Douglas Costa Dossantos (Dossant) . A mostra estar\u00e1 aberta ao p\u00fablico na Casa das Artes e permanecer\u00e1 em cartaz at\u00e9 31 de janeiro de 2026.<\/p>\n\n\n\n<p>Reunindo 25 obras produzidas entre 2023 e 2024, a exposi\u00e7\u00e3o apresenta uma experi\u00eancia visual marcada pela mistura de t\u00e9cnicas e pela subvers\u00e3o est\u00e9tica. Dossant explora linguagens abstratas, impressionistas e expressionistas, utilizando tinta a \u00f3leo e acr\u00edlica para construir imagens que transitam entre o real e o imaginado.<\/p>\n\n\n\n<p>As pinturas retratam localidades reconhec\u00edveis e outras reinventadas do Rio de Janeiro e de diferentes regi\u00f5es, criando uma ponte entre mem\u00f3ria pessoal, narrativa coletiva e cr\u00edtica social. Ao percorrer a exposi\u00e7\u00e3o, o visitante \u00e9 convidado a imergir em um percurso sensorial que revisita paisagens e sensa\u00e7\u00f5es do cotidiano sob um novo olhar.<\/p>\n\n\n\n<p>As obras variam em dimens\u00f5es entre 30&#215;40, 40&#215;40, 50&#215;50, 60&#215;60 e 50&#215;70 (cinco pe\u00e7as de cada formato), compondo uma cole\u00e7\u00e3o que investiga percep\u00e7\u00f5es, afetos e a constru\u00e7\u00e3o visual das lembran\u00e7as.<\/p>\n\n\n\n<p>A curadoria \u00e9 assinada por Leonardo da Silva Amorim, Rafael Teixeira Ribeiro, R\u00f4mulo Matos e pelo pr\u00f3prio artista, Douglas Costa Dossantos.<\/p>\n\n\n\n<p>Servi\u00e7o:<\/p>\n\n\n\n<p>Data e hor\u00e1rio da inaugura\u00e7\u00e3o: Sexta-feira (05) \u00e0s 18h<\/p>\n\n\n\n<p>Visita\u00e7\u00e3o: Ter\u00e7a a sexta, de 10h \u00e0s 18h e s\u00e1bado de 10h \u00e0s 16h<\/p>\n\n\n\n<p><em>Foto: Fabio Guimar\u00e3es<\/em><\/p>\n\n\n\n<p><strong><em>S\u00e3o Gon\u00e7alo vai mudar: Not\u00edcias de S\u00e3o Gon\u00e7alo e toda regi\u00e3o.<\/em><\/strong><\/p>\n\n\n\n<figure class=\"wp-block-video\"><video height=\"560\" style=\"aspect-ratio: 560 \/ 560;\" width=\"560\" controls src=\"https:\/\/sgvaimudar.com.br\/wp-content\/uploads\/2025\/11\/WhatsApp-Video-2025.NATAL_.mp4\"><\/video><\/figure>\n","protected":false},"excerpt":{"rendered":"<p>Pinturas exploram a rela\u00e7\u00e3o entre mem\u00f3ria, paisagem e sensibilidade visual A Secretaria de Turismo e Cultura da Prefeitura de S\u00e3o&hellip;<\/p>\n","protected":false},"author":5,"featured_media":34236,"comment_status":"closed","ping_status":"open","sticky":false,"template":"","format":"standard","meta":{"fifu_image_url":"https:\/\/sgvaimudar.com.br\/wp-content\/uploads\/2025\/12\/CasaDasArtes.jpg","fifu_image_alt":"","footnotes":""},"categories":[6],"tags":[280,362,363,47,75],"class_list":["post-34233","post","type-post","status-publish","format-standard","has-post-thumbnail","hentry","category-entretenimento","tag-artes","tag-casa","tag-das","tag-rj","tag-sao-goncalo"],"_links":{"self":[{"href":"https:\/\/sgvaimudar.com.br\/index.php\/wp-json\/wp\/v2\/posts\/34233","targetHints":{"allow":["GET"]}}],"collection":[{"href":"https:\/\/sgvaimudar.com.br\/index.php\/wp-json\/wp\/v2\/posts"}],"about":[{"href":"https:\/\/sgvaimudar.com.br\/index.php\/wp-json\/wp\/v2\/types\/post"}],"author":[{"embeddable":true,"href":"https:\/\/sgvaimudar.com.br\/index.php\/wp-json\/wp\/v2\/users\/5"}],"replies":[{"embeddable":true,"href":"https:\/\/sgvaimudar.com.br\/index.php\/wp-json\/wp\/v2\/comments?post=34233"}],"version-history":[{"count":1,"href":"https:\/\/sgvaimudar.com.br\/index.php\/wp-json\/wp\/v2\/posts\/34233\/revisions"}],"predecessor-version":[{"id":34235,"href":"https:\/\/sgvaimudar.com.br\/index.php\/wp-json\/wp\/v2\/posts\/34233\/revisions\/34235"}],"wp:featuredmedia":[{"embeddable":true,"href":"https:\/\/sgvaimudar.com.br\/index.php\/wp-json\/wp\/v2\/media\/34236"}],"wp:attachment":[{"href":"https:\/\/sgvaimudar.com.br\/index.php\/wp-json\/wp\/v2\/media?parent=34233"}],"wp:term":[{"taxonomy":"category","embeddable":true,"href":"https:\/\/sgvaimudar.com.br\/index.php\/wp-json\/wp\/v2\/categories?post=34233"},{"taxonomy":"post_tag","embeddable":true,"href":"https:\/\/sgvaimudar.com.br\/index.php\/wp-json\/wp\/v2\/tags?post=34233"}],"curies":[{"name":"wp","href":"https:\/\/api.w.org\/{rel}","templated":true}]}}