{"id":34213,"date":"2025-12-04T08:46:10","date_gmt":"2025-12-04T11:46:10","guid":{"rendered":"https:\/\/sgvaimudar.com.br\/?p=34213"},"modified":"2025-12-04T08:47:42","modified_gmt":"2025-12-04T11:47:42","slug":"sao-goncalo-celebra-dia-internacional-da-pessoa-com-deficiencia-no-teatro-municipal","status":"publish","type":"post","link":"https:\/\/sgvaimudar.com.br\/index.php\/2025\/12\/04\/sao-goncalo-celebra-dia-internacional-da-pessoa-com-deficiencia-no-teatro-municipal\/","title":{"rendered":"S\u00e3o Gon\u00e7alo celebra Dia Internacional da Pessoa com Defici\u00eancia no Teatro Municipal"},"content":{"rendered":"\n<p><em>Evento gratuito contou com v\u00e1rias apresenta\u00e7\u00f5es art\u00edsticas<\/em><\/p>\n\n\n\n<p>O Teatro Municipal de S\u00e3o Gon\u00e7alo foi palco de uma tarde inclusiva, animada e emocionante, com o evento \u201cCelebrando a diversidade e construindo a inclus\u00e3o\u201d, que comemorou o Dia Internacional da Pessoa com Defici\u00eancia, nesta quarta-feira (3).<\/p>\n\n\n\n<p>A celebra\u00e7\u00e3o foi realizada pela Secretaria de Assist\u00eancia Social da Prefeitura de S\u00e3o Gon\u00e7alo, atrav\u00e9s da Subsecretaria da Pessoa com Defici\u00eancia, em parceria com o Conselho Municipal dos Direitos da Pessoa com Defici\u00eancia.\u00a0<\/p>\n\n\n\n<figure class=\"wp-block-image size-large\"><img fetchpriority=\"high\" decoding=\"async\" width=\"1024\" height=\"681\" src=\"https:\/\/sgvaimudar.com.br\/wp-content\/uploads\/2025\/12\/unnamed-5-1024x681.jpg\" alt=\"\" class=\"wp-image-34215\" srcset=\"https:\/\/sgvaimudar.com.br\/wp-content\/uploads\/2025\/12\/unnamed-5-1024x681.jpg 1024w, https:\/\/sgvaimudar.com.br\/wp-content\/uploads\/2025\/12\/unnamed-5-300x199.jpg 300w, https:\/\/sgvaimudar.com.br\/wp-content\/uploads\/2025\/12\/unnamed-5-768x511.jpg 768w, https:\/\/sgvaimudar.com.br\/wp-content\/uploads\/2025\/12\/unnamed-5-1536x1021.jpg 1536w, https:\/\/sgvaimudar.com.br\/wp-content\/uploads\/2025\/12\/unnamed-5-2048x1362.jpg 2048w\" sizes=\"(max-width: 1024px) 100vw, 1024px\" \/><\/figure>\n\n\n\n<p>Para iniciar o evento, foi realizada uma din\u00e2mica pela assistente social e animadora Silvana Pinheiro, onde alguns participantes foram sorteados com brindes ap\u00f3s responderem quest\u00f5es de conhecimentos gerais.<\/p>\n\n\n\n<p>Embalado por diversas m\u00fasicas, o p\u00fablico p\u00f4de conferir apresenta\u00e7\u00f5es art\u00edsticas gratuitas de pessoas com defici\u00eancia que utilizam os equipamentos municipais, como Centro-Dia da Pessoa com Defici\u00eancia e Centro de Refer\u00eancia do Autismo Professora Marlene Fel\u00edcio, entre outras institui\u00e7\u00f5es e ONGs.&nbsp;<\/p>\n\n\n\n<p>\u201cA nossa expectativa \u00e9 de que, atrav\u00e9s desse evento, consigamos construir e refor\u00e7ar o compromisso da inclus\u00e3o, aumentando significativamente o n\u00famero de pessoas comprometidas com o respeito \u00e0s diferen\u00e7as e tamb\u00e9m engajadas com a luta anticapacitista. Agrade\u00e7o ao prefeito Capit\u00e3o Nelson e \u00e0 toda equipe por sempre apoiar a nossa causa\u201d, afirmou o subsecret\u00e1rio da Pessoa com Defici\u00eancia, Evangelista Ubirajara.<\/p>\n\n\n\n<p>A moradora do Arsenal, Ivonete de Ara\u00fajo, falou sobre a import\u00e2ncia do evento para o seu filho, Denilson de Ara\u00fajo, de 27 anos, que se apresentou pela banda da Apae S\u00e3o Gon\u00e7alo.<\/p>\n\n\n\n<p>\u201cA banda ensaia o ano todo l\u00e1 na Apae e quando tem uma apresenta\u00e7\u00e3o ele se sente super importante, fica euf\u00f3rico e a m\u00e3e fica feliz junto. Eu estava super cansada hoje, mas n\u00e3o tinha como n\u00e3o traz\u00ea-lo\u201d, disse.<\/p>\n\n\n\n<p><em>Fotos: Luiz Carvalho<\/em><\/p>\n\n\n\n<p><strong><em>S\u00e3o Gon\u00e7alo vai mudar: Not\u00edcias de S\u00e3o Gon\u00e7alo e toda regi\u00e3o.<\/em><\/strong><\/p>\n\n\n\n<figure class=\"wp-block-image size-large\"><img decoding=\"async\" width=\"1024\" height=\"1024\" src=\"https:\/\/sgvaimudar.com.br\/wp-content\/uploads\/2025\/11\/Logo.Natal_.2025-1024x1024.jpeg\" alt=\"\" class=\"wp-image-33728\" srcset=\"https:\/\/sgvaimudar.com.br\/wp-content\/uploads\/2025\/11\/Logo.Natal_.2025-1024x1024.jpeg 1024w, https:\/\/sgvaimudar.com.br\/wp-content\/uploads\/2025\/11\/Logo.Natal_.2025-300x300.jpeg 300w, https:\/\/sgvaimudar.com.br\/wp-content\/uploads\/2025\/11\/Logo.Natal_.2025-150x150.jpeg 150w, https:\/\/sgvaimudar.com.br\/wp-content\/uploads\/2025\/11\/Logo.Natal_.2025-768x768.jpeg 768w, https:\/\/sgvaimudar.com.br\/wp-content\/uploads\/2025\/11\/Logo.Natal_.2025-1536x1536.jpeg 1536w, https:\/\/sgvaimudar.com.br\/wp-content\/uploads\/2025\/11\/Logo.Natal_.2025.jpeg 1600w\" sizes=\"(max-width: 1024px) 100vw, 1024px\" \/><\/figure>\n","protected":false},"excerpt":{"rendered":"<p>Evento gratuito contou com v\u00e1rias apresenta\u00e7\u00f5es art\u00edsticas O Teatro Municipal de S\u00e3o Gon\u00e7alo foi palco de uma tarde inclusiva, animada&hellip;<\/p>\n","protected":false},"author":5,"featured_media":34217,"comment_status":"closed","ping_status":"open","sticky":false,"template":"","format":"standard","meta":{"fifu_image_url":"https:\/\/sgvaimudar.com.br\/wp-content\/uploads\/2025\/12\/unnamed-6-scaled.jpg","fifu_image_alt":"","footnotes":""},"categories":[6],"tags":[180,130,352,47,75],"class_list":["post-34213","post","type-post","status-publish","format-standard","has-post-thumbnail","hentry","category-entretenimento","tag-dia","tag-internacional","tag-pcd","tag-rj","tag-sao-goncalo"],"_links":{"self":[{"href":"https:\/\/sgvaimudar.com.br\/index.php\/wp-json\/wp\/v2\/posts\/34213","targetHints":{"allow":["GET"]}}],"collection":[{"href":"https:\/\/sgvaimudar.com.br\/index.php\/wp-json\/wp\/v2\/posts"}],"about":[{"href":"https:\/\/sgvaimudar.com.br\/index.php\/wp-json\/wp\/v2\/types\/post"}],"author":[{"embeddable":true,"href":"https:\/\/sgvaimudar.com.br\/index.php\/wp-json\/wp\/v2\/users\/5"}],"replies":[{"embeddable":true,"href":"https:\/\/sgvaimudar.com.br\/index.php\/wp-json\/wp\/v2\/comments?post=34213"}],"version-history":[{"count":2,"href":"https:\/\/sgvaimudar.com.br\/index.php\/wp-json\/wp\/v2\/posts\/34213\/revisions"}],"predecessor-version":[{"id":34219,"href":"https:\/\/sgvaimudar.com.br\/index.php\/wp-json\/wp\/v2\/posts\/34213\/revisions\/34219"}],"wp:featuredmedia":[{"embeddable":true,"href":"https:\/\/sgvaimudar.com.br\/index.php\/wp-json\/wp\/v2\/media\/34217"}],"wp:attachment":[{"href":"https:\/\/sgvaimudar.com.br\/index.php\/wp-json\/wp\/v2\/media?parent=34213"}],"wp:term":[{"taxonomy":"category","embeddable":true,"href":"https:\/\/sgvaimudar.com.br\/index.php\/wp-json\/wp\/v2\/categories?post=34213"},{"taxonomy":"post_tag","embeddable":true,"href":"https:\/\/sgvaimudar.com.br\/index.php\/wp-json\/wp\/v2\/tags?post=34213"}],"curies":[{"name":"wp","href":"https:\/\/api.w.org\/{rel}","templated":true}]}}