{"id":34202,"date":"2025-12-04T07:49:17","date_gmt":"2025-12-04T10:49:17","guid":{"rendered":"https:\/\/sgvaimudar.com.br\/?p=34202"},"modified":"2025-12-04T07:49:17","modified_gmt":"2025-12-04T10:49:17","slug":"sao-goncalo-vai-promover-mais-uma-edicao-da-feira-das-artesas-em-movimento","status":"publish","type":"post","link":"https:\/\/sgvaimudar.com.br\/index.php\/2025\/12\/04\/sao-goncalo-vai-promover-mais-uma-edicao-da-feira-das-artesas-em-movimento\/","title":{"rendered":"S\u00e3o Gon\u00e7alo vai promover mais uma edi\u00e7\u00e3o da Feira das Artes\u00e3s em Movimento"},"content":{"rendered":"\n<p><em>Evento vai acontecer nesta sexta-feira (5) no Centro Cultural Joaquim Lavoura\u00a0<\/em><\/p>\n\n\n\n<p>A Secretaria de Turismo e Cultura da Prefeitura de S\u00e3o Gon\u00e7alo vai realizar, nesta sexta-feira (5), mais uma edi\u00e7\u00e3o da Feira das Artes\u00e3s em Movimento (FAM), que surgiu com o prop\u00f3sito de gerar oportunidades de trabalho para artes\u00e3s e empreendedoras do munic\u00edpio, promovendo autonomia financeira e fortalecendo a economia criativa do munic\u00edpio.<\/p>\n\n\n\n<p>O evento ser\u00e1 realizado no Centro Cultural Joaquim Lavoura (Lavour\u00e3o), localizado na Av. Presidente Kennedy, 721 \u2013 Estrela do Norte, S\u00e3o Gon\u00e7alo.\u00a0<\/p>\n\n\n\n<figure class=\"wp-block-image size-large\"><img fetchpriority=\"high\" decoding=\"async\" width=\"819\" height=\"1024\" src=\"https:\/\/sgvaimudar.com.br\/wp-content\/uploads\/2025\/12\/unnamed-4-819x1024.jpg\" alt=\"\" class=\"wp-image-34203\" srcset=\"https:\/\/sgvaimudar.com.br\/wp-content\/uploads\/2025\/12\/unnamed-4-819x1024.jpg 819w, https:\/\/sgvaimudar.com.br\/wp-content\/uploads\/2025\/12\/unnamed-4-240x300.jpg 240w, https:\/\/sgvaimudar.com.br\/wp-content\/uploads\/2025\/12\/unnamed-4-768x960.jpg 768w, https:\/\/sgvaimudar.com.br\/wp-content\/uploads\/2025\/12\/unnamed-4.jpg 1080w\" sizes=\"(max-width: 819px) 100vw, 819px\" \/><\/figure>\n\n\n\n<p>A edi\u00e7\u00e3o especial de Natal mant\u00e9m vai oferecer produtos t\u00edpicos da \u00e9poca, artesanatos tem\u00e1ticos e itens \u00fanicos preparados com dedica\u00e7\u00e3o por profissionais que trabalham com amor e talento.<\/p>\n\n\n\n<p><strong>Servi\u00e7o:<\/strong>&nbsp;<\/p>\n\n\n\n<p>Data: 5\/12\/2025<\/p>\n\n\n\n<p>Hor\u00e1rio: 9h \u00e0s 17h<\/p>\n\n\n\n<p>Local: Centro Cultural Joaquim Lavoura (Lavour\u00e3o).<\/p>\n\n\n\n<p><strong><em>S\u00e3o Gon\u00e7alo vai mudar: Not\u00edcias de S\u00e3o Gon\u00e7alo e toda regi\u00e3o.<\/em><\/strong><\/p>\n\n\n\n<figure class=\"wp-block-video\"><video height=\"1280\" style=\"aspect-ratio: 720 \/ 1280;\" width=\"720\" controls src=\"https:\/\/sgvaimudar.com.br\/wp-content\/uploads\/2025\/11\/Natal.2025.SGVM_.mp4\"><\/video><\/figure>\n","protected":false},"excerpt":{"rendered":"<p>Evento vai acontecer nesta sexta-feira (5) no Centro Cultural Joaquim Lavoura\u00a0 A Secretaria de Turismo e Cultura da Prefeitura de&hellip;<\/p>\n","protected":false},"author":5,"featured_media":34205,"comment_status":"closed","ping_status":"open","sticky":false,"template":"","format":"standard","meta":{"fifu_image_url":"https:\/\/sgvaimudar.com.br\/wp-content\/uploads\/2024\/11\/Feira-Aduke-Lavourao-21-06-2024-Fotos-Julio-Diniz-1.jpg","fifu_image_alt":"","footnotes":""},"categories":[6],"tags":[345,344,346,347,47,75],"class_list":["post-34202","post","type-post","status-publish","format-standard","has-post-thumbnail","hentry","category-entretenimento","tag-artesas","tag-feira","tag-lavourao","tag-natal","tag-rj","tag-sao-goncalo"],"_links":{"self":[{"href":"https:\/\/sgvaimudar.com.br\/index.php\/wp-json\/wp\/v2\/posts\/34202","targetHints":{"allow":["GET"]}}],"collection":[{"href":"https:\/\/sgvaimudar.com.br\/index.php\/wp-json\/wp\/v2\/posts"}],"about":[{"href":"https:\/\/sgvaimudar.com.br\/index.php\/wp-json\/wp\/v2\/types\/post"}],"author":[{"embeddable":true,"href":"https:\/\/sgvaimudar.com.br\/index.php\/wp-json\/wp\/v2\/users\/5"}],"replies":[{"embeddable":true,"href":"https:\/\/sgvaimudar.com.br\/index.php\/wp-json\/wp\/v2\/comments?post=34202"}],"version-history":[{"count":1,"href":"https:\/\/sgvaimudar.com.br\/index.php\/wp-json\/wp\/v2\/posts\/34202\/revisions"}],"predecessor-version":[{"id":34204,"href":"https:\/\/sgvaimudar.com.br\/index.php\/wp-json\/wp\/v2\/posts\/34202\/revisions\/34204"}],"wp:featuredmedia":[{"embeddable":true,"href":"https:\/\/sgvaimudar.com.br\/index.php\/wp-json\/wp\/v2\/media\/34205"}],"wp:attachment":[{"href":"https:\/\/sgvaimudar.com.br\/index.php\/wp-json\/wp\/v2\/media?parent=34202"}],"wp:term":[{"taxonomy":"category","embeddable":true,"href":"https:\/\/sgvaimudar.com.br\/index.php\/wp-json\/wp\/v2\/categories?post=34202"},{"taxonomy":"post_tag","embeddable":true,"href":"https:\/\/sgvaimudar.com.br\/index.php\/wp-json\/wp\/v2\/tags?post=34202"}],"curies":[{"name":"wp","href":"https:\/\/api.w.org\/{rel}","templated":true}]}}