{"id":34182,"date":"2025-12-04T06:49:57","date_gmt":"2025-12-04T09:49:57","guid":{"rendered":"https:\/\/sgvaimudar.com.br\/?p=34182"},"modified":"2025-12-04T06:49:58","modified_gmt":"2025-12-04T09:49:58","slug":"flamengo-bate-o-ceara-e-fecha-ano-dourado-com-o-titulo-nacional","status":"publish","type":"post","link":"https:\/\/sgvaimudar.com.br\/index.php\/2025\/12\/04\/flamengo-bate-o-ceara-e-fecha-ano-dourado-com-o-titulo-nacional\/","title":{"rendered":"Flamengo bate o Cear\u00e1 e fecha ano dourado com o t\u00edtulo nacional"},"content":{"rendered":"\n<p><em>Este \u00e9 o nono t\u00edtulo do Rubro-Negro na hist\u00f3ria da competi\u00e7\u00e3o<\/em><\/p>\n\n\n\n<p>O Flamengo, com um gol do atacante Samuel Lino, derrotou o Cear\u00e1 por 1 a 0 para garantir o t\u00edtulo do Campeonato Brasileiro, na noite desta quarta-feira (3) no est\u00e1dio do Maracan\u00e3, no Rio de Janeiro. A conquista coroa uma temporada hist\u00f3rica, na qual a equipe tamb\u00e9m garantiu os t\u00edtulos da Supercopa do Brasil, do Campeonato Carioca e da Copa Libertadores da Am\u00e9rica.<img decoding=\"async\" src=\"https:\/\/agenciabrasil.ebc.com.br\/ebc.png?id=1670755&amp;o=node\"><img decoding=\"async\" src=\"https:\/\/agenciabrasil.ebc.com.br\/ebc.gif?id=1670755&amp;o=node\"><\/p>\n\n\n\n<p>O Flamengo conquistou os t\u00edtulos nos anos de 1980, 1982, 1983, 1987, 1992, 2009, 2019, 2020 e 2025.<\/p>\n\n\n\n<p>Com os tr\u00eas pontos conquistados nesta quarta, o Flamengo chegou ao total de 78 pontos, e n\u00e3o poder ser ultrapassado pelo Palmeiras, que tamb\u00e9m nesta quarta superou o Atl\u00e9tico-MG\u00a0por 3 a 0 em Belo Horizonte para chegar aos 73 pontos.<\/p>\n\n\n\n<p>Mesmo apoiado por mais de 73 mil torcedores, o time comandado pelo t\u00e9cnico Filipe Lu\u00eds n\u00e3o encontrou facilidades diante de um Cear\u00e1 que jogava com linhas baixas para negar espa\u00e7os para o ataque do time da G\u00e1vea.<\/p>\n\n\n\n<p>Com isso, o Flamengo trocava passes de um lado para o outro e conseguia finalizar apenas de fora da \u00e1rea. J\u00e1 o Voz\u00e3o s\u00f3 chegava com perigo esporadicamente, em bolas lan\u00e7adas da defesa para o isolado centroavante Pedro Raul.<\/p>\n\n\n\n<p>Enquanto isso, em Belo Horizonte, o Palmeiras n\u00e3o precisou de muito tempo para abrir o placar diante do Atl\u00e9tico-MG. Aos oito minutos do primeiro tempo a defesa do Galo vacilou e a bola sobrou no p\u00e9 de Vitor Roque, que bateu para defesa parcial de Everson. O argentino Flaco L\u00f3pez aproveitou o rebote e bateu para o fundo do gol.<\/p>\n\n\n\n<p>O Verd\u00e3o continuou melhor e ampliou antes do intervalo. O zagueiro Gustavo G\u00f3mez acertou lan\u00e7amento longo para Allan. O lateral Guilherme Arana tentou afastar, mas a bola sobrou para o atacante palmeirense, que bateu colocado para ampliar a vantagem do time comandado pelo portugu\u00eas Abel Ferreira aos 19 minutos. A combina\u00e7\u00e3o deste resultado com o empate no Rio de Janeiro impedia, naquele momento,\u00a0a defini\u00e7\u00e3o do t\u00edtulo.<\/p>\n\n\n\n<p>Por\u00e9m, no est\u00e1dio do Maracan\u00e3 o Flamengo passou a for\u00e7ar as jogadas pela pontas. E foi desta forma que conseguiu abrir o placar aos 36 minutos. O colombiano Carrascal tocou em profundidade na \u00e1rea para Samuel Lino, que bateu por baixo das pernas do goleiro Bruno Ferreira.<\/p>\n\n\n\n<p>Ap\u00f3s o intervalo, o Flamengo, que baixou a rota\u00e7\u00e3o ao claramente sentir o desgaste causado pelas celebra\u00e7\u00f5es ap\u00f3s a conquista do t\u00edtulo da Copa Libertadores no \u00faltimo s\u00e1bado (29), mostrou muita maturidade para administrar a vantagem diante de um Cear\u00e1 que melhorou um pouco ap\u00f3s o t\u00e9cnico L\u00e9o Cond\u00e9 colocar em campo jogadores mais criativos.<\/p>\n\n\n\n<p>J\u00e1 em Belo Horizonte o Palmeiras, que disputou todo o segundo tempo com um homem a menos ap\u00f3s a expuls\u00e3o do lateral Piquerez nos \u00faltimos momentos da etapa inicial, chegou a marcar o terceiro com o jovem atacante Luighi.<\/p>\n\n\n\n<p>Por\u00e9m, de nada valeu a vit\u00f3ria do time de Abel Ferreira, pois no Maracan\u00e3 o Flamengo segurou a vit\u00f3ria at\u00e9 o apito final e soltou o grito de campe\u00e3o brasileiro.<\/p>\n\n\n\n<p><strong><em>S\u00e3o Gon\u00e7alo vai mudar: Not\u00edcias de S\u00e3o Gon\u00e7alo e toda regi\u00e3o.<\/em><\/strong><\/p>\n\n\n\n<figure class=\"wp-block-video\"><video height=\"560\" style=\"aspect-ratio: 560 \/ 560;\" width=\"560\" controls src=\"https:\/\/sgvaimudar.com.br\/wp-content\/uploads\/2025\/11\/WhatsApp-Video-2025.NATAL_.mp4\"><\/video><\/figure>\n","protected":false},"excerpt":{"rendered":"<p>Este \u00e9 o nono t\u00edtulo do Rubro-Negro na hist\u00f3ria da competi\u00e7\u00e3o O Flamengo, com um gol do atacante Samuel Lino,&hellip;<\/p>\n","protected":false},"author":5,"featured_media":34185,"comment_status":"closed","ping_status":"open","sticky":false,"template":"","format":"standard","meta":{"fifu_image_url":"https:\/\/sgvaimudar.com.br\/wp-content\/uploads\/2025\/12\/2025-12-04t025346z_505777297_up1elc4081klj_rtrmadp_3_soccer-brazil-fla-cea.webp","fifu_image_alt":"","footnotes":""},"categories":[5],"tags":[169,168,167,237,336,47],"class_list":["post-34182","post","type-post","status-publish","format-standard","has-post-thumbnail","hentry","category-esportes","tag-brasileiro","tag-campeao","tag-fla","tag-flamengo","tag-nonavez","tag-rj"],"_links":{"self":[{"href":"https:\/\/sgvaimudar.com.br\/index.php\/wp-json\/wp\/v2\/posts\/34182","targetHints":{"allow":["GET"]}}],"collection":[{"href":"https:\/\/sgvaimudar.com.br\/index.php\/wp-json\/wp\/v2\/posts"}],"about":[{"href":"https:\/\/sgvaimudar.com.br\/index.php\/wp-json\/wp\/v2\/types\/post"}],"author":[{"embeddable":true,"href":"https:\/\/sgvaimudar.com.br\/index.php\/wp-json\/wp\/v2\/users\/5"}],"replies":[{"embeddable":true,"href":"https:\/\/sgvaimudar.com.br\/index.php\/wp-json\/wp\/v2\/comments?post=34182"}],"version-history":[{"count":1,"href":"https:\/\/sgvaimudar.com.br\/index.php\/wp-json\/wp\/v2\/posts\/34182\/revisions"}],"predecessor-version":[{"id":34184,"href":"https:\/\/sgvaimudar.com.br\/index.php\/wp-json\/wp\/v2\/posts\/34182\/revisions\/34184"}],"wp:featuredmedia":[{"embeddable":true,"href":"https:\/\/sgvaimudar.com.br\/index.php\/wp-json\/wp\/v2\/media\/34185"}],"wp:attachment":[{"href":"https:\/\/sgvaimudar.com.br\/index.php\/wp-json\/wp\/v2\/media?parent=34182"}],"wp:term":[{"taxonomy":"category","embeddable":true,"href":"https:\/\/sgvaimudar.com.br\/index.php\/wp-json\/wp\/v2\/categories?post=34182"},{"taxonomy":"post_tag","embeddable":true,"href":"https:\/\/sgvaimudar.com.br\/index.php\/wp-json\/wp\/v2\/tags?post=34182"}],"curies":[{"name":"wp","href":"https:\/\/api.w.org\/{rel}","templated":true}]}}