{"id":3418,"date":"2023-09-30T13:02:04","date_gmt":"2023-09-30T16:02:04","guid":{"rendered":"https:\/\/sgvaimudar.com.br\/?p=3418"},"modified":"2023-10-12T18:23:39","modified_gmt":"2023-10-12T21:23:39","slug":"dezenas-de-motoristas-sao-flagrados-furando-fila-na-ponte-rio-niteroi","status":"publish","type":"post","link":"https:\/\/sgvaimudar.com.br\/index.php\/2023\/09\/30\/dezenas-de-motoristas-sao-flagrados-furando-fila-na-ponte-rio-niteroi\/","title":{"rendered":"Dezenas de motoristas s\u00e3o flagrados &#8216;furando fila&#8217; na Ponte Rio-Niter\u00f3i"},"content":{"rendered":"\n<p>Dezenas de motoristas foram autuados pela Pol\u00edcia Rodovi\u00e1ria Federal (PRF) por &#8220;furarem a fila&#8221; na Ponte Rio-Niter\u00f3i (BR-101), durante fiscaliza\u00e7\u00e3o na pista sentido Rio de Janeiro, na altura da descida para a rodovi\u00e1ria do Rio de Janeiro. Os flagrantes aconteceram na manh\u00e3 de sexta-feira (29).<\/p>\n\n\n\n<p>Equipes do Grupo de Fiscaliza\u00e7\u00e3o de Tr\u00e2nsito (GTF) da 2\u00aa Delegacia (Niter\u00f3i) emitiram 363 autos de infra\u00e7\u00e3o com abordagem a motoristas infratores, al\u00e9m de outros 48, sem abordagem, em poucas horas. Com o fluxo intenso de ve\u00edculos durante a manh\u00e3, muitos ve\u00edculos ultrapassam outros autom\u00f3veis em fila nas sa\u00eddas da Ponte Rio-Niter\u00f3i. Foram emitidos 89 autos de infra\u00e7\u00e3o a condutores que cometeram esta infra\u00e7\u00e3o.<\/p>\n\n\n\n<p>De acordo com o C\u00f3digo de Tr\u00e2nsito Brasileiro &#8211; CTB (Lei 9.503\/97), ultrapassar ve\u00edculos em fila, parados em raz\u00e3o de sinal luminoso, cancela, bloqueio vi\u00e1rio parcial ou qualquer outro obst\u00e1culo, com exce\u00e7\u00e3o dos ve\u00edculos n\u00e3o motorizados, \u00e9 uma infra\u00e7\u00e3o de natureza grave. A penalidade prevista \u00e9 uma multa de R$ 195,23 e cinco pontos no prontu\u00e1rio do condutor.<\/p>\n\n\n\n<p>Ainda foram flagrados 12 motoristas que n\u00e3o usavam o cinto de seguran\u00e7a, cinco passageiros que tamb\u00e9m n\u00e3o usavam o dispositivo, tr\u00eas motoristas manuseando o celular enquanto dirigiam, al\u00e9m de tr\u00eas condutores de motocicletas sem capacete<\/p>\n\n\n\n<h1 class=\"wp-block-heading\">sgvaimudar<\/h1>\n","protected":false},"excerpt":{"rendered":"<p>Dezenas de motoristas foram autuados pela Pol\u00edcia Rodovi\u00e1ria Federal (PRF) por &#8220;furarem a fila&#8221; na Ponte Rio-Niter\u00f3i (BR-101), durante fiscaliza\u00e7\u00e3o&hellip;<\/p>\n","protected":false},"author":2,"featured_media":3419,"comment_status":"open","ping_status":"open","sticky":false,"template":"","format":"standard","meta":{"fifu_image_url":"","fifu_image_alt":"","footnotes":""},"categories":[3],"tags":[],"class_list":["post-3418","post","type-post","status-publish","format-standard","has-post-thumbnail","hentry","category-sao-goncalo"],"_links":{"self":[{"href":"https:\/\/sgvaimudar.com.br\/index.php\/wp-json\/wp\/v2\/posts\/3418","targetHints":{"allow":["GET"]}}],"collection":[{"href":"https:\/\/sgvaimudar.com.br\/index.php\/wp-json\/wp\/v2\/posts"}],"about":[{"href":"https:\/\/sgvaimudar.com.br\/index.php\/wp-json\/wp\/v2\/types\/post"}],"author":[{"embeddable":true,"href":"https:\/\/sgvaimudar.com.br\/index.php\/wp-json\/wp\/v2\/users\/2"}],"replies":[{"embeddable":true,"href":"https:\/\/sgvaimudar.com.br\/index.php\/wp-json\/wp\/v2\/comments?post=3418"}],"version-history":[{"count":1,"href":"https:\/\/sgvaimudar.com.br\/index.php\/wp-json\/wp\/v2\/posts\/3418\/revisions"}],"predecessor-version":[{"id":3420,"href":"https:\/\/sgvaimudar.com.br\/index.php\/wp-json\/wp\/v2\/posts\/3418\/revisions\/3420"}],"wp:featuredmedia":[{"embeddable":true,"href":"https:\/\/sgvaimudar.com.br\/index.php\/wp-json\/wp\/v2\/media\/3419"}],"wp:attachment":[{"href":"https:\/\/sgvaimudar.com.br\/index.php\/wp-json\/wp\/v2\/media?parent=3418"}],"wp:term":[{"taxonomy":"category","embeddable":true,"href":"https:\/\/sgvaimudar.com.br\/index.php\/wp-json\/wp\/v2\/categories?post=3418"},{"taxonomy":"post_tag","embeddable":true,"href":"https:\/\/sgvaimudar.com.br\/index.php\/wp-json\/wp\/v2\/tags?post=3418"}],"curies":[{"name":"wp","href":"https:\/\/api.w.org\/{rel}","templated":true}]}}