{"id":34176,"date":"2025-11-30T15:00:00","date_gmt":"2025-11-30T18:00:00","guid":{"rendered":"https:\/\/sgvaimudar.com.br\/?p=34176"},"modified":"2025-11-30T05:36:12","modified_gmt":"2025-11-30T08:36:12","slug":"goncalenses-aproveitam-o-dia-d-de-combate-a-dengue-com-acoes-de-prevencao-e-vacinacao-na-praca-do-ze-garoto","status":"publish","type":"post","link":"https:\/\/sgvaimudar.com.br\/index.php\/2025\/11\/30\/goncalenses-aproveitam-o-dia-d-de-combate-a-dengue-com-acoes-de-prevencao-e-vacinacao-na-praca-do-ze-garoto\/","title":{"rendered":"Gon\u00e7alenses aproveitam o Dia D de Combate \u00e0 Dengue com a\u00e7\u00f5es de preven\u00e7\u00e3o e vacina\u00e7\u00e3o na Pra\u00e7a do Z\u00e9 Garoto"},"content":{"rendered":"\n<p><em>Mobiliza\u00e7\u00e3o contou com a\u00e7\u00f5es educativas e servi\u00e7os de preven\u00e7\u00e3o<\/em><\/p>\n\n\n\n<p>Na manh\u00e3 deste s\u00e1bado (29), a Secretaria de Sa\u00fade e Defesa Civil da Prefeitura de S\u00e3o Gon\u00e7alo promoveu o Dia D de Combate \u00e0 Dengue, reunindo equipes da Vigil\u00e2ncia em Sa\u00fade Ambiental em uma grande mobiliza\u00e7\u00e3o de conscientiza\u00e7\u00e3o na Pra\u00e7a Esteph\u00e2nia de Carvalho, conhecida Pra\u00e7a do Z\u00e9 Garoto. <\/p>\n\n\n\n<p>A a\u00e7\u00e3o teve como objetivo refor\u00e7ar as medidas de preven\u00e7\u00e3o e alertar a popula\u00e7\u00e3o sobre a import\u00e2ncia do enfrentamento ao mosquito\u00a0<em>Aedes aegypti<\/em>, transmissor da dengue, zika e chikungunya.<\/p>\n\n\n\n<figure class=\"wp-block-image size-large\"><img fetchpriority=\"high\" decoding=\"async\" width=\"1024\" height=\"682\" src=\"https:\/\/sgvaimudar.com.br\/wp-content\/uploads\/2025\/11\/unnamed-12-8-1024x682.jpg\" alt=\"\" class=\"wp-image-34178\" srcset=\"https:\/\/sgvaimudar.com.br\/wp-content\/uploads\/2025\/11\/unnamed-12-8-1024x682.jpg 1024w, https:\/\/sgvaimudar.com.br\/wp-content\/uploads\/2025\/11\/unnamed-12-8-300x200.jpg 300w, https:\/\/sgvaimudar.com.br\/wp-content\/uploads\/2025\/11\/unnamed-12-8-768x512.jpg 768w, https:\/\/sgvaimudar.com.br\/wp-content\/uploads\/2025\/11\/unnamed-12-8.jpg 1280w\" sizes=\"(max-width: 1024px) 100vw, 1024px\" \/><\/figure>\n\n\n\n<p>Durante o evento, a Coordena\u00e7\u00e3o de Imuniza\u00e7\u00e3o aplicou a vacina contra a dengue em jovens gon\u00e7alenses de 10 a 20 anos, ampliando a cobertura vacinal no munic\u00edpio. Paralelamente, moradores receberam orienta\u00e7\u00f5es sobre a doen\u00e7a, seus sintomas e os momentos adequados para buscar atendimento m\u00e9dico.<\/p>\n\n\n\n<p>A programa\u00e7\u00e3o tamb\u00e9m contou com distribui\u00e7\u00e3o de cloro para purifica\u00e7\u00e3o da \u00e1gua armazenada, aferi\u00e7\u00e3o de press\u00e3o arterial e uma exposi\u00e7\u00e3o promovida pelo grupo de Informa\u00e7\u00e3o, Educa\u00e7\u00e3o e Comunica\u00e7\u00e3o (IEC) da Vigil\u00e2ncia, que apresentou exemplares do mosquito&nbsp;<em>Aedes aegypti<\/em>&nbsp;e outros insetos, refor\u00e7ando o car\u00e1ter educativo da iniciativa.<\/p>\n\n\n\n<p>O diretor do Departamento de Vigil\u00e2ncia em Sa\u00fade Ambiental, Marcelo Lima, destacou a gravidade da dengue e o papel fundamental da popula\u00e7\u00e3o no combate ao vetor.<\/p>\n\n\n\n<p>\u201cPrecisamos dizer que a dengue \u00e9 uma doen\u00e7a que mata, mata milh\u00f5es de pessoas, e \u00e9 importante eliminar esse mosquito que traz problemas ser\u00edssimos para a sa\u00fade p\u00fablica. Hoje \u00e9 um dia de conscientiza\u00e7\u00e3o, de mostrar \u00e0s pessoas a import\u00e2ncia de combater a dengue e lembrar que cada cidad\u00e3o pode ser um agente de sa\u00fade ao cuidar do seu quintal\u201d, afirmou.<\/p>\n\n\n\n<p>Ao longo da manh\u00e3, equipes realizaram a\u00e7\u00f5es educativas, vistorias em com\u00e9rcios e resid\u00eancias pr\u00f3ximas \u00e0 pra\u00e7a e distribu\u00edram material informativo. A popula\u00e7\u00e3o foi orientada a adotar cuidados essenciais para evitar criadouros do mosquito, como eliminar recipientes com \u00e1gua parada, limpar calhas, tampar caixas-d\u2019\u00e1gua e manter garrafas e vasos adequadamente armazenados.<\/p>\n\n\n\n<p>\u201cA gente \u00e0s vezes n\u00e3o percebe como pequenas atitudes fazem diferen\u00e7a. Depois das orienta\u00e7\u00f5es, voltei pra casa j\u00e1 pensando em revisar tudo: calhas, garrafas, vasos. \u00c9 muito importante esse tipo de a\u00e7\u00e3o, porque lembra a popula\u00e7\u00e3o de que cada um tem um papel no combate \u00e0 dengue\u201d, afirmou a gon\u00e7alense Sonia Medeiros, que passava pelo local e recebeu orienta\u00e7\u00f5es.<\/p>\n\n\n\n<p>A Vigil\u00e2ncia em Sa\u00fade Ambiental refor\u00e7ou que o trabalho de preven\u00e7\u00e3o ocorre durante todo o ano, com pulveriza\u00e7\u00e3o de inseticidas por meio das motofogs nos dias \u00fateis, exceto em feriados, pontos facultativos e per\u00edodos de chuva. As \u00e1reas atendidas s\u00e3o definidas a partir das notifica\u00e7\u00f5es da Vigil\u00e2ncia Epidemiol\u00f3gica, que identifica os locais com maior incid\u00eancia de casos.<\/p>\n\n\n\n<p>A Secretaria lembra que pequenas a\u00e7\u00f5es podem evitar a prolifera\u00e7\u00e3o do mosquito e proteger toda a comunidade. Manter ralos e calhas limpos, guardar pneus, esticar lonas e fechar ton\u00e9is s\u00e3o medidas simples, mas fundamentais. Afinal, qualquer gota de \u00e1gua pode se transformar em criadouro.<\/p>\n\n\n\n<p>A popula\u00e7\u00e3o tamb\u00e9m pode contar com o servi\u00e7o de pronto-atendimento da Vigil\u00e2ncia em Sa\u00fade Ambiental. Em situa\u00e7\u00f5es de infesta\u00e7\u00e3o de vetores, os moradores podem solicitar uma visita t\u00e9cnica pelo telefone (21) 99388-6484. As equipes atendem, em m\u00e9dia, em at\u00e9 uma semana, realizando inspe\u00e7\u00f5es e as a\u00e7\u00f5es necess\u00e1rias para eliminar os focos encontrados.<\/p>\n\n\n\n<p><em>Foto: Fabio Guimar\u00e3es<\/em><\/p>\n\n\n\n<p><strong><em>S\u00e3o Gon\u00e7alo vai mudar: Not\u00edcias de S\u00e3o Gon\u00e7alo e toda regi\u00e3o.<\/em><\/strong><\/p>\n\n\n\n<figure class=\"wp-block-video\"><video height=\"1280\" style=\"aspect-ratio: 720 \/ 1280;\" width=\"720\" controls src=\"https:\/\/sgvaimudar.com.br\/wp-content\/uploads\/2025\/11\/Natal.2025.SGVM_.mp4\"><\/video><\/figure>\n","protected":false},"excerpt":{"rendered":"<p>Mobiliza\u00e7\u00e3o contou com a\u00e7\u00f5es educativas e servi\u00e7os de preven\u00e7\u00e3o Na manh\u00e3 deste s\u00e1bado (29), a Secretaria de Sa\u00fade e Defesa&hellip;<\/p>\n","protected":false},"author":5,"featured_media":34180,"comment_status":"closed","ping_status":"open","sticky":false,"template":"","format":"standard","meta":{"fifu_image_url":"https:\/\/sgvaimudar.com.br\/wp-content\/uploads\/2025\/11\/unnamed-11-12.jpg","fifu_image_alt":"","footnotes":""},"categories":[7],"tags":[47,75],"class_list":["post-34176","post","type-post","status-publish","format-standard","has-post-thumbnail","hentry","category-saude","tag-rj","tag-sao-goncalo"],"_links":{"self":[{"href":"https:\/\/sgvaimudar.com.br\/index.php\/wp-json\/wp\/v2\/posts\/34176","targetHints":{"allow":["GET"]}}],"collection":[{"href":"https:\/\/sgvaimudar.com.br\/index.php\/wp-json\/wp\/v2\/posts"}],"about":[{"href":"https:\/\/sgvaimudar.com.br\/index.php\/wp-json\/wp\/v2\/types\/post"}],"author":[{"embeddable":true,"href":"https:\/\/sgvaimudar.com.br\/index.php\/wp-json\/wp\/v2\/users\/5"}],"replies":[{"embeddable":true,"href":"https:\/\/sgvaimudar.com.br\/index.php\/wp-json\/wp\/v2\/comments?post=34176"}],"version-history":[{"count":1,"href":"https:\/\/sgvaimudar.com.br\/index.php\/wp-json\/wp\/v2\/posts\/34176\/revisions"}],"predecessor-version":[{"id":34179,"href":"https:\/\/sgvaimudar.com.br\/index.php\/wp-json\/wp\/v2\/posts\/34176\/revisions\/34179"}],"wp:featuredmedia":[{"embeddable":true,"href":"https:\/\/sgvaimudar.com.br\/index.php\/wp-json\/wp\/v2\/media\/34180"}],"wp:attachment":[{"href":"https:\/\/sgvaimudar.com.br\/index.php\/wp-json\/wp\/v2\/media?parent=34176"}],"wp:term":[{"taxonomy":"category","embeddable":true,"href":"https:\/\/sgvaimudar.com.br\/index.php\/wp-json\/wp\/v2\/categories?post=34176"},{"taxonomy":"post_tag","embeddable":true,"href":"https:\/\/sgvaimudar.com.br\/index.php\/wp-json\/wp\/v2\/tags?post=34176"}],"curies":[{"name":"wp","href":"https:\/\/api.w.org\/{rel}","templated":true}]}}