{"id":34172,"date":"2025-11-30T13:00:00","date_gmt":"2025-11-30T16:00:00","guid":{"rendered":"https:\/\/sgvaimudar.com.br\/?p=34172"},"modified":"2025-11-30T05:32:30","modified_gmt":"2025-11-30T08:32:30","slug":"prefeitura-vai-promover-tarde-especial-no-dia-internacional-da-pessoa-com-deficiencia","status":"publish","type":"post","link":"https:\/\/sgvaimudar.com.br\/index.php\/2025\/11\/30\/prefeitura-vai-promover-tarde-especial-no-dia-internacional-da-pessoa-com-deficiencia\/","title":{"rendered":"Prefeitura vai promover tarde especial no Dia Internacional da Pessoa com Defici\u00eancia"},"content":{"rendered":"\n<p><em>\u201cCelebrando a diversidade e construindo a inclus\u00e3o\u201d acontece no Teatro Municipal na pr\u00f3xima quarta-feira<\/em><\/p>\n\n\n\n<p>Em comemora\u00e7\u00e3o ao Dia Internacional da Pessoa com Defici\u00eancia, no dia 3 de dezembro, o Teatro Municipal de S\u00e3o Gon\u00e7alo vai receber o evento \u201cCelebrando a diversidade e construindo a inclus\u00e3o\u201d, a partir das 14h.<\/p>\n\n\n\n<p>A celebra\u00e7\u00e3o ser\u00e1 realizada pela Secretaria de Assist\u00eancia Social da Prefeitura de S\u00e3o Gon\u00e7alo, atrav\u00e9s da Subsecretaria da Pessoa com Defici\u00eancia, em parceria com o Conselho Municipal dos Direitos da Pessoa com Defici\u00eancia.\u00a0<\/p>\n\n\n\n<figure class=\"wp-block-image size-large\"><img fetchpriority=\"high\" decoding=\"async\" width=\"819\" height=\"1024\" src=\"https:\/\/sgvaimudar.com.br\/wp-content\/uploads\/2025\/11\/unnamed-9-14-819x1024.jpg\" alt=\"\" class=\"wp-image-34173\" srcset=\"https:\/\/sgvaimudar.com.br\/wp-content\/uploads\/2025\/11\/unnamed-9-14-819x1024.jpg 819w, https:\/\/sgvaimudar.com.br\/wp-content\/uploads\/2025\/11\/unnamed-9-14-240x300.jpg 240w, https:\/\/sgvaimudar.com.br\/wp-content\/uploads\/2025\/11\/unnamed-9-14-768x960.jpg 768w, https:\/\/sgvaimudar.com.br\/wp-content\/uploads\/2025\/11\/unnamed-9-14.jpg 1080w\" sizes=\"(max-width: 819px) 100vw, 819px\" \/><\/figure>\n\n\n\n<p>Durante a tarde, os participantes das institui\u00e7\u00f5es e equipamentos para Pessoas com Defici\u00eancia (PcD) do munic\u00edpio far\u00e3o diversas apresenta\u00e7\u00f5es art\u00edsticas com dan\u00e7as e m\u00fasicas de diferentes estilos.&nbsp;<\/p>\n\n\n\n<p>\u201cO nosso objetivo \u00e9 dar visibilidade a essa data t\u00e3o importante e tamb\u00e9m aos artistas com defici\u00eancia do nosso munic\u00edpio, apresentando ao p\u00fablico as suas potencialidades culturais,\u201d afirmou o subsecret\u00e1rio da Pessoa com Defici\u00eancia, Evangelista Ubirajara.<\/p>\n\n\n\n<p>O evento \u00e9 gratuito e est\u00e1 sujeito \u00e0 lota\u00e7\u00e3o do teatro.<\/p>\n\n\n\n<p><strong><em>S\u00e3o Gon\u00e7alo vai mudar: Not\u00edcias de S\u00e3o Gon\u00e7alo e toda regi\u00e3o.<\/em><\/strong><\/p>\n\n\n\n<figure class=\"wp-block-video\"><video height=\"1280\" style=\"aspect-ratio: 720 \/ 1280;\" width=\"720\" controls src=\"https:\/\/sgvaimudar.com.br\/wp-content\/uploads\/2025\/11\/Natal.2025.SGVM_.mp4\"><\/video><\/figure>\n","protected":false},"excerpt":{"rendered":"<p>\u201cCelebrando a diversidade e construindo a inclus\u00e3o\u201d acontece no Teatro Municipal na pr\u00f3xima quarta-feira Em comemora\u00e7\u00e3o ao Dia Internacional da&hellip;<\/p>\n","protected":false},"author":5,"featured_media":34175,"comment_status":"closed","ping_status":"open","sticky":false,"template":"","format":"standard","meta":{"fifu_image_url":"https:\/\/sgvaimudar.com.br\/wp-content\/uploads\/2025\/05\/Fachada-Teatro-Municipal-de-Sao-Goncalo-Foto-Renan-Otto-26-04-2023-10-1.jpg","fifu_image_alt":"","footnotes":""},"categories":[3],"tags":[335,180,130,333,334,47,75,332],"class_list":["post-34172","post","type-post","status-publish","format-standard","has-post-thumbnail","hentry","category-sao-goncalo","tag-deficiencia","tag-dia","tag-internacional","tag-municipal","tag-pessoa","tag-rj","tag-sao-goncalo","tag-teatro"],"_links":{"self":[{"href":"https:\/\/sgvaimudar.com.br\/index.php\/wp-json\/wp\/v2\/posts\/34172","targetHints":{"allow":["GET"]}}],"collection":[{"href":"https:\/\/sgvaimudar.com.br\/index.php\/wp-json\/wp\/v2\/posts"}],"about":[{"href":"https:\/\/sgvaimudar.com.br\/index.php\/wp-json\/wp\/v2\/types\/post"}],"author":[{"embeddable":true,"href":"https:\/\/sgvaimudar.com.br\/index.php\/wp-json\/wp\/v2\/users\/5"}],"replies":[{"embeddable":true,"href":"https:\/\/sgvaimudar.com.br\/index.php\/wp-json\/wp\/v2\/comments?post=34172"}],"version-history":[{"count":1,"href":"https:\/\/sgvaimudar.com.br\/index.php\/wp-json\/wp\/v2\/posts\/34172\/revisions"}],"predecessor-version":[{"id":34174,"href":"https:\/\/sgvaimudar.com.br\/index.php\/wp-json\/wp\/v2\/posts\/34172\/revisions\/34174"}],"wp:featuredmedia":[{"embeddable":true,"href":"https:\/\/sgvaimudar.com.br\/index.php\/wp-json\/wp\/v2\/media\/34175"}],"wp:attachment":[{"href":"https:\/\/sgvaimudar.com.br\/index.php\/wp-json\/wp\/v2\/media?parent=34172"}],"wp:term":[{"taxonomy":"category","embeddable":true,"href":"https:\/\/sgvaimudar.com.br\/index.php\/wp-json\/wp\/v2\/categories?post=34172"},{"taxonomy":"post_tag","embeddable":true,"href":"https:\/\/sgvaimudar.com.br\/index.php\/wp-json\/wp\/v2\/tags?post=34172"}],"curies":[{"name":"wp","href":"https:\/\/api.w.org\/{rel}","templated":true}]}}