{"id":34167,"date":"2025-11-30T11:00:00","date_gmt":"2025-11-30T14:00:00","guid":{"rendered":"https:\/\/sgvaimudar.com.br\/?p=34167"},"modified":"2025-11-30T05:28:53","modified_gmt":"2025-11-30T08:28:53","slug":"saude-goncalense-inicia-acoes-da-campanha-dezembro-vermelho-nesta-segunda-feira-1o","status":"publish","type":"post","link":"https:\/\/sgvaimudar.com.br\/index.php\/2025\/11\/30\/saude-goncalense-inicia-acoes-da-campanha-dezembro-vermelho-nesta-segunda-feira-1o\/","title":{"rendered":"Sa\u00fade gon\u00e7alense inicia a\u00e7\u00f5es da campanha Dezembro Vermelho nesta segunda-feira (1\u00ba)"},"content":{"rendered":"\n<p><em>Durante todo o m\u00eas, haver\u00e1 programa\u00e7\u00e3o para conscientiza\u00e7\u00e3o e preve\u00e7\u00e3o<\/em><\/p>\n\n\n\n<p>Para marcar o Dia Mundial de Luta Contra a Aids, celebrado em 1\u00ba de dezembro, a coordena\u00e7\u00e3o do Programa de Infec\u00e7\u00f5es Sexualmente Transmiss\u00edveis (ISTs\/Aids) e Hepatites Virais da Secretaria de Sa\u00fade da Prefeitura de S\u00e3o Gon\u00e7alo realizar\u00e1 a\u00e7\u00f5es de preven\u00e7\u00e3o e conscientiza\u00e7\u00e3o na Pra\u00e7a Dr. Luiz Palmier, no Centro, das 9h \u00e0s 12h.&nbsp;<\/p>\n\n\n\n<p>Dando continuidade \u00e0s atividades que fazem parte da Campanha Dezembro Vermelho, haver\u00e1 o \u201cII Semin\u00e1rio HIV e Aids: Precisamos Falar sobre Isso, Informa\u00e7\u00e3o \u00e9 o Ant\u00eddoto Contra o Preconceito\u201d no audit\u00f3rio da universidade Est\u00e1cio de S\u00e1, em Alc\u00e2ntara, para profissionais de sa\u00fade e convidados da sociedade civil no dia 5 de dezembro, das 9h \u00e0s 13h.\u00a0<\/p>\n\n\n\n<figure class=\"wp-block-image size-large\"><img fetchpriority=\"high\" decoding=\"async\" width=\"724\" height=\"1024\" src=\"https:\/\/sgvaimudar.com.br\/wp-content\/uploads\/2025\/11\/unnamed-8-16-724x1024.jpg\" alt=\"\" class=\"wp-image-34168\" srcset=\"https:\/\/sgvaimudar.com.br\/wp-content\/uploads\/2025\/11\/unnamed-8-16-724x1024.jpg 724w, https:\/\/sgvaimudar.com.br\/wp-content\/uploads\/2025\/11\/unnamed-8-16-212x300.jpg 212w, https:\/\/sgvaimudar.com.br\/wp-content\/uploads\/2025\/11\/unnamed-8-16-768x1086.jpg 768w, https:\/\/sgvaimudar.com.br\/wp-content\/uploads\/2025\/11\/unnamed-8-16-1086x1536.jpg 1086w, https:\/\/sgvaimudar.com.br\/wp-content\/uploads\/2025\/11\/unnamed-8-16.jpg 1131w\" sizes=\"(max-width: 724px) 100vw, 724px\" \/><\/figure>\n\n\n\n<p>Profissionais de sa\u00fade tamb\u00e9m estar\u00e3o presentes na Rua Yolanda Saad Abuzaid, popular Cal\u00e7ad\u00e3o de Alc\u00e2ntara, no dia 8 de dezembro, das 9h \u00e0s 12h, com a mesma a\u00e7\u00e3o que ser\u00e1 realizada na Pra\u00e7a Dr. Luiz Palmier. As duas v\u00e3o contar com distribui\u00e7\u00e3o de insumos como preservativos internos e externos, incluindo o novo preservativo texturizado; gel lubrificante, auto testes de HIV e materiais informativos sobre cuidados, preven\u00e7\u00e3o e tratamento.<\/p>\n\n\n\n<p>&nbsp;&nbsp;&nbsp;\u201cAs atividades t\u00eam como objetivo refor\u00e7ar a import\u00e2ncia do diagn\u00f3stico precoce, testagem, preven\u00e7\u00e3o combinada, incluindo PREP (profilaxia pr\u00e9-exposi\u00e7\u00e3o) e PEP (profilaxia p\u00f3s-exposi\u00e7\u00e3o), do acesso facilitado \u00e0s orienta\u00e7\u00f5es sobre HIV e outras ISTs e os tratamentos nas unidades de sa\u00fade\u201d, explicou Monique Gonzalez, coordenadora do Programa IST\/Aids e Hepatites Virais da Policl\u00ednica Gon\u00e7alense de Refer\u00eancia para Doen\u00e7as Cr\u00f4nicas e Transmiss\u00edveis.&nbsp;<\/p>\n\n\n\n<p>&nbsp;&nbsp;&nbsp;&nbsp;&nbsp;Para conscientizar os pacientes das unidades de sa\u00fade de S\u00e3o Gon\u00e7alo, principalmente sobre preven\u00e7\u00e3o, a oferta de testes r\u00e1pidos das ISTs e onde encontrar tratamento, os profissionais realizar\u00e3o orienta\u00e7\u00f5es durante todo o m\u00eas de dezembro nas salas de espera.&nbsp;<\/p>\n\n\n\n<p>&nbsp;&nbsp;&nbsp;&nbsp;Os testes r\u00e1pidos e os preservativos est\u00e3o dispon\u00edveis na maioria das unidades de sa\u00fade. Al\u00e9m do HIV, h\u00e1 testes para hepatites virais B e C e s\u00edfilis, de segunda-feira a sexta-feira, das 8h \u00e0s 17h (exceto feriados). O diagn\u00f3stico \u00e9 de extrema import\u00e2ncia para o paciente iniciar o tratamento e, com orienta\u00e7\u00e3o, evitar que contamine outras pessoas. \u00c9 tudo de gra\u00e7a, oferecido pelo Sistema \u00danico de Sa\u00fade (SUS).<\/p>\n\n\n\n<p>&nbsp;&nbsp;&nbsp;&nbsp;&nbsp;\u201cAs iniciativas refor\u00e7am o papel da informa\u00e7\u00e3o e da preven\u00e7\u00e3o como ferramentas essenciais para reduzir a transmiss\u00e3o do HIV e combater o estigma que ainda envolve a doen\u00e7a. Mais importante do que o diagn\u00f3stico \u00e9 a preven\u00e7\u00e3o. Em S\u00e3o Gon\u00e7alo, a proposta \u00e9 levar o cuidado para perto da popula\u00e7\u00e3o, fortalecendo o acesso aos servi\u00e7os e promovendo uma cultura de sa\u00fade mais consciente\u201d, concluiu a subsecret\u00e1ria de Sa\u00fade Coletiva, Thain\u00e1 Fratane.<\/p>\n\n\n\n<p>&nbsp;&nbsp;&nbsp;&nbsp;&nbsp;A Campanha Dezembro Vermelho tem o objetivo de promover a preven\u00e7\u00e3o, o diagn\u00f3stico e o tratamento HIV\/AIDS; desmistificar preconceitos e estigmas associados \u00e0 condi\u00e7\u00e3o e refor\u00e7ar a solidariedade, a toler\u00e2ncia, a compaix\u00e3o e a compreens\u00e3o com as pessoas infectadas.&nbsp;<\/p>\n\n\n\n<p>&nbsp;&nbsp;&nbsp;&nbsp;<strong>N\u00fameros<\/strong>&nbsp;\u2013 Atualmente, S\u00e3o Gon\u00e7alo tem 5.227 pacientes em tratamento de HIV. Este ano, 263 novos pacientes iniciaram o tratamento at\u00e9 o fim de outubro e 63 gestantes foram diagnosticadas com a doen\u00e7a. At\u00e9 o fim de outubro, tamb\u00e9m foram realizados 37.471 testes r\u00e1pidos e 715 testaram positivo.&nbsp;&nbsp;&nbsp;&nbsp;&nbsp;<\/p>\n\n\n\n<p>&nbsp;&nbsp;&nbsp;&nbsp;<strong>Unidades com tratamentos, de segunda a sexta, das 8h \u00e0s 17h<\/strong><\/p>\n\n\n\n<p><strong>HIV:<\/strong><\/p>\n\n\n\n<p>\u2022 Policl\u00ednica Gon\u00e7alense de Refer\u00eancia para Doen\u00e7as Cr\u00f4nicas e Transmiss\u00edveis, Parada 40;<\/p>\n\n\n\n<p>\u2022 Polo Sanit\u00e1rio H\u00e9lio Cruz, Alc\u00e2ntara;<\/p>\n\n\n\n<p>\u2022 Cl\u00ednica da Fam\u00edlia Dr. Zerbini, Arsenal.<\/p>\n\n\n\n<p><strong>Hepatite B e C:<\/strong><\/p>\n\n\n\n<p>\u2022 Policl\u00ednica Gon\u00e7alense de Refer\u00eancia para Doen\u00e7as Cr\u00f4nicas e Transmiss\u00edveis, Parada 40;&nbsp;<\/p>\n\n\n\n<p><strong>S\u00edfilis:<\/strong><\/p>\n\n\n\n<p>\u2022 Polo Sanit\u00e1rio H\u00e9lio Cruz, Alc\u00e2ntara;<\/p>\n\n\n\n<p>\u2022 Polo Sanit\u00e1rio Jorge Teixeira de Lima, Jardim Catarina;<\/p>\n\n\n\n<p>\u2022 Polo Sanit\u00e1rio Paulo Marques Rangel, Porto do Rosa;<\/p>\n\n\n\n<p>\u2022 Polo Sanit\u00e1rio Washington Luiz Lopes, Z\u00e9 Garoto;<\/p>\n\n\n\n<p>\u2022 Polo Sanit\u00e1rio Augusto Sena, Rio de Ouro;<\/p>\n\n\n\n<p>\u2022 Cl\u00ednica Municipal Gon\u00e7alense do Barro Vermelho;<\/p>\n\n\n\n<p>\u2022 Cl\u00ednica da Fam\u00edlia Dr. Jardel do Amaral, Venda da Cruz;<\/p>\n\n\n\n<p>\u2022 Cl\u00ednica Municipal Gon\u00e7alense do Mutondo;<\/p>\n\n\n\n<p>\u2022 Cl\u00ednica Municipal Euryclides de Jesus Zerbini, Arsenal;<\/p>\n\n\n\n<p>\u2022 Policl\u00ednica Gon\u00e7alense de Refer\u00eancia para Doen\u00e7as Cr\u00f4nicas e Transmiss\u00edveis, Parada 40.<\/p>\n\n\n\n<p><strong>Locais de Atendimento da Prep (sem marca\u00e7\u00e3o: de segunda a sexta, das 8h \u00e0s 17h)<\/strong><\/p>\n\n\n\n<p>\u2022 Policl\u00ednica Gon\u00e7alense de Refer\u00eancia para Doen\u00e7as Cr\u00f4nicas e Transmiss\u00edveis, Parada 40;<\/p>\n\n\n\n<p>\u2022 Polo Sanit\u00e1rio H\u00e9lio Cruz, Alc\u00e2ntara;<\/p>\n\n\n\n<p>\u2022 Cl\u00ednica da Fam\u00edlia Dr. Zerbini, Arsenal.<\/p>\n\n\n\n<p><strong>Locais de Atendimento da PEP (sem marca\u00e7\u00e3o: de segunda a sexta, das 8h \u00e0s 17h)<\/strong><\/p>\n\n\n\n<p>\u2022 Polo Sanit\u00e1rio H\u00e9lio Cruz, Alc\u00e2ntara<\/p>\n\n\n\n<p>\u2022 Polo Sanit\u00e1rio Washington Luiz Lopes, Z\u00e9 Garoto<\/p>\n\n\n\n<p>\u2022 Polo Sanit\u00e1rio Augusto Sena, Rio do Ouro<\/p>\n\n\n\n<p>\u2022 Polo Sanit\u00e1rio Paulo Marques Rangel, Port\u00e3o do Rosa<\/p>\n\n\n\n<p>\u2022 Polo Sanit\u00e1rio Jorge Teixeira de Lima, Jardim Catarina<\/p>\n\n\n\n<p>\u2022 Cl\u00ednica Gon\u00e7alense do Mutondo<\/p>\n\n\n\n<p>\u2022 Cl\u00ednica Gon\u00e7alense do Barro Vermelho<\/p>\n\n\n\n<p>\u2022 Cl\u00ednica da Fam\u00edlia Dr. Zerbini, Arsenal<\/p>\n\n\n\n<p>\u2022 Policl\u00ednica Gon\u00e7alense de Refer\u00eancia para Doen\u00e7as Cr\u00f4nicas e Transmiss\u00edveis<\/p>\n\n\n\n<p><strong>Urg\u00eancia e Emerg\u00eancia, diariamente, ap\u00f3s 17h<\/strong><\/p>\n\n\n\n<p>\u2022 Pronto Socorro Central, Z\u00e9 Garoto<\/p>\n\n\n\n<p>\u2022 Pronto Socorro Infantil (PSI), Z\u00e9 Garoto &#8211; crian\u00e7as at\u00e9 14 anos<\/p>\n\n\n\n<p>\u2022 Umpa de Nova Cidade<\/p>\n\n\n\n<p>\u2022 Umpa do Pacheco.<\/p>\n\n\n\n<p><strong><em>S\u00e3o Gon\u00e7alo vai mudar: Not\u00edcias de S\u00e3o Gon\u00e7alo e toda regi\u00e3o.<\/em><\/strong><\/p>\n\n\n\n<figure class=\"wp-block-video\"><video height=\"560\" style=\"aspect-ratio: 560 \/ 560;\" width=\"560\" controls src=\"https:\/\/sgvaimudar.com.br\/wp-content\/uploads\/2025\/11\/WhatsApp-Video-2025.NATAL_.mp4\"><\/video><\/figure>\n","protected":false},"excerpt":{"rendered":"<p>Durante todo o m\u00eas, haver\u00e1 programa\u00e7\u00e3o para conscientiza\u00e7\u00e3o e preve\u00e7\u00e3o Para marcar o Dia Mundial de Luta Contra a Aids,&hellip;<\/p>\n","protected":false},"author":5,"featured_media":34171,"comment_status":"closed","ping_status":"open","sticky":false,"template":"","format":"standard","meta":{"fifu_image_url":"https:\/\/sgvaimudar.com.br\/wp-content\/uploads\/2025\/11\/WhatsApp-Image-2025-04-03-at-11.09.14-1-500x281-1.jpeg","fifu_image_alt":"","footnotes":""},"categories":[7],"tags":[331,328,330,47,75,329],"class_list":["post-34167","post","type-post","status-publish","format-standard","has-post-thumbnail","hentry","category-saude","tag-aids","tag-dezembro","tag-luta","tag-rj","tag-sao-goncalo","tag-vermelho"],"_links":{"self":[{"href":"https:\/\/sgvaimudar.com.br\/index.php\/wp-json\/wp\/v2\/posts\/34167","targetHints":{"allow":["GET"]}}],"collection":[{"href":"https:\/\/sgvaimudar.com.br\/index.php\/wp-json\/wp\/v2\/posts"}],"about":[{"href":"https:\/\/sgvaimudar.com.br\/index.php\/wp-json\/wp\/v2\/types\/post"}],"author":[{"embeddable":true,"href":"https:\/\/sgvaimudar.com.br\/index.php\/wp-json\/wp\/v2\/users\/5"}],"replies":[{"embeddable":true,"href":"https:\/\/sgvaimudar.com.br\/index.php\/wp-json\/wp\/v2\/comments?post=34167"}],"version-history":[{"count":1,"href":"https:\/\/sgvaimudar.com.br\/index.php\/wp-json\/wp\/v2\/posts\/34167\/revisions"}],"predecessor-version":[{"id":34170,"href":"https:\/\/sgvaimudar.com.br\/index.php\/wp-json\/wp\/v2\/posts\/34167\/revisions\/34170"}],"wp:featuredmedia":[{"embeddable":true,"href":"https:\/\/sgvaimudar.com.br\/index.php\/wp-json\/wp\/v2\/media\/34171"}],"wp:attachment":[{"href":"https:\/\/sgvaimudar.com.br\/index.php\/wp-json\/wp\/v2\/media?parent=34167"}],"wp:term":[{"taxonomy":"category","embeddable":true,"href":"https:\/\/sgvaimudar.com.br\/index.php\/wp-json\/wp\/v2\/categories?post=34167"},{"taxonomy":"post_tag","embeddable":true,"href":"https:\/\/sgvaimudar.com.br\/index.php\/wp-json\/wp\/v2\/tags?post=34167"}],"curies":[{"name":"wp","href":"https:\/\/api.w.org\/{rel}","templated":true}]}}