{"id":34153,"date":"2025-11-29T17:00:00","date_gmt":"2025-11-29T20:00:00","guid":{"rendered":"https:\/\/sgvaimudar.com.br\/?p=34153"},"modified":"2025-11-29T09:52:51","modified_gmt":"2025-11-29T12:52:51","slug":"rede-municipal-de-ensino-comemora-20-anos-de-centro-de-formacao-para-professores","status":"publish","type":"post","link":"https:\/\/sgvaimudar.com.br\/index.php\/2025\/11\/29\/rede-municipal-de-ensino-comemora-20-anos-de-centro-de-formacao-para-professores\/","title":{"rendered":"Rede Municipal de ensino comemora 20 anos de centro de forma\u00e7\u00e3o para professores"},"content":{"rendered":"\n<p><em>CREFCON \u00e9 refer\u00eancia na forma\u00e7\u00e3o cont\u00ednua dos profissionais de ensino<\/em><\/p>\n\n\n\n<p>A Secretaria de Educa\u00e7\u00e3o da Prefeitura de S\u00e3o Gon\u00e7alo est\u00e1 em festa. Tanto que celebrou, nesta sexta-feira (28), no Teatro Municipal George Savalla Gomes, no Centro, os 20 anos do Centro Municipal de Forma\u00e7\u00e3o Continuada Prefeito Hairson Monteiro dos Santos (Crefcon). A institui\u00e7\u00e3o promove, desde 2005, conhecimento e forma\u00e7\u00f5es complementares para os professores da rede municipal.<\/p>\n\n\n\n<p>\u201cA cria\u00e7\u00e3o do Crefcon foi uma escolha estrat\u00e9gica que reposicionou S\u00e3o Gon\u00e7alo no cen\u00e1rio educacional. A institui\u00e7\u00e3o vem da compreens\u00e3o de que a forma\u00e7\u00e3o docente n\u00e3o pode ser epis\u00f3dica, fragmentada ou acess\u00f3ria, ela precisa ser cont\u00ednua, estruturada e institucional. Anos depois, redes municipais e estaduais come\u00e7aram a reproduzir modelos semelhantes e o que foi concebido aqui se transformou em refer\u00eancia nacional\u201d, afirmou a subsecret\u00e1ria de A\u00e7\u00f5es Pedag\u00f3gicas, Eliane Melo.<\/p>\n\n\n\n<figure class=\"wp-block-image size-full\"><img fetchpriority=\"high\" decoding=\"async\" width=\"1024\" height=\"681\" src=\"https:\/\/sgvaimudar.com.br\/wp-content\/uploads\/2025\/11\/unnamed-7-15.jpg\" alt=\"\" class=\"wp-image-34154\" srcset=\"https:\/\/sgvaimudar.com.br\/wp-content\/uploads\/2025\/11\/unnamed-7-15.jpg 1024w, https:\/\/sgvaimudar.com.br\/wp-content\/uploads\/2025\/11\/unnamed-7-15-300x200.jpg 300w, https:\/\/sgvaimudar.com.br\/wp-content\/uploads\/2025\/11\/unnamed-7-15-768x511.jpg 768w\" sizes=\"(max-width: 1024px) 100vw, 1024px\" \/><\/figure>\n\n\n\n<p>A ideia foi homenagear professores, diretores e todos os profissionais que fizeram parte da hist\u00f3ria do Crefcon, al\u00e9m do criador, Eug\u00eanio Abreu, secret\u00e1rio de Educa\u00e7\u00e3o \u00e0 \u00e9poca e atualmente presidente da Funasg.. O evento fez uma retrospectiva das oficinas e forma\u00e7\u00f5es ao longo dos 20 anos de funcionamento.<\/p>\n\n\n\n<p>&nbsp;\u201c\u00c9 um momento muito bonito da gente estar aqui cada vez mais pensando na rede municipal. O Crefcon \u00e9 um lugar que pensa nas necessidades do professor, com forma\u00e7\u00f5es desde a chegada do profissional na rede. \u00c9 muito importante a gente potencializar o trabalho docente\u201d, disse a diretora, Shirlei Victorino.<\/p>\n\n\n\n<p><em>Fotos: Luiz Carvalho<\/em><\/p>\n\n\n\n<p><strong><em>S\u00e3o Gon\u00e7alo vai mudar: Not\u00edcias de S\u00e3o Gon\u00e7alo e toda regi\u00e3o.<\/em><\/strong><\/p>\n\n\n\n<figure class=\"wp-block-video\"><video height=\"560\" style=\"aspect-ratio: 560 \/ 560;\" width=\"560\" controls src=\"https:\/\/sgvaimudar.com.br\/wp-content\/uploads\/2025\/11\/WhatsApp-Video-2025.NATAL_.mp4\"><\/video><\/figure>\n","protected":false},"excerpt":{"rendered":"<p>CREFCON \u00e9 refer\u00eancia na forma\u00e7\u00e3o cont\u00ednua dos profissionais de ensino A Secretaria de Educa\u00e7\u00e3o da Prefeitura de S\u00e3o Gon\u00e7alo est\u00e1&hellip;<\/p>\n","protected":false},"author":5,"featured_media":34158,"comment_status":"closed","ping_status":"open","sticky":false,"template":"","format":"standard","meta":{"fifu_image_url":"https:\/\/sgvaimudar.com.br\/wp-content\/uploads\/2025\/11\/unnamed-6-16.jpg","fifu_image_alt":"","footnotes":""},"categories":[3],"tags":[324,250,325,252,47,75],"class_list":["post-34153","post","type-post","status-publish","format-standard","has-post-thumbnail","hentry","category-sao-goncalo","tag-20-anos","tag-educacao","tag-formacao","tag-professores","tag-rj","tag-sao-goncalo"],"_links":{"self":[{"href":"https:\/\/sgvaimudar.com.br\/index.php\/wp-json\/wp\/v2\/posts\/34153","targetHints":{"allow":["GET"]}}],"collection":[{"href":"https:\/\/sgvaimudar.com.br\/index.php\/wp-json\/wp\/v2\/posts"}],"about":[{"href":"https:\/\/sgvaimudar.com.br\/index.php\/wp-json\/wp\/v2\/types\/post"}],"author":[{"embeddable":true,"href":"https:\/\/sgvaimudar.com.br\/index.php\/wp-json\/wp\/v2\/users\/5"}],"replies":[{"embeddable":true,"href":"https:\/\/sgvaimudar.com.br\/index.php\/wp-json\/wp\/v2\/comments?post=34153"}],"version-history":[{"count":1,"href":"https:\/\/sgvaimudar.com.br\/index.php\/wp-json\/wp\/v2\/posts\/34153\/revisions"}],"predecessor-version":[{"id":34157,"href":"https:\/\/sgvaimudar.com.br\/index.php\/wp-json\/wp\/v2\/posts\/34153\/revisions\/34157"}],"wp:featuredmedia":[{"embeddable":true,"href":"https:\/\/sgvaimudar.com.br\/index.php\/wp-json\/wp\/v2\/media\/34158"}],"wp:attachment":[{"href":"https:\/\/sgvaimudar.com.br\/index.php\/wp-json\/wp\/v2\/media?parent=34153"}],"wp:term":[{"taxonomy":"category","embeddable":true,"href":"https:\/\/sgvaimudar.com.br\/index.php\/wp-json\/wp\/v2\/categories?post=34153"},{"taxonomy":"post_tag","embeddable":true,"href":"https:\/\/sgvaimudar.com.br\/index.php\/wp-json\/wp\/v2\/tags?post=34153"}],"curies":[{"name":"wp","href":"https:\/\/api.w.org\/{rel}","templated":true}]}}