{"id":34148,"date":"2025-11-29T15:00:00","date_gmt":"2025-11-29T18:00:00","guid":{"rendered":"https:\/\/sgvaimudar.com.br\/?p=34148"},"modified":"2025-11-29T09:47:10","modified_gmt":"2025-11-29T12:47:10","slug":"secretaria-municipal-de-meio-ambiente-e-transportes-inicia-atendimento-em-nova-sede-na-proxima-segunda-1o","status":"publish","type":"post","link":"https:\/\/sgvaimudar.com.br\/index.php\/2025\/11\/29\/secretaria-municipal-de-meio-ambiente-e-transportes-inicia-atendimento-em-nova-sede-na-proxima-segunda-1o\/","title":{"rendered":"Secretaria Municipal de Meio Ambiente e Transportes inicia atendimento em nova sede na pr\u00f3xima segunda 1\u00ba"},"content":{"rendered":"\n<p><em>Centraliza\u00e7\u00e3o dos servi\u00e7os oferece maior efici\u00eancia na an\u00e1lise, fiscaliza\u00e7\u00e3o e licenciamento no munic\u00edpio<\/em><\/p>\n\n\n\n<p>A Secretaria de Meio Ambiente e Transportes (Semmatran) da Prefeitura de S\u00e3o Gon\u00e7alo est\u00e1 de &#8220;casa&#8221; nova. Agora a pasta passa a funcionar, a partir da pr\u00f3xima segunda-feira (1), na Rua Dr. Feliciano Sodr\u00e9, 153, no Centro. <\/p>\n\n\n\n<p>O atendimento ao p\u00fablico ocorrer\u00e1 de segunda a sexta-feira, das 9h \u00e0s 17h. A estrutura tamb\u00e9m abrigar\u00e1 a Subsecretaria de Fiscaliza\u00e7\u00e3o e Licenciamento de Obras, que integra oficialmente a pasta desde a publica\u00e7\u00e3o do Decreto Municipal n\u00ba 001\/2025.<\/p>\n\n\n\n<p>Com a unifica\u00e7\u00e3o das secretarias de Meio Ambiente, Transportes e da Subsecretaria de Fiscaliza\u00e7\u00e3o e Licenciamento de Obras \u2014 realizada no in\u00edcio da segunda gest\u00e3o do prefeito Capit\u00e3o Nelson \u2014 os servi\u00e7os agora passam a operar em um \u00fanico espa\u00e7o, oferecendo mais praticidade para a popula\u00e7\u00e3o e uma gest\u00e3o mais eficiente das demandas ambientais, urban\u00edsticas e de mobilidade.<\/p>\n\n\n\n<p>A nova sede re\u00fane, em um s\u00f3 endere\u00e7o, setores como Administra\u00e7\u00e3o, \u00c1reas Verdes, Fiscaliza\u00e7\u00e3o e Licenciamento Ambiental, Fiscaliza\u00e7\u00e3o e Licenciamento Urban\u00edstico, Fiscaliza\u00e7\u00e3o de Transportes, al\u00e9m da Divis\u00e3o de Controle de Infra\u00e7\u00e3o, entre outros. O objetivo \u00e9 otimizar processos, agilizar o atendimento e fortalecer o trabalho integrado entre as equipes.<\/p>\n\n\n\n<p>Para o secret\u00e1rio de Meio Ambiente e Transportes, Fabio Lemos, a centraliza\u00e7\u00e3o dos servi\u00e7os representa um avan\u00e7o importante para a cidade.<\/p>\n\n\n\n<p>\u201cA fus\u00e3o das secretarias exigiu uma reorganiza\u00e7\u00e3o que agora se materializa em um \u00fanico espa\u00e7o f\u00edsico, preparado para receber a popula\u00e7\u00e3o com mais efici\u00eancia. Reunir meio ambiente, transportes e fiscaliza\u00e7\u00e3o de obras facilita o fluxo de informa\u00e7\u00f5es, reduz deslocamentos e torna os processos mais \u00e1geis. Essa integra\u00e7\u00e3o fortalece a nossa capacidade de atua\u00e7\u00e3o e melhora o atendimento ao cidad\u00e3o, que encontra todos os servi\u00e7os em um s\u00f3 lugar\u201d, afirmou o secret\u00e1rio.<\/p>\n\n\n\n<p>Os servi\u00e7os oferecidos pela Secretaria de Meio Ambiente e Transportes podem ser consultados no portal oficial da Prefeitura de S\u00e3o Gon\u00e7alo atrav\u00e9s do link:&nbsp;<a href=\"https:\/\/click.cse360.com.br\/Click\/AddCampaignEmailClick\/304614c8-f5ae-47dc-53b6-08de2e872dea\/https%253a%252f%252fwww.saogoncalo.rj.gov.br%252fmeio-ambiente-e-transportes%252f\/ac66966e-2b55-4484-fb2c-08dc491eed5f\/jornalistaws@gmail.com\/False\" rel=\"noreferrer noopener\" target=\"_blank\">https:\/\/www.saogoncalo.rj.gov.br\/meio-ambiente-e-transportes\/<\/a>.<\/p>\n\n\n\n<p><em>Foto: Luiz Carvalho<\/em><\/p>\n\n\n\n<p><strong><em>S\u00e3o Gon\u00e7alo vai mudar: Not\u00edcias de S\u00e3o Gon\u00e7alo e toda regi\u00e3o.<\/em><\/strong><\/p>\n\n\n\n<figure class=\"wp-block-video\"><video height=\"1280\" style=\"aspect-ratio: 720 \/ 1280;\" width=\"720\" controls src=\"https:\/\/sgvaimudar.com.br\/wp-content\/uploads\/2025\/11\/Natal.2025.SGVM_.mp4\"><\/video><\/figure>\n","protected":false},"excerpt":{"rendered":"<p>Centraliza\u00e7\u00e3o dos servi\u00e7os oferece maior efici\u00eancia na an\u00e1lise, fiscaliza\u00e7\u00e3o e licenciamento no munic\u00edpio A Secretaria de Meio Ambiente e Transportes&hellip;<\/p>\n","protected":false},"author":5,"featured_media":34152,"comment_status":"closed","ping_status":"open","sticky":false,"template":"","format":"standard","meta":{"fifu_image_url":"https:\/\/sgvaimudar.com.br\/wp-content\/uploads\/2025\/11\/MeioAmbienteTransportes.jpg","fifu_image_alt":"","footnotes":""},"categories":[3],"tags":[322,319,321,47,75,320,323],"class_list":["post-34148","post","type-post","status-publish","format-standard","has-post-thumbnail","hentry","category-sao-goncalo","tag-ambiente","tag-atendimento","tag-meio","tag-rj","tag-sao-goncalo","tag-secretaria","tag-transportes"],"_links":{"self":[{"href":"https:\/\/sgvaimudar.com.br\/index.php\/wp-json\/wp\/v2\/posts\/34148","targetHints":{"allow":["GET"]}}],"collection":[{"href":"https:\/\/sgvaimudar.com.br\/index.php\/wp-json\/wp\/v2\/posts"}],"about":[{"href":"https:\/\/sgvaimudar.com.br\/index.php\/wp-json\/wp\/v2\/types\/post"}],"author":[{"embeddable":true,"href":"https:\/\/sgvaimudar.com.br\/index.php\/wp-json\/wp\/v2\/users\/5"}],"replies":[{"embeddable":true,"href":"https:\/\/sgvaimudar.com.br\/index.php\/wp-json\/wp\/v2\/comments?post=34148"}],"version-history":[{"count":1,"href":"https:\/\/sgvaimudar.com.br\/index.php\/wp-json\/wp\/v2\/posts\/34148\/revisions"}],"predecessor-version":[{"id":34151,"href":"https:\/\/sgvaimudar.com.br\/index.php\/wp-json\/wp\/v2\/posts\/34148\/revisions\/34151"}],"wp:featuredmedia":[{"embeddable":true,"href":"https:\/\/sgvaimudar.com.br\/index.php\/wp-json\/wp\/v2\/media\/34152"}],"wp:attachment":[{"href":"https:\/\/sgvaimudar.com.br\/index.php\/wp-json\/wp\/v2\/media?parent=34148"}],"wp:term":[{"taxonomy":"category","embeddable":true,"href":"https:\/\/sgvaimudar.com.br\/index.php\/wp-json\/wp\/v2\/categories?post=34148"},{"taxonomy":"post_tag","embeddable":true,"href":"https:\/\/sgvaimudar.com.br\/index.php\/wp-json\/wp\/v2\/tags?post=34148"}],"curies":[{"name":"wp","href":"https:\/\/api.w.org\/{rel}","templated":true}]}}