{"id":34141,"date":"2025-11-29T14:00:00","date_gmt":"2025-11-29T17:00:00","guid":{"rendered":"https:\/\/sgvaimudar.com.br\/?p=34141"},"modified":"2025-11-29T09:37:49","modified_gmt":"2025-11-29T12:37:49","slug":"mobilidade-em-alta-construcao-da-ciclovia-do-muvi-avanca-em-santa-luzia","status":"publish","type":"post","link":"https:\/\/sgvaimudar.com.br\/index.php\/2025\/11\/29\/mobilidade-em-alta-construcao-da-ciclovia-do-muvi-avanca-em-santa-luzia\/","title":{"rendered":"Mobilidade em alta: Constru\u00e7\u00e3o da ciclovia do Muvi avan\u00e7a em Santa Luzia"},"content":{"rendered":"\n<p><em>Trecho 6 do corredor vi\u00e1rio est\u00e1 com interven\u00e7\u00f5es em andamento<\/em><\/p>\n\n\n\n<p>Parte da ciclovia do Mobilidade Urbana Verde Integrada (Muvi), que vai percorrer os 18 quil\u00f4metros de extens\u00e3o do novo corredor vi\u00e1rio de S\u00e3o Gon\u00e7alo, j\u00e1 est\u00e1 tomando forma no bairro de Santa Luzia. <\/p>\n\n\n\n<p>O Muvi come\u00e7a em Neves e seguir\u00e1 at\u00e9 Guaxindiba, passando por v\u00e1rios bairros. Santa Luzia faz parte do trecho 6 do projeto. No momento, cal\u00e7adas e meio-fio tamb\u00e9m est\u00e3o sendo constru\u00eddos no bairro.<\/p>\n\n\n\n<figure class=\"wp-block-image size-full\"><img fetchpriority=\"high\" decoding=\"async\" width=\"1024\" height=\"683\" src=\"https:\/\/sgvaimudar.com.br\/wp-content\/uploads\/2025\/11\/unnamed-5-16.jpg\" alt=\"\" class=\"wp-image-34143\" srcset=\"https:\/\/sgvaimudar.com.br\/wp-content\/uploads\/2025\/11\/unnamed-5-16.jpg 1024w, https:\/\/sgvaimudar.com.br\/wp-content\/uploads\/2025\/11\/unnamed-5-16-300x200.jpg 300w, https:\/\/sgvaimudar.com.br\/wp-content\/uploads\/2025\/11\/unnamed-5-16-768x512.jpg 768w\" sizes=\"(max-width: 1024px) 100vw, 1024px\" \/><\/figure>\n\n\n\n<p>O Muvi \u00e9 o maior projeto de mobilidade urbana j\u00e1 realizado na cidade de S\u00e3o Gon\u00e7alo, com investimento de R$ 287 milh\u00f5es, e est\u00e1 sendo executado atrav\u00e9s de uma parceria entre o Governo do Estado do Rio de Janeiro, atrav\u00e9s da Secretaria das Cidades, e a Prefeitura de S\u00e3o Gon\u00e7alo. No momento, interven\u00e7\u00f5es est\u00e3o em andamento tamb\u00e9m nos trechos 3, 4, 5 e 6.<\/p>\n\n\n\n<p>&#8220;J\u00e1 \u00e9 poss\u00edvel passar pela cidade e ver o resultado do Muvi. Temos trechos prontos em Neves, Vila Lage, Camar\u00e3o, Centro, Estrela do Norte, por exemplo. As pessoas conseguem transitar pela cidade de forma mais r\u00e1pida, com menos tr\u00e2nsito. Al\u00e9m disso, temos a ciclovia, que incentiva o transporte com bicicletas pela cidade. Agrade\u00e7o ao governador Cl\u00e1udio Castro, ao secret\u00e1rio de Estado das Cidades, Douglas Ruas, e ao deputado federal Altineu C\u00f4rtes pelas melhorias em nossa cidade&#8221;, disse o prefeito Capit\u00e3o Nelson.<\/p>\n\n\n\n<p>\u201cPor determina\u00e7\u00e3o do governador Cl\u00e1udio Castro, seguimos avan\u00e7ando no Muvi com aten\u00e7\u00e3o a cada trecho. Em Santa Luzia, a obra vai mudar a vida de quem conviveu por anos com dificuldades de acesso. \u00c9 uma interven\u00e7\u00e3o que mexe na rotina das pessoas e devolve dignidade a quem vive no eixo central de S\u00e3o Gon\u00e7alo\u201d, disse o secret\u00e1rio de Estado das Cidades, Douglas Ruas.<\/p>\n\n\n\n<p>Para o aposentado Jorge Vasconcelos, de 82 anos, o projeto \u00e9 sin\u00f4nimo de modernidade.<\/p>\n\n\n\n<p>&#8220;Essa obra aqui em Santa Luzia est\u00e1 excelente! Nosso bairro precisava ser modernizado e essas obras est\u00e3o trazendo isso. \u00c9 melhoria! S\u00e3o Gon\u00e7alo est\u00e1 mudando para melhor, com ciclovia, mais f\u00e1cil para trafegar nos \u00f4nibus e sem abandono&#8221;, afirmou o aposentado.<\/p>\n\n\n\n<p>O projeto do Muvi foi elaborado pela Secretaria Municipal de Gest\u00e3o Integrada e Projetos Especiais (Semgipe). Todo o percurso est\u00e1 sendo beneficiado com redes de drenagem, al\u00e9m da constru\u00e7\u00e3o de cal\u00e7adas, ciclovias, meios-fios, pavimenta\u00e7\u00e3o, paisagismo e pistas preferenciais para \u00f4nibus.<\/p>\n\n\n\n<p><em>Foto: Fabio Guimar\u00e3es<\/em><\/p>\n\n\n\n<p><strong><em>S\u00e3o Gon\u00e7alo vai mudar: Not\u00edcias de S\u00e3o Gon\u00e7alo e toda regi\u00e3o.<\/em><\/strong><\/p>\n\n\n\n<figure class=\"wp-block-video\"><video height=\"1280\" style=\"aspect-ratio: 720 \/ 1280;\" width=\"720\" controls src=\"https:\/\/sgvaimudar.com.br\/wp-content\/uploads\/2025\/11\/Natal.2025.SGVM_.mp4\"><\/video><\/figure>\n","protected":false},"excerpt":{"rendered":"<p>Trecho 6 do corredor vi\u00e1rio est\u00e1 com interven\u00e7\u00f5es em andamento Parte da ciclovia do Mobilidade Urbana Verde Integrada (Muvi), que&hellip;<\/p>\n","protected":false},"author":5,"featured_media":34145,"comment_status":"closed","ping_status":"open","sticky":false,"template":"","format":"standard","meta":{"fifu_image_url":"https:\/\/sgvaimudar.com.br\/wp-content\/uploads\/2025\/11\/unnamed-4-17.jpg","fifu_image_alt":"","footnotes":""},"categories":[3],"tags":[317,316,315,58,47,75,318],"class_list":["post-34141","post","type-post","status-publish","format-standard","has-post-thumbnail","hentry","category-sao-goncalo","tag-ciclovia","tag-mobilidade","tag-muvi","tag-obras","tag-rj","tag-sao-goncalo","tag-vulto"],"_links":{"self":[{"href":"https:\/\/sgvaimudar.com.br\/index.php\/wp-json\/wp\/v2\/posts\/34141","targetHints":{"allow":["GET"]}}],"collection":[{"href":"https:\/\/sgvaimudar.com.br\/index.php\/wp-json\/wp\/v2\/posts"}],"about":[{"href":"https:\/\/sgvaimudar.com.br\/index.php\/wp-json\/wp\/v2\/types\/post"}],"author":[{"embeddable":true,"href":"https:\/\/sgvaimudar.com.br\/index.php\/wp-json\/wp\/v2\/users\/5"}],"replies":[{"embeddable":true,"href":"https:\/\/sgvaimudar.com.br\/index.php\/wp-json\/wp\/v2\/comments?post=34141"}],"version-history":[{"count":1,"href":"https:\/\/sgvaimudar.com.br\/index.php\/wp-json\/wp\/v2\/posts\/34141\/revisions"}],"predecessor-version":[{"id":34144,"href":"https:\/\/sgvaimudar.com.br\/index.php\/wp-json\/wp\/v2\/posts\/34141\/revisions\/34144"}],"wp:featuredmedia":[{"embeddable":true,"href":"https:\/\/sgvaimudar.com.br\/index.php\/wp-json\/wp\/v2\/media\/34145"}],"wp:attachment":[{"href":"https:\/\/sgvaimudar.com.br\/index.php\/wp-json\/wp\/v2\/media?parent=34141"}],"wp:term":[{"taxonomy":"category","embeddable":true,"href":"https:\/\/sgvaimudar.com.br\/index.php\/wp-json\/wp\/v2\/categories?post=34141"},{"taxonomy":"post_tag","embeddable":true,"href":"https:\/\/sgvaimudar.com.br\/index.php\/wp-json\/wp\/v2\/tags?post=34141"}],"curies":[{"name":"wp","href":"https:\/\/api.w.org\/{rel}","templated":true}]}}