{"id":34127,"date":"2025-11-29T11:00:00","date_gmt":"2025-11-29T14:00:00","guid":{"rendered":"https:\/\/sgvaimudar.com.br\/?p=34127"},"modified":"2025-11-29T09:02:27","modified_gmt":"2025-11-29T12:02:27","slug":"secretaria-municipal-de-educacao-realiza-mostra-pedagogica-com-75-unidades-de-ensino","status":"publish","type":"post","link":"https:\/\/sgvaimudar.com.br\/index.php\/2025\/11\/29\/secretaria-municipal-de-educacao-realiza-mostra-pedagogica-com-75-unidades-de-ensino\/","title":{"rendered":"Secretaria Municipal de Educa\u00e7\u00e3o realiza mostra pedag\u00f3gica com 75 unidades de ensino"},"content":{"rendered":"\n<p><em>Trabalhos desenvolvidos pelos alunos ao longo do ano ficaram em exposi\u00e7\u00e3o<\/em><\/p>\n\n\n\n<p>O p\u00e1tio da Secretaria de Educa\u00e7\u00e3o da Prefeitura de S\u00e3o Gon\u00e7alo foi palco, nesta sexta-feira (28), da Mostra Pedag\u00f3gica da Educa\u00e7\u00e3o Infantil e da Educa\u00e7\u00e3o Especial Inclusiva, com a presen\u00e7a de 70 escolas municipais e cinco creches conveniadas, onde os professores expuseram os trabalhos desenvolvidos com alunos no ano letivo de 2025.<\/p>\n\n\n\n<p>A professora de Sala de Recursos da Umei Ednea Mascarenhas de Ara\u00fajo, Ta\u00eds Leal, levou o projeto \u201cConstruindo a paz atrav\u00e9s da arte\u201d, trabalhado na unidade durante todo o ano, com inspira\u00e7\u00e3o em obras do artista pl\u00e1stico Romero Britto.<\/p>\n\n\n\n<figure class=\"wp-block-image size-large\"><img fetchpriority=\"high\" decoding=\"async\" width=\"1024\" height=\"788\" src=\"https:\/\/sgvaimudar.com.br\/wp-content\/uploads\/2025\/11\/unnamed-1-19-1024x788.jpg\" alt=\"\" class=\"wp-image-34128\" srcset=\"https:\/\/sgvaimudar.com.br\/wp-content\/uploads\/2025\/11\/unnamed-1-19-1024x788.jpg 1024w, https:\/\/sgvaimudar.com.br\/wp-content\/uploads\/2025\/11\/unnamed-1-19-300x231.jpg 300w, https:\/\/sgvaimudar.com.br\/wp-content\/uploads\/2025\/11\/unnamed-1-19-768x591.jpg 768w, https:\/\/sgvaimudar.com.br\/wp-content\/uploads\/2025\/11\/unnamed-1-19-1536x1182.jpg 1536w, https:\/\/sgvaimudar.com.br\/wp-content\/uploads\/2025\/11\/unnamed-1-19-2048x1577.jpg 2048w\" sizes=\"(max-width: 1024px) 100vw, 1024px\" \/><\/figure>\n\n\n\n<p>\u201cS\u00e3o obras coloridas que remetem \u00e0 inf\u00e2ncia. Elaboramos atividades com toda a escola, com conta\u00e7\u00e3o de hist\u00f3rias, constru\u00e7\u00e3o de material adaptado, atividades em grupo, jogos, trabalhando coordena\u00e7\u00e3o motora, cores, entre outros. Foi importante porque os alunos tiveram contato com o artista, que \u00e9 novidade para eles, e despertou tamb\u00e9m a produ\u00e7\u00e3o art\u00edstica deles\u201d, afirmou.<\/p>\n\n\n\n<p>O intuito da mostra \u00e9 dar visibilidade ao trabalho pedag\u00f3gico realizado nas escolas da rede municipal e, principalmente, a troca de conhecimentos e pr\u00e1ticas entre os profissionais da Educa\u00e7\u00e3o.<\/p>\n\n\n\n<p>\u201c\u00c9 uma alegria muito grande, para n\u00f3s da secretaria e para os professores, eles chegam felizes para arrumar a exposi\u00e7\u00e3o. N\u00f3s fornecemos o tema central do ano que foi \u2018Construindo uma cultura de paz e fortalecendo a afetividade no contexto escolar\u2019 e eles v\u00e3o realizando os projetos baseados no tema dentro das escolas. Nesta mostra, eles trouxeram o portf\u00f3lio de tudo que foi feito na escola\u201d disse a coordenadora da Educa\u00e7\u00e3o Infantil, Karine Calixto.<\/p>\n\n\n\n<p><em>Fotos: Luiz Carvalho<\/em><\/p>\n\n\n\n<p><strong><em>S\u00e3o Gon\u00e7alo vai mudar: Not\u00edcias de S\u00e3o Gon\u00e7alo e toda regi\u00e3o.<\/em><\/strong><\/p>\n\n\n\n<figure class=\"wp-block-video\"><video height=\"1280\" style=\"aspect-ratio: 720 \/ 1280;\" width=\"720\" controls src=\"https:\/\/sgvaimudar.com.br\/wp-content\/uploads\/2025\/11\/Natal.2025.SGVM_.mp4\"><\/video><\/figure>\n","protected":false},"excerpt":{"rendered":"<p>Trabalhos desenvolvidos pelos alunos ao longo do ano ficaram em exposi\u00e7\u00e3o O p\u00e1tio da Secretaria de Educa\u00e7\u00e3o da Prefeitura de&hellip;<\/p>\n","protected":false},"author":5,"featured_media":34131,"comment_status":"closed","ping_status":"open","sticky":false,"template":"","format":"standard","meta":{"fifu_image_url":"https:\/\/sgvaimudar.com.br\/wp-content\/uploads\/2025\/11\/unnamed-42.jpg","fifu_image_alt":"","footnotes":""},"categories":[3],"tags":[250,277,308,309,47,75],"class_list":["post-34127","post","type-post","status-publish","format-standard","has-post-thumbnail","hentry","category-sao-goncalo","tag-educacao","tag-infantil","tag-mostra","tag-pedagogica","tag-rj","tag-sao-goncalo"],"_links":{"self":[{"href":"https:\/\/sgvaimudar.com.br\/index.php\/wp-json\/wp\/v2\/posts\/34127","targetHints":{"allow":["GET"]}}],"collection":[{"href":"https:\/\/sgvaimudar.com.br\/index.php\/wp-json\/wp\/v2\/posts"}],"about":[{"href":"https:\/\/sgvaimudar.com.br\/index.php\/wp-json\/wp\/v2\/types\/post"}],"author":[{"embeddable":true,"href":"https:\/\/sgvaimudar.com.br\/index.php\/wp-json\/wp\/v2\/users\/5"}],"replies":[{"embeddable":true,"href":"https:\/\/sgvaimudar.com.br\/index.php\/wp-json\/wp\/v2\/comments?post=34127"}],"version-history":[{"count":1,"href":"https:\/\/sgvaimudar.com.br\/index.php\/wp-json\/wp\/v2\/posts\/34127\/revisions"}],"predecessor-version":[{"id":34130,"href":"https:\/\/sgvaimudar.com.br\/index.php\/wp-json\/wp\/v2\/posts\/34127\/revisions\/34130"}],"wp:featuredmedia":[{"embeddable":true,"href":"https:\/\/sgvaimudar.com.br\/index.php\/wp-json\/wp\/v2\/media\/34131"}],"wp:attachment":[{"href":"https:\/\/sgvaimudar.com.br\/index.php\/wp-json\/wp\/v2\/media?parent=34127"}],"wp:term":[{"taxonomy":"category","embeddable":true,"href":"https:\/\/sgvaimudar.com.br\/index.php\/wp-json\/wp\/v2\/categories?post=34127"},{"taxonomy":"post_tag","embeddable":true,"href":"https:\/\/sgvaimudar.com.br\/index.php\/wp-json\/wp\/v2\/tags?post=34127"}],"curies":[{"name":"wp","href":"https:\/\/api.w.org\/{rel}","templated":true}]}}