{"id":34123,"date":"2025-11-29T08:57:17","date_gmt":"2025-11-29T11:57:17","guid":{"rendered":"https:\/\/sgvaimudar.com.br\/?p=34123"},"modified":"2025-11-29T09:40:04","modified_gmt":"2025-11-29T12:40:04","slug":"prefeitura-autoriza-cobranca-da-bandeira-2-por-taxistas-em-dezembro","status":"publish","type":"post","link":"https:\/\/sgvaimudar.com.br\/index.php\/2025\/11\/29\/prefeitura-autoriza-cobranca-da-bandeira-2-por-taxistas-em-dezembro\/","title":{"rendered":"Prefeitura autoriza cobran\u00e7a da Bandeira 2 por taxistas em dezembro"},"content":{"rendered":"\n<p><em>Medida foi publicada no Di\u00e1rio Oficial do munic\u00edpio nesta sexta-feira (28)<\/em><\/p>\n\n\n\n<p>A Secretaria de Meio Ambiente e Transportes da Prefeitura de S\u00e3o Gon\u00e7alo autorizou a cobran\u00e7a da Bandeira 2 na presta\u00e7\u00e3o do servi\u00e7o de t\u00e1xi do munic\u00edpio de S\u00e3o Gon\u00e7alo durante o m\u00eas de dezembro. A medida foi publicada no Di\u00e1rio Oficial do munic\u00edpio nesta sexta-feira (28) e ter\u00e1 in\u00edcio nesta segunda-feira (1).<\/p>\n\n\n\n<p>A autoriza\u00e7\u00e3o para a cobran\u00e7a da Bandeira 2 em S\u00e3o Gon\u00e7alo j\u00e1 \u00e9 uma tradi\u00e7\u00e3o e tem como objetivo proporcionar aos taxistas uma esp\u00e9cie de 13\u00ba sal\u00e1rio da categoria.<\/p>\n\n\n\n<p>Atualmente, a bandeirada se inicia com o valor fixo de R$ 5,50. Na bandeira 1, a cada quil\u00f4metro rodado, \u00e9 acrescentado o valor de R$ 3,26 e na bandeira 2, aumenta 20% do valor da bandeira 1, indo para R$ 3,91.<\/p>\n\n\n\n<p><em>Foto: Renan Otto<\/em><\/p>\n\n\n\n<p><strong><em>S\u00e3o Gon\u00e7alo vai mudar: Not\u00edcias de S\u00e3o Gon\u00e7alo e toda regi\u00e3o.<\/em><\/strong><\/p>\n\n\n\n<figure class=\"wp-block-video\"><video height=\"1280\" style=\"aspect-ratio: 720 \/ 1280;\" width=\"720\" controls src=\"https:\/\/sgvaimudar.com.br\/wp-content\/uploads\/2025\/11\/Natal.2025.SGVM_.mp4\"><\/video><\/figure>\n","protected":false},"excerpt":{"rendered":"<p>Medida foi publicada no Di\u00e1rio Oficial do munic\u00edpio nesta sexta-feira (28) A Secretaria de Meio Ambiente e Transportes da Prefeitura&hellip;<\/p>\n","protected":false},"author":5,"featured_media":34126,"comment_status":"closed","ping_status":"open","sticky":false,"template":"","format":"standard","meta":{"fifu_image_url":"https:\/\/sgvaimudar.com.br\/wp-content\/uploads\/2025\/11\/taxisSG.jpg","fifu_image_alt":"","footnotes":""},"categories":[3],"tags":[],"class_list":["post-34123","post","type-post","status-publish","format-standard","has-post-thumbnail","hentry","category-sao-goncalo"],"_links":{"self":[{"href":"https:\/\/sgvaimudar.com.br\/index.php\/wp-json\/wp\/v2\/posts\/34123","targetHints":{"allow":["GET"]}}],"collection":[{"href":"https:\/\/sgvaimudar.com.br\/index.php\/wp-json\/wp\/v2\/posts"}],"about":[{"href":"https:\/\/sgvaimudar.com.br\/index.php\/wp-json\/wp\/v2\/types\/post"}],"author":[{"embeddable":true,"href":"https:\/\/sgvaimudar.com.br\/index.php\/wp-json\/wp\/v2\/users\/5"}],"replies":[{"embeddable":true,"href":"https:\/\/sgvaimudar.com.br\/index.php\/wp-json\/wp\/v2\/comments?post=34123"}],"version-history":[{"count":2,"href":"https:\/\/sgvaimudar.com.br\/index.php\/wp-json\/wp\/v2\/posts\/34123\/revisions"}],"predecessor-version":[{"id":34147,"href":"https:\/\/sgvaimudar.com.br\/index.php\/wp-json\/wp\/v2\/posts\/34123\/revisions\/34147"}],"wp:featuredmedia":[{"embeddable":true,"href":"https:\/\/sgvaimudar.com.br\/index.php\/wp-json\/wp\/v2\/media\/34126"}],"wp:attachment":[{"href":"https:\/\/sgvaimudar.com.br\/index.php\/wp-json\/wp\/v2\/media?parent=34123"}],"wp:term":[{"taxonomy":"category","embeddable":true,"href":"https:\/\/sgvaimudar.com.br\/index.php\/wp-json\/wp\/v2\/categories?post=34123"},{"taxonomy":"post_tag","embeddable":true,"href":"https:\/\/sgvaimudar.com.br\/index.php\/wp-json\/wp\/v2\/tags?post=34123"}],"curies":[{"name":"wp","href":"https:\/\/api.w.org\/{rel}","templated":true}]}}