{"id":34059,"date":"2025-11-28T08:59:00","date_gmt":"2025-11-28T11:59:00","guid":{"rendered":"https:\/\/sgvaimudar.com.br\/?p=34059"},"modified":"2025-11-28T07:56:06","modified_gmt":"2025-11-28T10:56:06","slug":"reforco-no-patrulhamento-493-novos-policiais-militares-sao-formados-pelo-estado","status":"publish","type":"post","link":"https:\/\/sgvaimudar.com.br\/index.php\/2025\/11\/28\/reforco-no-patrulhamento-493-novos-policiais-militares-sao-formados-pelo-estado\/","title":{"rendered":"Refor\u00e7o no patrulhamento: 493 novos policiais militares s\u00e3o formados pelo estado"},"content":{"rendered":"\n<p><em>Esta \u00e9 a primeira turma de soldados selecionada no concurso p\u00fablico conclu\u00eddo no ano passado<\/em><\/p>\n\n\n\n<p>Na manh\u00e3 desta quinta-feira (27\/11), o Governo do Estado, por interm\u00e9dio da Secretaria de Estado de Pol\u00edcia Militar do Rio de Janeiro, realizou a formatura de 493 novos soldados no Centro de Forma\u00e7\u00e3o e Aperfei\u00e7oamento de Pra\u00e7as (CFAP), localizado em Sulacap, Zona Oeste da capital. Esta turma \u00e9 a primeira composta por candidatos aprovados no processo seletivo finalizado no ano passado.<\/p>\n\n\n\n<p>&#8211; A formatura desses novos policiais militares marca a retomada do processo cont\u00ednuo de recomposi\u00e7\u00e3o do efetivo da nossa Pol\u00edcia Militar. A partir de agora, passaremos a formar novas turmas de soldados selecionados no \u00faltimo concurso p\u00fablico para ampliar o n\u00famero de policiais nas ruas do estado. Seguran\u00e7a p\u00fablica \u00e9 uma de nossas prioridades \u2013 diz o governador Cl\u00e1udio Castro.<\/p>\n\n\n\n<p>O governador se refere \u00e0 nova estrutura montada no CFAP. A unidade de ensino da Corpora\u00e7\u00e3o recuperou a capacidade de receber simultaneamente um contingente em torno de dois mil alunos, divididos em quatro turmas. H\u00e1 outros 1.510 alunos oriundos do mesmo concurso em processo de forma\u00e7\u00e3o no CFAP e que ser\u00e3o formados ao longo de 2026. Tamb\u00e9m durante o ano que vem, ingressar\u00e3o mais dois mil candidatos aprovados no mesmo concurso.<\/p>\n\n\n\n<p>Ao discursar para os novos policiais militares na solenidade, o secret\u00e1rio de Estado e comandante-geral da Pol\u00edcia Militar, coronel Marcelo de Menezes Nogueira, lembrou que a turma de formandos faz parte do grupo de candidatos aprovados no primeiro concurso da Corpora\u00e7\u00e3o realizado depois de um per\u00edodo de dez anos, referindo-se ao processo seletivo de 2014.<\/p>\n\n\n\n<p>&#8211; Durante esse per\u00edodo, &nbsp;os desafios dos policiais militares s\u00e3o mais complexos. As cobran\u00e7as da sociedade por nossa presta\u00e7\u00e3o de servi\u00e7o tamb\u00e9m tornaram-se mais exigentes. Dentro desse contexto, a grade curricular do curso sofreu ajustes, com carga hor\u00e1ria ampliada e inclus\u00e3o de novas disciplinas \u2013 disse o coronel Menezes.<\/p>\n\n\n\n<p>Al\u00e9m do aumento de carga hor\u00e1ria, que passou de 1.437 para 1.640 horas, a grade curricular ganhou duas novas disciplinas: \u201cAtua\u00e7\u00e3o policial frente a grupos vulner\u00e1veis\u201d e \u201cProtocolo para ocorr\u00eancias de viol\u00eancia contra mulher\u201d.<\/p>\n\n\n\n<p>O coronel Menezes tamb\u00e9m fez refer\u00eancia \u00e0 qualidade dos instrutores do Curso de Forma\u00e7\u00e3o de Pra\u00e7as, ao se dirigir aos formandos:<\/p>\n\n\n\n<p>&#8211; Voc\u00eas tiveram a oportunidade de aprender com os melhores instrutores do pa\u00eds. Os nossos instrutores foram forjados a partir do talento e da dedica\u00e7\u00e3o pessoal de cada um, mas tamb\u00e9m pela conviv\u00eancia com a complexa rotina aqui no Rio de Janeiro. Nenhuma Pol\u00edcia Militar do pa\u00eds \u2013 e seguramente do mundo &#8211; apreendeu mais de 700 fuzis em menos de um ano &#8211; acrescentou.<\/p>\n\n\n\n<p><strong><em>Fa\u00e7a sua den\u00fancia pelo nosso WhatsApp: (21) 99744 5345<\/em><\/strong><\/p>\n\n\n\n<p><strong><em>S\u00e3o Gon\u00e7alo vai mudar: Not\u00edcias de S\u00e3o Gon\u00e7alo e toda regi\u00e3o.<\/em><\/strong><\/p>\n\n\n\n<figure class=\"wp-block-video\"><video height=\"1280\" style=\"aspect-ratio: 720 \/ 1280;\" width=\"720\" controls src=\"https:\/\/sgvaimudar.com.br\/wp-content\/uploads\/2025\/11\/Natal.2025.SGVM_.mp4\"><\/video><\/figure>\n","protected":false},"excerpt":{"rendered":"<p>Esta \u00e9 a primeira turma de soldados selecionada no concurso p\u00fablico conclu\u00eddo no ano passado Na manh\u00e3 desta quinta-feira (27\/11),&hellip;<\/p>\n","protected":false},"author":5,"featured_media":34062,"comment_status":"closed","ping_status":"open","sticky":false,"template":"","format":"standard","meta":{"fifu_image_url":"https:\/\/sgvaimudar.com.br\/wp-content\/uploads\/2025\/11\/WhatsApp-Image-2025-11-27-at-17.26.49-1-800x532-1.jpeg","fifu_image_alt":"","footnotes":""},"categories":[32],"tags":[39,41,40,47],"class_list":["post-34059","post","type-post","status-publish","format-standard","has-post-thumbnail","hentry","category-casos-de-policia","tag-ataque","tag-conflito","tag-guerra","tag-rj"],"_links":{"self":[{"href":"https:\/\/sgvaimudar.com.br\/index.php\/wp-json\/wp\/v2\/posts\/34059","targetHints":{"allow":["GET"]}}],"collection":[{"href":"https:\/\/sgvaimudar.com.br\/index.php\/wp-json\/wp\/v2\/posts"}],"about":[{"href":"https:\/\/sgvaimudar.com.br\/index.php\/wp-json\/wp\/v2\/types\/post"}],"author":[{"embeddable":true,"href":"https:\/\/sgvaimudar.com.br\/index.php\/wp-json\/wp\/v2\/users\/5"}],"replies":[{"embeddable":true,"href":"https:\/\/sgvaimudar.com.br\/index.php\/wp-json\/wp\/v2\/comments?post=34059"}],"version-history":[{"count":1,"href":"https:\/\/sgvaimudar.com.br\/index.php\/wp-json\/wp\/v2\/posts\/34059\/revisions"}],"predecessor-version":[{"id":34061,"href":"https:\/\/sgvaimudar.com.br\/index.php\/wp-json\/wp\/v2\/posts\/34059\/revisions\/34061"}],"wp:featuredmedia":[{"embeddable":true,"href":"https:\/\/sgvaimudar.com.br\/index.php\/wp-json\/wp\/v2\/media\/34062"}],"wp:attachment":[{"href":"https:\/\/sgvaimudar.com.br\/index.php\/wp-json\/wp\/v2\/media?parent=34059"}],"wp:term":[{"taxonomy":"category","embeddable":true,"href":"https:\/\/sgvaimudar.com.br\/index.php\/wp-json\/wp\/v2\/categories?post=34059"},{"taxonomy":"post_tag","embeddable":true,"href":"https:\/\/sgvaimudar.com.br\/index.php\/wp-json\/wp\/v2\/tags?post=34059"}],"curies":[{"name":"wp","href":"https:\/\/api.w.org\/{rel}","templated":true}]}}