{"id":33564,"date":"2025-11-18T14:00:00","date_gmt":"2025-11-18T17:00:00","guid":{"rendered":"https:\/\/sgvaimudar.com.br\/?p=33564"},"modified":"2025-11-18T09:05:03","modified_gmt":"2025-11-18T12:05:03","slug":"prefeitura-garante-funcionamento-dos-servicos-essenciais-durante-o-feriado-da-consciencia-negra","status":"publish","type":"post","link":"https:\/\/sgvaimudar.com.br\/index.php\/2025\/11\/18\/prefeitura-garante-funcionamento-dos-servicos-essenciais-durante-o-feriado-da-consciencia-negra\/","title":{"rendered":"Prefeitura garante funcionamento dos servi\u00e7os essenciais durante o feriado da Consci\u00eancia Negra"},"content":{"rendered":"\n<p><em>Na \u00e1rea da sa\u00fade, todas as unidades de urg\u00eancia e emerg\u00eancia do munic\u00edpio v\u00e3o funcionar, normalmente<\/em><\/p>\n\n\n\n<p>O feriado do Dia da Consci\u00eancia Negra, comemorado na pr\u00f3xima quinta-feira (20), vai ser seguido de ponto facultativo nas reparti\u00e7\u00f5es p\u00fablicas gon\u00e7alenses, na sexta-feira (21). <\/p>\n\n\n\n<p>O decreto foi publicado no Di\u00e1rio Oficial no dia 12 de novembro e n\u00e3o se aplica aos servidores lotados em cargos de essencialidade ou de interesse p\u00fablico. O Restaurante do Povo, em Alc\u00e2ntara, fica fechado no feriado, mas abre no dia 21.\u00a0<\/p>\n\n\n\n<p>Na \u00e1rea da sa\u00fade, todas as unidades de urg\u00eancia e emerg\u00eancia do munic\u00edpio v\u00e3o funcionar, normalmente, durante todo o per\u00edodo, de quinta (20) a domingo (23). S\u00e3o elas: Unidades Municipais de Pronto Atendimento (Umpas) do Pacheco, Nova Cidade e Santa Luzia, os prontos-socorros Central (PSC) e Infantil (PSI), ambos no Z\u00e9 Garoto; a Maternidade Municipal Dr. M\u00e1rio Niajar, em Alc\u00e2ntara, e a emerg\u00eancia da sa\u00fade mental que funciona no Hospital Luiz Palmier (HLP), no Z\u00e9 Garoto.&nbsp;&nbsp;<\/p>\n\n\n\n<p>O Centro de Aten\u00e7\u00e3o Psicossocial (Caps) Francisco dos Santos Siqueira (Rua Maria Rita, 883, Patronato) e o Centro de Aten\u00e7\u00e3o Psicossocial de \u00c1lcool e Drogas (Capsad) Dr. Daniel Gomes da Silva, em Vila Tr\u00eas (Rua Augusto Franco, 52, Vila Tr\u00eas) tamb\u00e9m abrem normalmente, durante todo o per\u00edodo, 24h.&nbsp;<\/p>\n\n\n\n<p>As Cl\u00ednicas Gon\u00e7alense do Mutondo e da Fam\u00edlia Dr. Zerbini, no Arsenal, ficam fechadas nos dias 20 e 21 e abrem no s\u00e1bado (22) para os atendimentos de rotina e imuniza\u00e7\u00f5es, das 8h \u00e0s 12h. O Centro de Imagens e Especialidades de S\u00e3o Gon\u00e7alo (Ciesg) fecha no dia 20 e abre no dia 21 para os pacientes j\u00e1 agendados.&nbsp;&nbsp;O Hospital do C\u00e2ncer e do Cora\u00e7\u00e3o (HCCOR) tamb\u00e9m funcionar\u00e1 normalmente no dia 21.<\/p>\n\n\n\n<p>Os polos sanit\u00e1rios Washington Luiz Lopes, no Z\u00e9 Garoto; e H\u00e9lio Cruz, em Alc\u00e2ntara, v\u00e3o funcionar, exclusivamente, para a vacina\u00e7\u00e3o antirr\u00e1bica humana. O primeiro na quinta-feira (20) e o segundo na sexta-feira (21), das 8h \u00e0s 12h. Se necess\u00e1ria a aplica\u00e7\u00e3o do soro antirr\u00e1bico, o paciente \u00e9 encaminhado ao Pronto Socorro Central (PSC). Nos casos de acidentes graves que necessitam de atendimento de urg\u00eancia ou emerg\u00eancia, fora do hor\u00e1rio de atendimento do polo sanit\u00e1rio, o paciente tamb\u00e9m pode ir direto ao PSC para avalia\u00e7\u00e3o.&nbsp;<\/p>\n\n\n\n<p>Todas as outras unidades de sa\u00fade da aten\u00e7\u00e3o b\u00e1sica e especializada estar\u00e3o fechadas de quinta-feira (20) at\u00e9 domingo (23): postos de sa\u00fade, cl\u00ednicas, PAMs, CER III, Espa\u00e7o Rosa, Cl\u00ednica de Fisioterapia do Centro, Cl\u00ednica Municipal da Crian\u00e7a, polos sanit\u00e1rios e outros Caps. A Secretaria informa que todas as unidades voltam a funcionar normalmente na segunda-feira (24).&nbsp;<\/p>\n\n\n\n<p>A Central de Regula\u00e7\u00e3o, vai reagendar via WhatsApp todas as consultas e exames que estavam marcados em unidades de sa\u00fade que n\u00e3o ir\u00e3o funcionar, na pr\u00f3xima sexta-feira (21), em decorr\u00eancia do ponto facultativo decretado pelo governo municipal.<\/p>\n\n\n\n<p><em>Foto: Fabio Guimar\u00e3es<\/em><\/p>\n\n\n\n<p><strong><em>S\u00e3o Gon\u00e7alo vai mudar: Not\u00edcias de S\u00e3o Gon\u00e7alo e toda regi\u00e3o.<\/em><\/strong><\/p>\n\n\n\n<figure class=\"wp-block-video\"><video height=\"850\" style=\"aspect-ratio: 478 \/ 850;\" width=\"478\" controls src=\"https:\/\/sgvaimudar.com.br\/wp-content\/uploads\/2025\/11\/WhatsApp-Video-2025-11-04-at-07.18.44.mp4\"><\/video><\/figure>\n","protected":false},"excerpt":{"rendered":"<p>Na \u00e1rea da sa\u00fade, todas as unidades de urg\u00eancia e emerg\u00eancia do munic\u00edpio v\u00e3o funcionar, normalmente O feriado do Dia&hellip;<\/p>\n","protected":false},"author":5,"featured_media":33568,"comment_status":"open","ping_status":"open","sticky":false,"template":"","format":"standard","meta":{"fifu_image_url":"https:\/\/sgvaimudar.com.br\/wp-content\/uploads\/2025\/11\/Pronto-Socorro-Divulgacao-PMSG.jpg","fifu_image_alt":"","footnotes":""},"categories":[3],"tags":[47,75],"class_list":["post-33564","post","type-post","status-publish","format-standard","has-post-thumbnail","hentry","category-sao-goncalo","tag-rj","tag-sao-goncalo"],"_links":{"self":[{"href":"https:\/\/sgvaimudar.com.br\/index.php\/wp-json\/wp\/v2\/posts\/33564","targetHints":{"allow":["GET"]}}],"collection":[{"href":"https:\/\/sgvaimudar.com.br\/index.php\/wp-json\/wp\/v2\/posts"}],"about":[{"href":"https:\/\/sgvaimudar.com.br\/index.php\/wp-json\/wp\/v2\/types\/post"}],"author":[{"embeddable":true,"href":"https:\/\/sgvaimudar.com.br\/index.php\/wp-json\/wp\/v2\/users\/5"}],"replies":[{"embeddable":true,"href":"https:\/\/sgvaimudar.com.br\/index.php\/wp-json\/wp\/v2\/comments?post=33564"}],"version-history":[{"count":2,"href":"https:\/\/sgvaimudar.com.br\/index.php\/wp-json\/wp\/v2\/posts\/33564\/revisions"}],"predecessor-version":[{"id":33569,"href":"https:\/\/sgvaimudar.com.br\/index.php\/wp-json\/wp\/v2\/posts\/33564\/revisions\/33569"}],"wp:featuredmedia":[{"embeddable":true,"href":"https:\/\/sgvaimudar.com.br\/index.php\/wp-json\/wp\/v2\/media\/33568"}],"wp:attachment":[{"href":"https:\/\/sgvaimudar.com.br\/index.php\/wp-json\/wp\/v2\/media?parent=33564"}],"wp:term":[{"taxonomy":"category","embeddable":true,"href":"https:\/\/sgvaimudar.com.br\/index.php\/wp-json\/wp\/v2\/categories?post=33564"},{"taxonomy":"post_tag","embeddable":true,"href":"https:\/\/sgvaimudar.com.br\/index.php\/wp-json\/wp\/v2\/tags?post=33564"}],"curies":[{"name":"wp","href":"https:\/\/api.w.org\/{rel}","templated":true}]}}