{"id":3342,"date":"2023-09-24T12:40:46","date_gmt":"2023-09-24T15:40:46","guid":{"rendered":"https:\/\/sgvaimudar.com.br\/?p=3342"},"modified":"2023-09-24T12:40:46","modified_gmt":"2023-09-24T15:40:46","slug":"briga-de-transito-termina-com-baleado-em-sao-goncalo","status":"publish","type":"post","link":"https:\/\/sgvaimudar.com.br\/index.php\/2023\/09\/24\/briga-de-transito-termina-com-baleado-em-sao-goncalo\/","title":{"rendered":"Briga de tr\u00e2nsito termina com baleado em S\u00e3o Gon\u00e7alo"},"content":{"rendered":"\n<p>No in\u00edcio da madrugada deste domingo (24), uma discuss\u00e3o no tr\u00e2nsito culminou em um tr\u00e1gico incidente no bairro Galo Branco, em S\u00e3o Gon\u00e7alo. A v\u00edtima foi identificada como Jorge Andr\u00e9 Nascimento Damasceno Junior, um jovem de 26 anos.<\/p>\n\n\n\n<p>A Pol\u00edcia Militar recebeu um chamado para verificar um indiv\u00edduo ferido por disparos de arma de fogo no Hospital Estadual Alberto Torres, localizado no Coluband\u00ea. Jorge estava consciente e relatou aos policiais que havia sido baleado durante uma briga no tr\u00e2nsito.<\/p>\n\n\n\n<p>O autor dos disparos abandonou o local logo ap\u00f3s o ocorrido, conforme informado pelas autoridades. O caso foi encaminhado \u00e0 73\u00aa Delegacia de Pol\u00edcia, em Neves.<\/p>\n\n\n\n<p>Este lament\u00e1vel incidente n\u00e3o \u00e9 um caso isolado em S\u00e3o Gon\u00e7alo. Em 11 de agosto deste ano, uma mulher de 26 anos foi atingida por um tiro no pesco\u00e7o ap\u00f3s uma discuss\u00e3o entre motoristas.<\/p>\n\n\n\n<p>De acordo com relatos, ela estava no banco do carona de um ve\u00edculo com um conhecido. O motorista teria discutido com o condutor de outro carro, que efetuou o disparo, acertando a jovem. O respons\u00e1vel pelos tiros fugiu da cena imediatamente.<\/p>\n\n\n\n<p>A mulher foi inicialmente socorrida no Pronto Socorro Central de S\u00e3o Gon\u00e7alo, situado no bairro Z\u00e9 Garoto. Devido \u00e0 gravidade da situa\u00e7\u00e3o, precisou ser transferida para o Hospital Estadual Alberto Torres (HEAT), no Coluband\u00ea, mas, felizmente, j\u00e1 recebeu alta.<\/p>\n\n\n\n<p>O caso foi registrado na 72\u00aa Delegacia de Pol\u00edcia, em Mutua, e o motorista respons\u00e1vel pelos disparos permanece foragido.<\/p>\n\n\n\n<h1 class=\"wp-block-heading\">sgvaimudar<\/h1>\n","protected":false},"excerpt":{"rendered":"<p>No in\u00edcio da madrugada deste domingo (24), uma discuss\u00e3o no tr\u00e2nsito culminou em um tr\u00e1gico incidente no bairro Galo Branco,&hellip;<\/p>\n","protected":false},"author":2,"featured_media":3343,"comment_status":"open","ping_status":"open","sticky":false,"template":"","format":"standard","meta":{"fifu_image_url":"","fifu_image_alt":"","footnotes":""},"categories":[3],"tags":[],"class_list":["post-3342","post","type-post","status-publish","format-standard","has-post-thumbnail","hentry","category-sao-goncalo"],"_links":{"self":[{"href":"https:\/\/sgvaimudar.com.br\/index.php\/wp-json\/wp\/v2\/posts\/3342","targetHints":{"allow":["GET"]}}],"collection":[{"href":"https:\/\/sgvaimudar.com.br\/index.php\/wp-json\/wp\/v2\/posts"}],"about":[{"href":"https:\/\/sgvaimudar.com.br\/index.php\/wp-json\/wp\/v2\/types\/post"}],"author":[{"embeddable":true,"href":"https:\/\/sgvaimudar.com.br\/index.php\/wp-json\/wp\/v2\/users\/2"}],"replies":[{"embeddable":true,"href":"https:\/\/sgvaimudar.com.br\/index.php\/wp-json\/wp\/v2\/comments?post=3342"}],"version-history":[{"count":1,"href":"https:\/\/sgvaimudar.com.br\/index.php\/wp-json\/wp\/v2\/posts\/3342\/revisions"}],"predecessor-version":[{"id":3344,"href":"https:\/\/sgvaimudar.com.br\/index.php\/wp-json\/wp\/v2\/posts\/3342\/revisions\/3344"}],"wp:featuredmedia":[{"embeddable":true,"href":"https:\/\/sgvaimudar.com.br\/index.php\/wp-json\/wp\/v2\/media\/3343"}],"wp:attachment":[{"href":"https:\/\/sgvaimudar.com.br\/index.php\/wp-json\/wp\/v2\/media?parent=3342"}],"wp:term":[{"taxonomy":"category","embeddable":true,"href":"https:\/\/sgvaimudar.com.br\/index.php\/wp-json\/wp\/v2\/categories?post=3342"},{"taxonomy":"post_tag","embeddable":true,"href":"https:\/\/sgvaimudar.com.br\/index.php\/wp-json\/wp\/v2\/tags?post=3342"}],"curies":[{"name":"wp","href":"https:\/\/api.w.org\/{rel}","templated":true}]}}