{"id":33258,"date":"2025-11-12T09:59:00","date_gmt":"2025-11-12T12:59:00","guid":{"rendered":"https:\/\/sgvaimudar.com.br\/?p=33258"},"modified":"2025-11-12T09:31:46","modified_gmt":"2025-11-12T12:31:46","slug":"homem-e-detido-com-veiculo-furtado-em-itaborai","status":"publish","type":"post","link":"https:\/\/sgvaimudar.com.br\/index.php\/2025\/11\/12\/homem-e-detido-com-veiculo-furtado-em-itaborai\/","title":{"rendered":"Homem \u00e9 detido com ve\u00edculo furtado em Itabora\u00ed"},"content":{"rendered":"\n<p><em>A a\u00e7\u00e3o faz parte da Opera\u00e7\u00e3o Atena<\/em><\/p>\n\n\n\n<p>A Pol\u00edcia Rodovi\u00e1ria Federal (PRF), na manh\u00e3 desta ter\u00e7a-feira (11), deteve um homem com um autom\u00f3vel furtado na BR-101. A ocorr\u00eancia foi em Itabora\u00ed quando uma equipe da PRF fazia fiscaliza\u00e7\u00e3o na rodovia quando avistou um autom\u00f3vel parado no acostamento com o condutor do lado de fora.<\/p>\n\n\n\n<p>Em pesquisas feitas ao condutor e ao ve\u00edculo, foi contatado que o carro estava com registro de furto de mar\u00e7o deste ano no estado do Esp\u00edrito Santo.<\/p>\n\n\n\n<p>O condutor foi detido por suspeita de recepta\u00e7\u00e3o.<\/p>\n\n\n\n<p>A ocorr\u00eancia foi encaminhada para a 71\u00aa DP.<\/p>\n\n\n\n<p><strong><em>Fa\u00e7a sua den\u00fancia pelo nosso WhatsApp: (21) <\/em><\/strong><strong><em>99744 5345<\/em><\/strong><strong><em><\/em><\/strong><\/p>\n\n\n\n<p><strong><em>S\u00e3o Gon\u00e7alo vai mudar: Not\u00edcias de S\u00e3o Gon\u00e7alo e toda regi\u00e3o.<\/em><\/strong><\/p>\n\n\n\n<figure class=\"wp-block-image size-large\"><img decoding=\"async\" width=\"1024\" height=\"46\" src=\"https:\/\/sgvaimudar.com.br\/wp-content\/uploads\/2023\/08\/Anuncie-Aqui-Sao-Goncalo-vai-mudar-1024x46.png\" alt=\"\" class=\"wp-image-2740\" srcset=\"https:\/\/sgvaimudar.com.br\/wp-content\/uploads\/2023\/08\/Anuncie-Aqui-Sao-Goncalo-vai-mudar-1024x46.png 1024w, https:\/\/sgvaimudar.com.br\/wp-content\/uploads\/2023\/08\/Anuncie-Aqui-Sao-Goncalo-vai-mudar-300x13.png 300w, https:\/\/sgvaimudar.com.br\/wp-content\/uploads\/2023\/08\/Anuncie-Aqui-Sao-Goncalo-vai-mudar-768x35.png 768w, https:\/\/sgvaimudar.com.br\/wp-content\/uploads\/2023\/08\/Anuncie-Aqui-Sao-Goncalo-vai-mudar-1536x69.png 1536w, https:\/\/sgvaimudar.com.br\/wp-content\/uploads\/2023\/08\/Anuncie-Aqui-Sao-Goncalo-vai-mudar.png 2002w\" sizes=\"(max-width: 1024px) 100vw, 1024px\" \/><\/figure>\n","protected":false},"excerpt":{"rendered":"<p>A a\u00e7\u00e3o faz parte da Opera\u00e7\u00e3o Atena A Pol\u00edcia Rodovi\u00e1ria Federal (PRF), na manh\u00e3 desta ter\u00e7a-feira (11), deteve um homem&hellip;<\/p>\n","protected":false},"author":5,"featured_media":33261,"comment_status":"closed","ping_status":"open","sticky":false,"template":"","format":"standard","meta":{"fifu_image_url":"https:\/\/sgvaimudar.com.br\/wp-content\/uploads\/2025\/11\/236d26ba-2848-4670-b095-68d70d9191b3.jpeg","fifu_image_alt":"","footnotes":""},"categories":[32],"tags":[47],"class_list":["post-33258","post","type-post","status-publish","format-standard","has-post-thumbnail","hentry","category-casos-de-policia","tag-rj"],"_links":{"self":[{"href":"https:\/\/sgvaimudar.com.br\/index.php\/wp-json\/wp\/v2\/posts\/33258","targetHints":{"allow":["GET"]}}],"collection":[{"href":"https:\/\/sgvaimudar.com.br\/index.php\/wp-json\/wp\/v2\/posts"}],"about":[{"href":"https:\/\/sgvaimudar.com.br\/index.php\/wp-json\/wp\/v2\/types\/post"}],"author":[{"embeddable":true,"href":"https:\/\/sgvaimudar.com.br\/index.php\/wp-json\/wp\/v2\/users\/5"}],"replies":[{"embeddable":true,"href":"https:\/\/sgvaimudar.com.br\/index.php\/wp-json\/wp\/v2\/comments?post=33258"}],"version-history":[{"count":1,"href":"https:\/\/sgvaimudar.com.br\/index.php\/wp-json\/wp\/v2\/posts\/33258\/revisions"}],"predecessor-version":[{"id":33260,"href":"https:\/\/sgvaimudar.com.br\/index.php\/wp-json\/wp\/v2\/posts\/33258\/revisions\/33260"}],"wp:featuredmedia":[{"embeddable":true,"href":"https:\/\/sgvaimudar.com.br\/index.php\/wp-json\/wp\/v2\/media\/33261"}],"wp:attachment":[{"href":"https:\/\/sgvaimudar.com.br\/index.php\/wp-json\/wp\/v2\/media?parent=33258"}],"wp:term":[{"taxonomy":"category","embeddable":true,"href":"https:\/\/sgvaimudar.com.br\/index.php\/wp-json\/wp\/v2\/categories?post=33258"},{"taxonomy":"post_tag","embeddable":true,"href":"https:\/\/sgvaimudar.com.br\/index.php\/wp-json\/wp\/v2\/tags?post=33258"}],"curies":[{"name":"wp","href":"https:\/\/api.w.org\/{rel}","templated":true}]}}