{"id":3316,"date":"2023-09-20T20:43:51","date_gmt":"2023-09-20T23:43:51","guid":{"rendered":"https:\/\/sgvaimudar.com.br\/?p=3316"},"modified":"2023-09-20T20:43:51","modified_gmt":"2023-09-20T23:43:51","slug":"homem-e-preso-com-11kg-de-cocaina-em-niteroi","status":"publish","type":"post","link":"https:\/\/sgvaimudar.com.br\/index.php\/2023\/09\/20\/homem-e-preso-com-11kg-de-cocaina-em-niteroi\/","title":{"rendered":"Homem \u00e9 preso com 11kg de coca\u00edna em Niter\u00f3i"},"content":{"rendered":"\n<p>A Pol\u00edcia Federal efetuou a pris\u00e3o de um indiv\u00edduo de 27 anos nesta quarta-feira, 20 de setembro. Ele foi flagrado transportando v\u00e1rias embalagens de coca\u00edna escondidas no tanque de combust\u00edvel de um autom\u00f3vel.<\/p>\n\n\n\n<p>Nessa opera\u00e7\u00e3o, os agentes da Delegacia de Repress\u00e3o a Drogas (DRE\/PF) e do Grupo de Investiga\u00e7\u00f5es Sens\u00edveis da PF (GISE\/RJ), com o aux\u00edlio da Delegacia da PF em Maca\u00e9 e da Pol\u00edcia Rodovi\u00e1ria Federal, conseguiram identificar o ve\u00edculo suspeito e realizaram a abordagem na rodovia RJ-104, pr\u00f3ximo ao bairro do Fonseca, em Niter\u00f3i\/RJ.<\/p>\n\n\n\n<p>Segundo as informa\u00e7\u00f5es obtidas, o ve\u00edculo saiu do Complexo do Alem\u00e3o e tinha como destino a Regi\u00e3o dos Lagos. As drogas, totalizando aproximadamente 11kg, j\u00e1 estavam embaladas em pequenas por\u00e7\u00f5es e prontas para serem distribu\u00eddas.<\/p>\n\n\n\n<p>O indiv\u00edduo detido foi levado \u00e0 Superintend\u00eancia Regional da PF no Rio de Janeiro para os procedimentos legais e posteriormente ser\u00e1 encaminhado ao sistema prisional. Ele permanecer\u00e1 \u00e0 disposi\u00e7\u00e3o da justi\u00e7a e responder\u00e1 pelo crime de tr\u00e1fico de drogas, que pode resultar em uma pena de at\u00e9 15 anos de pris\u00e3o.<\/p>\n\n\n\n<p>REDA\u00c7\u00c3O<\/p>\n\n\n\n<h1 class=\"wp-block-heading\">sgvaimudar<\/h1>\n","protected":false},"excerpt":{"rendered":"<p>A Pol\u00edcia Federal efetuou a pris\u00e3o de um indiv\u00edduo de 27 anos nesta quarta-feira, 20 de setembro. Ele foi flagrado&hellip;<\/p>\n","protected":false},"author":2,"featured_media":3317,"comment_status":"open","ping_status":"open","sticky":false,"template":"","format":"standard","meta":{"fifu_image_url":"","fifu_image_alt":"","footnotes":""},"categories":[32],"tags":[],"class_list":["post-3316","post","type-post","status-publish","format-standard","has-post-thumbnail","hentry","category-casos-de-policia"],"_links":{"self":[{"href":"https:\/\/sgvaimudar.com.br\/index.php\/wp-json\/wp\/v2\/posts\/3316","targetHints":{"allow":["GET"]}}],"collection":[{"href":"https:\/\/sgvaimudar.com.br\/index.php\/wp-json\/wp\/v2\/posts"}],"about":[{"href":"https:\/\/sgvaimudar.com.br\/index.php\/wp-json\/wp\/v2\/types\/post"}],"author":[{"embeddable":true,"href":"https:\/\/sgvaimudar.com.br\/index.php\/wp-json\/wp\/v2\/users\/2"}],"replies":[{"embeddable":true,"href":"https:\/\/sgvaimudar.com.br\/index.php\/wp-json\/wp\/v2\/comments?post=3316"}],"version-history":[{"count":1,"href":"https:\/\/sgvaimudar.com.br\/index.php\/wp-json\/wp\/v2\/posts\/3316\/revisions"}],"predecessor-version":[{"id":3318,"href":"https:\/\/sgvaimudar.com.br\/index.php\/wp-json\/wp\/v2\/posts\/3316\/revisions\/3318"}],"wp:featuredmedia":[{"embeddable":true,"href":"https:\/\/sgvaimudar.com.br\/index.php\/wp-json\/wp\/v2\/media\/3317"}],"wp:attachment":[{"href":"https:\/\/sgvaimudar.com.br\/index.php\/wp-json\/wp\/v2\/media?parent=3316"}],"wp:term":[{"taxonomy":"category","embeddable":true,"href":"https:\/\/sgvaimudar.com.br\/index.php\/wp-json\/wp\/v2\/categories?post=3316"},{"taxonomy":"post_tag","embeddable":true,"href":"https:\/\/sgvaimudar.com.br\/index.php\/wp-json\/wp\/v2\/tags?post=3316"}],"curies":[{"name":"wp","href":"https:\/\/api.w.org\/{rel}","templated":true}]}}