{"id":32906,"date":"2025-11-06T07:01:58","date_gmt":"2025-11-06T10:01:58","guid":{"rendered":"https:\/\/sgvaimudar.com.br\/?p=32906"},"modified":"2025-11-06T07:01:59","modified_gmt":"2025-11-06T10:01:59","slug":"membro-do-cv-de-sao-goncalo-e-investigado-por-participacao-em-intercambio-de-guerra-na-ucrania","status":"publish","type":"post","link":"https:\/\/sgvaimudar.com.br\/index.php\/2025\/11\/06\/membro-do-cv-de-sao-goncalo-e-investigado-por-participacao-em-intercambio-de-guerra-na-ucrania\/","title":{"rendered":"Membro do CV de S\u00e3o Gon\u00e7alo \u00e9 investigado por participa\u00e7\u00e3o em interc\u00e2mbio de guerra na Ucr\u00e2nia"},"content":{"rendered":"\n<p><em>Criminoso do Salgueiro fez treinamento fora do Brasil para usar contra as for\u00e7as de seguran\u00e7a do Rio de Janeiro, diz pol\u00edcia<\/em><\/p>\n\n\n\n<p>A Pol\u00edcia Civil do Rio de Janeiro (PCERJ) investiga um membro do Comando Vermelho (CV) que viajou \u00e0 Ucr\u00e2nia para aprender t\u00e9cnicas de guerra, com o objetivo de aplic\u00e1-las em a\u00e7\u00f5es contra as for\u00e7as de seguran\u00e7a do estado.<\/p>\n\n\n\n<p>De acordo com a Ssinte (Subsecretaria de Intelig\u00eancia) da Policia Civil, o homem foi identificado como Philippe Marques Pinto e seria ligado a Antonio Hil\u00e1rio Ferreira, o &#8220;Rabic\u00f3&#8221;, uma das principais lideran\u00e7as da fac\u00e7\u00e3o, considerado chefe do Complexo do Salgueiro, em S\u00e3o Gon\u00e7alo.<\/p>\n\n\n\n<p>Segundo as informa\u00e7\u00f5es, o suspeito teria ido para a Ucr\u00e2nia\u00a0para aprender t\u00e9cnicas que s\u00e3o usadas no conflito. Foram identificadas pelo menos tr\u00eas entradas dele na Europa, al\u00e9m de imagens do traficante na Ucr\u00e2nia.<\/p>\n\n\n\n<p>A DRE (Delegacia de Repress\u00e3o a Entorpecentes) vai instaurar um inqu\u00e9rito para investigar o caso.<\/p>\n\n\n\n<p>O homem, que j\u00e1 tem anota\u00e7\u00f5es criminais por tr\u00e1fico de drogas, vai responder tamb\u00e9m por apologia ao tr\u00e1fico e associa\u00e7\u00e3o para o tr\u00e1fico.<\/p>\n\n\n\n<p><strong>MEGAOPERA\u00c7\u00c3O <\/strong>&#8211; O Governo do Rio de Janeiro, por meio da Pol\u00edcia Civil, divulgou na noite deste domingo (2) uma esp\u00e9cie de perfil de 115 dos 117 suspeitos mortos na\u00a0megaopera\u00e7\u00e3o policial realizada no \u00faltimo dia 28. A a\u00e7\u00e3o mais letal da hist\u00f3ria do Brasil tamb\u00e9m deixou quatro policiais mortos.<\/p>\n\n\n\n<p>O documento traz os nomes dos homens que, segundo o governo Cl\u00e1udio Castro (PL), resistiram \u00e0 abordagem policial e foram mortos. Dos 115 nomes divulgados, 97 possuem alguma passagem criminal \u2014 as anota\u00e7\u00f5es da maioria apontam o crime de tr\u00e1fico, e em alguns nomes n\u00e3o consta qual o crime cometido. O n\u00famero tamb\u00e9m inclui quem possui registro como menor infrator.<\/p>\n\n\n\n<p>O governo tamb\u00e9m lista 10 mortos que n\u00e3o possuem nenhum hist\u00f3rico criminal, mas que teriam liga\u00e7\u00e3o com o CV (Comando Vermelho) comprovada por meio de &#8220;fotos em redes sociais&#8221;. Em um dos casos, o governo aponta que um dos mortos, de 18 anos, n\u00e3o tem nenhuma passagem, mas tem um perfil na rede social Instagram feito em 2022 e que n\u00e3o tem nenhuma foto, o que mostraria &#8220;ind\u00edcios de limpeza de perfil&#8221;.<\/p>\n\n\n\n<p>Entre os 115 nomes, 7 n\u00e3o possuem hist\u00f3rico de anota\u00e7\u00e3o criminal e nem h\u00e1 informa\u00e7\u00e3o sobre redes sociais. Al\u00e9m disso, h\u00e1 um nome sem nenhuma informa\u00e7\u00e3o. O governo tamb\u00e9m informou que dois laudos do IML resultaram em per\u00edcias inconclusivas na identifica\u00e7\u00e3o dos mortos.<\/p>\n\n\n\n<p><\/p>\n","protected":false},"excerpt":{"rendered":"<p>Criminoso do Salgueiro fez treinamento fora do Brasil para usar contra as for\u00e7as de seguran\u00e7a do Rio de Janeiro, diz&hellip;<\/p>\n","protected":false},"author":5,"featured_media":32909,"comment_status":"closed","ping_status":"open","sticky":false,"template":"","format":"standard","meta":{"fifu_image_url":"https:\/\/sgvaimudar.com.br\/wp-content\/uploads\/2025\/11\/WhatsApp-Image-2025-11-05-at-18.26.36.webp","fifu_image_alt":"","footnotes":""},"categories":[32],"tags":[39,41,40,47,75],"class_list":["post-32906","post","type-post","status-publish","format-standard","has-post-thumbnail","hentry","category-casos-de-policia","tag-ataque","tag-conflito","tag-guerra","tag-rj","tag-sao-goncalo"],"_links":{"self":[{"href":"https:\/\/sgvaimudar.com.br\/index.php\/wp-json\/wp\/v2\/posts\/32906","targetHints":{"allow":["GET"]}}],"collection":[{"href":"https:\/\/sgvaimudar.com.br\/index.php\/wp-json\/wp\/v2\/posts"}],"about":[{"href":"https:\/\/sgvaimudar.com.br\/index.php\/wp-json\/wp\/v2\/types\/post"}],"author":[{"embeddable":true,"href":"https:\/\/sgvaimudar.com.br\/index.php\/wp-json\/wp\/v2\/users\/5"}],"replies":[{"embeddable":true,"href":"https:\/\/sgvaimudar.com.br\/index.php\/wp-json\/wp\/v2\/comments?post=32906"}],"version-history":[{"count":1,"href":"https:\/\/sgvaimudar.com.br\/index.php\/wp-json\/wp\/v2\/posts\/32906\/revisions"}],"predecessor-version":[{"id":32908,"href":"https:\/\/sgvaimudar.com.br\/index.php\/wp-json\/wp\/v2\/posts\/32906\/revisions\/32908"}],"wp:featuredmedia":[{"embeddable":true,"href":"https:\/\/sgvaimudar.com.br\/index.php\/wp-json\/wp\/v2\/media\/32909"}],"wp:attachment":[{"href":"https:\/\/sgvaimudar.com.br\/index.php\/wp-json\/wp\/v2\/media?parent=32906"}],"wp:term":[{"taxonomy":"category","embeddable":true,"href":"https:\/\/sgvaimudar.com.br\/index.php\/wp-json\/wp\/v2\/categories?post=32906"},{"taxonomy":"post_tag","embeddable":true,"href":"https:\/\/sgvaimudar.com.br\/index.php\/wp-json\/wp\/v2\/tags?post=32906"}],"curies":[{"name":"wp","href":"https:\/\/api.w.org\/{rel}","templated":true}]}}