{"id":32833,"date":"2025-11-05T07:19:07","date_gmt":"2025-11-05T10:19:07","guid":{"rendered":"https:\/\/sgvaimudar.com.br\/?p=32833"},"modified":"2025-11-05T07:19:07","modified_gmt":"2025-11-05T10:19:07","slug":"policia-civil-lanca-forca-tarefa-para-oferecer-apoio-psicologico-a-policiais-apos-incidentes-criticos","status":"publish","type":"post","link":"https:\/\/sgvaimudar.com.br\/index.php\/2025\/11\/05\/policia-civil-lanca-forca-tarefa-para-oferecer-apoio-psicologico-a-policiais-apos-incidentes-criticos\/","title":{"rendered":"Pol\u00edcia Civil lan\u00e7a For\u00e7a-Tarefa para oferecer apoio psicol\u00f3gico a policiais ap\u00f3s incidentes cr\u00edticos"},"content":{"rendered":"\n<p><em>Os agentes v\u00e3o contar com mais tr\u00eas psic\u00f3logos no Servi\u00e7o de Sa\u00fade Mental da Policl\u00ednica<\/em><\/p>\n\n\n\n<p>A Pol\u00edcia Civil do Estado do Rio de Janeiro, por meio da Policl\u00ednica e de seus Servi\u00e7os de Sa\u00fade Mental e Qualidade de Vida, instituiu uma For\u00e7a-Tarefa P\u00f3s-Incidente Cr\u00edtico voltada ao acolhimento e acompanhamento psicol\u00f3gico dos policiais civis diretamente envolvidos na Opera\u00e7\u00e3o Conten\u00e7\u00e3o, realizada na \u00faltima ter\u00e7a-feira (28\/10), nos complexos do Alem\u00e3o e da Penha. <\/p>\n\n\n\n<p>A iniciativa tem como objetivo oferecer acolhimento e escuta qualificada aos servidores expostos a situa\u00e7\u00f5es de alto impacto emocional, contribuindo para a mitiga\u00e7\u00e3o de poss\u00edveis efeitos traum\u00e1ticos e para o fortalecimento da sa\u00fade mental.<\/p>\n\n\n\n<p>Como refor\u00e7o a esse trabalho, a gest\u00e3o da Pol\u00edcia Civil lotou mais tr\u00eas<br>psic\u00f3logos no Servi\u00e7o de Sa\u00fade Mental da Policl\u00ednica, que atuar\u00e3o inicialmente na For\u00e7a-Tarefa. <\/p>\n\n\n\n<p>A equipe ser\u00e1 incorporada ao Servi\u00e7o de Atendimento Psicossocial (SAPSI), cuja<br>implementa\u00e7\u00e3o est\u00e1 prevista em um Programa de Sa\u00fade Mental do governo do Estado, em cumprimento \u00e0 ADPF 635, decis\u00e3o do Supremo Tribunal Federal que estabelece medidas de prote\u00e7\u00e3o \u00e0 vida e \u00e0 integridade dos policiais civis e militares do Estado do Rio de Janeiro p\u00f3s-<br>incidente cr\u00edtico.<\/p>\n\n\n\n<p>A For\u00e7a-Tarefa conta com a parceria do Instituto de Pesquisa, Preven\u00e7\u00e3o e Estudos em Suic\u00eddio (IPPES), que atrav\u00e9s do acordo de coopera\u00e7\u00e3o com o Minist\u00e9rio P\u00fablico do Trabalho (MPT-RJ) assegura fundamenta\u00e7\u00e3o cient\u00edfica e suporte t\u00e9cnico \u00e0s a\u00e7\u00f5es educativas e de acolhimento. Essa articula\u00e7\u00e3o representa um avan\u00e7o significativo na consolida\u00e7\u00e3o de uma pol\u00edtica de cuidado, preven\u00e7\u00e3o e valoriza\u00e7\u00e3o da vida no \u00e2mbito da Pol\u00edcia Civil.<\/p>\n\n\n\n<p><strong><em>Fa\u00e7a sua den\u00fancia pelo nosso WhatsApp: (21) <\/em><\/strong><strong><em>99744 5345<\/em><\/strong><strong><em><\/em><\/strong><\/p>\n\n\n\n<p><strong><em>S\u00e3o Gon\u00e7alo vai mudar: Not\u00edcias de S\u00e3o Gon\u00e7alo e toda regi\u00e3o.<\/em><\/strong><\/p>\n\n\n\n<figure class=\"wp-block-video\"><video height=\"850\" style=\"aspect-ratio: 478 \/ 850;\" width=\"478\" controls src=\"https:\/\/sgvaimudar.com.br\/wp-content\/uploads\/2025\/11\/WhatsApp-Video-2025-10-31-at-10.34.40-2.mp4\"><\/video><\/figure>\n","protected":false},"excerpt":{"rendered":"<p>Os agentes v\u00e3o contar com mais tr\u00eas psic\u00f3logos no Servi\u00e7o de Sa\u00fade Mental da Policl\u00ednica A Pol\u00edcia Civil do Estado&hellip;<\/p>\n","protected":false},"author":5,"featured_media":32835,"comment_status":"closed","ping_status":"open","sticky":false,"template":"","format":"standard","meta":{"fifu_image_url":"https:\/\/sgvaimudar.com.br\/wp-content\/uploads\/2024\/12\/civil.jpg","fifu_image_alt":"","footnotes":""},"categories":[32],"tags":[39,41,40,47],"class_list":["post-32833","post","type-post","status-publish","format-standard","has-post-thumbnail","hentry","category-casos-de-policia","tag-ataque","tag-conflito","tag-guerra","tag-rj"],"_links":{"self":[{"href":"https:\/\/sgvaimudar.com.br\/index.php\/wp-json\/wp\/v2\/posts\/32833","targetHints":{"allow":["GET"]}}],"collection":[{"href":"https:\/\/sgvaimudar.com.br\/index.php\/wp-json\/wp\/v2\/posts"}],"about":[{"href":"https:\/\/sgvaimudar.com.br\/index.php\/wp-json\/wp\/v2\/types\/post"}],"author":[{"embeddable":true,"href":"https:\/\/sgvaimudar.com.br\/index.php\/wp-json\/wp\/v2\/users\/5"}],"replies":[{"embeddable":true,"href":"https:\/\/sgvaimudar.com.br\/index.php\/wp-json\/wp\/v2\/comments?post=32833"}],"version-history":[{"count":1,"href":"https:\/\/sgvaimudar.com.br\/index.php\/wp-json\/wp\/v2\/posts\/32833\/revisions"}],"predecessor-version":[{"id":32834,"href":"https:\/\/sgvaimudar.com.br\/index.php\/wp-json\/wp\/v2\/posts\/32833\/revisions\/32834"}],"wp:featuredmedia":[{"embeddable":true,"href":"https:\/\/sgvaimudar.com.br\/index.php\/wp-json\/wp\/v2\/media\/32835"}],"wp:attachment":[{"href":"https:\/\/sgvaimudar.com.br\/index.php\/wp-json\/wp\/v2\/media?parent=32833"}],"wp:term":[{"taxonomy":"category","embeddable":true,"href":"https:\/\/sgvaimudar.com.br\/index.php\/wp-json\/wp\/v2\/categories?post=32833"},{"taxonomy":"post_tag","embeddable":true,"href":"https:\/\/sgvaimudar.com.br\/index.php\/wp-json\/wp\/v2\/tags?post=32833"}],"curies":[{"name":"wp","href":"https:\/\/api.w.org\/{rel}","templated":true}]}}