{"id":32829,"date":"2025-11-05T06:53:43","date_gmt":"2025-11-05T09:53:43","guid":{"rendered":"https:\/\/sgvaimudar.com.br\/?p=32829"},"modified":"2025-11-05T06:53:44","modified_gmt":"2025-11-05T09:53:44","slug":"flamengo-encara-sao-paulo-com-cinco-desfalques-e-possivel-volta-de-carrascal","status":"publish","type":"post","link":"https:\/\/sgvaimudar.com.br\/index.php\/2025\/11\/05\/flamengo-encara-sao-paulo-com-cinco-desfalques-e-possivel-volta-de-carrascal\/","title":{"rendered":"Flamengo encara S\u00e3o Paulo com cinco desfalques e poss\u00edvel volta de Carrascal"},"content":{"rendered":"\n<p><em>Colombiano pode ser um refor\u00e7o contra o tricolor paulista<\/em><\/p>\n\n\n\n<p>O Flamengo<span style=\"font-family: inherit;font-size: inherit;font-style: inherit;font-weight: inherit;letter-spacing: var(--font-size-60-responsive-book-letter-spacing)\">, d<span style=\"font-family: inherit;font-size: inherit;font-style: inherit;font-weight: inherit;letter-spacing: var(--font-size-60-responsive-book-letter-spacing)\">epois de uma vit\u00f3ria na \u00faltima rodada,<\/span>\u00a0volta a entrar em campo pelo Campeonato Brasileiro nesta quarta-feira, \u00e0s 21h30 (de Bras\u00edlia), pela 32\u00aa rodada, contra o S\u00e3o Paulo, na Vila Belmiro. O t\u00e9cnico Filipe Lu\u00eds tem cinco desfalques confirmados e ainda pode ter Carrascal come\u00e7ando.<\/span><\/p>\n\n\n\n<p>Est\u00e3o fora do confronto o atacante Pedro, que segue se recuperando de uma fratura no antebra\u00e7o, e o zagueiro L\u00e9o Ortiz, que faz tratamento para a entorse no ligamento do tornozelo direito. O volante Jorginho, com les\u00e3o na coxa, tamb\u00e9m n\u00e3o viajou.<\/p>\n\n\n\n<p>O Fla tamb\u00e9m tem Bruno Henrique e Evertton Ara\u00fajo suspensos. O atacante levou o terceiro amarelo contra o Sport, enquanto o volante foi expulso.<\/p>\n\n\n\n<p>A situa\u00e7\u00e3o de Carrascal ser\u00e1 avaliada pelo\u00a0Flamengo na quarta, horas antes do jogo, quando o clube vai bater o martelo sobre a escala\u00e7\u00e3o. O meia-atacante tem um edema \u00f3sseo na regi\u00e3o da costela e se apresentou com dores. Mesmo assim, conseguiu treinar com o grupo na atividade de ter\u00e7a, \u00faltima antes da partida, e foi relacionado.<\/p>\n\n\n\n<p>Ele pode ser titular em qualquer posi\u00e7\u00e3o do atacante, principalmente entre Samuel Lino na esquerda e Luiz Ara\u00fajo na direita. Outra d\u00favida para Filipe Lu\u00eds \u00e9 a lateral direita j\u00e1 que Varela e Royal disputam posi\u00e7\u00e3o. No meio, De la Cruz deve ganhar sequ\u00eancia ao lado de Pulgar.<\/p>\n\n\n\n<p>O prov\u00e1vel\u00a0Flamengo tem: Rossi; Varela (Royal), Danilo, L\u00e9o Pereira e Alex Sandro; Pulgar, De la Cruz e Arrascaeta; Luiz Ara\u00fajo, Plata e Lino (Carrascal).<\/p>\n\n\n\n<p>Quem volta a ser op\u00e7\u00e3o \u00e9 Everton Cebolinha, recuperado de uma les\u00e3o no quadril. O jogador n\u00e3o chegou a treinar com o grupo, mas j\u00e1 vinha fazendo atividades no campo e com bola.<\/p>\n\n\n\n<p>O\u00a0Flamengo \u00e9 o vice-l\u00edder do Brasileir\u00e3o, com um ponto a menos em rela\u00e7\u00e3o ao Palmeiras. Por conta da agenda de shows do Morumbis, o duelo com o S\u00e3o Paulo acontece na Vila Belmiro, em Santos, \u00e0s 21h30.<\/p>\n\n\n\n<p><strong><em>S\u00e3o Gon\u00e7alo vai mudar: Not\u00edcias de S\u00e3o Gon\u00e7alo e toda regi\u00e3o.<\/em><\/strong><\/p>\n\n\n\n<figure class=\"wp-block-video\"><video height=\"850\" style=\"aspect-ratio: 478 \/ 850;\" width=\"478\" controls src=\"https:\/\/sgvaimudar.com.br\/wp-content\/uploads\/2025\/11\/WhatsApp-Video-2025-11-04-at-07.18.44.mp4\"><\/video><\/figure>\n\n\n\n<p><div class=\"wall protected-content\" style=\"margin: 0px;padding: 0px;border: 0px;line-height: inherit;font-family: opensans, helvetica, arial, sans-serif;vertical-align: initial\"><div id=\"chunk-4d1fh\" style=\"margin: 0px;padding: 0px;border: 0px;font: inherit;vertical-align: initial\"><div class=\"mc-column content-text active-extra-styles \" data-block-type=\"unstyled\" data-block-weight=\"42\" data-block-id=\"4\" style=\"margin-top: 0px;margin-right: auto;margin-bottom: var(--spacing-50);margin-left: auto;padding: 0px 1rem;border: 0px;font-style: inherit;font-variant: inherit;font-weight: inherit;font-size: var(--font-size-60-responsive-book);line-height: var(--font-line-height-spaced);font-family: var(--font-family-book),var(--font-family-book-fallback);vertical-align: initial;max-width: 42.5rem;width: 680px;float: none;letter-spacing: var(--font-size-60-responsive-book-letter-spacing)\"><\/div><\/div><\/div><\/p>\n","protected":false},"excerpt":{"rendered":"<p>Colombiano pode ser um refor\u00e7o contra o tricolor paulista O Flamengo, depois de uma vit\u00f3ria na \u00faltima rodada,\u00a0volta a entrar&hellip;<\/p>\n","protected":false},"author":5,"featured_media":32832,"comment_status":"closed","ping_status":"open","sticky":false,"template":"","format":"standard","meta":{"fifu_image_url":"https:\/\/sgvaimudar.com.br\/wp-content\/uploads\/2025\/11\/\u2764\ufe0f\ud83d\udda4.jpg","fifu_image_alt":"","footnotes":""},"categories":[5],"tags":[47],"class_list":["post-32829","post","type-post","status-publish","format-standard","has-post-thumbnail","hentry","category-esportes","tag-rj"],"_links":{"self":[{"href":"https:\/\/sgvaimudar.com.br\/index.php\/wp-json\/wp\/v2\/posts\/32829","targetHints":{"allow":["GET"]}}],"collection":[{"href":"https:\/\/sgvaimudar.com.br\/index.php\/wp-json\/wp\/v2\/posts"}],"about":[{"href":"https:\/\/sgvaimudar.com.br\/index.php\/wp-json\/wp\/v2\/types\/post"}],"author":[{"embeddable":true,"href":"https:\/\/sgvaimudar.com.br\/index.php\/wp-json\/wp\/v2\/users\/5"}],"replies":[{"embeddable":true,"href":"https:\/\/sgvaimudar.com.br\/index.php\/wp-json\/wp\/v2\/comments?post=32829"}],"version-history":[{"count":1,"href":"https:\/\/sgvaimudar.com.br\/index.php\/wp-json\/wp\/v2\/posts\/32829\/revisions"}],"predecessor-version":[{"id":32831,"href":"https:\/\/sgvaimudar.com.br\/index.php\/wp-json\/wp\/v2\/posts\/32829\/revisions\/32831"}],"wp:featuredmedia":[{"embeddable":true,"href":"https:\/\/sgvaimudar.com.br\/index.php\/wp-json\/wp\/v2\/media\/32832"}],"wp:attachment":[{"href":"https:\/\/sgvaimudar.com.br\/index.php\/wp-json\/wp\/v2\/media?parent=32829"}],"wp:term":[{"taxonomy":"category","embeddable":true,"href":"https:\/\/sgvaimudar.com.br\/index.php\/wp-json\/wp\/v2\/categories?post=32829"},{"taxonomy":"post_tag","embeddable":true,"href":"https:\/\/sgvaimudar.com.br\/index.php\/wp-json\/wp\/v2\/tags?post=32829"}],"curies":[{"name":"wp","href":"https:\/\/api.w.org\/{rel}","templated":true}]}}