{"id":32801,"date":"2025-11-04T12:59:00","date_gmt":"2025-11-04T15:59:00","guid":{"rendered":"https:\/\/sgvaimudar.com.br\/?p=32801"},"modified":"2025-11-04T09:27:50","modified_gmt":"2025-11-04T12:27:50","slug":"claudio-castro-recebe-ministro-alexandre-de-moraes-no-centro-integrado-de-comando-e-controle","status":"publish","type":"post","link":"https:\/\/sgvaimudar.com.br\/index.php\/2025\/11\/04\/claudio-castro-recebe-ministro-alexandre-de-moraes-no-centro-integrado-de-comando-e-controle\/","title":{"rendered":"Cl\u00e1udio Castro recebe ministro Alexandre de Moraes no Centro Integrado de Comando e Controle"},"content":{"rendered":"\n<p><em>Ap\u00f3s audi\u00eancia sobre megaopera\u00e7\u00e3o na Penha e no Alem\u00e3o, governador apresentou ao ministro do STF o sistema de videomonitoramento e as ferramentas tecnol\u00f3gicas utilizadas no enfrentamento ao crime<\/em><\/p>\n\n\n\n<p>O governador Cl\u00e1udio Castro se reuniu, nesta segunda-feira (03.11), com o ministro Alexandre de Moraes, do Supremo Tribunal Federal (STF), no Centro Integrado de Comando e Controle (CICC), na Cidade Nova, regi\u00e3o central da capital do Estado do Rio de Janeiro. Durante a audi\u00eancia, foram apresentados dados sobre o planejamento e a execu\u00e7\u00e3o da megaopera\u00e7\u00e3o realizada nos complexos da Penha e do Alem\u00e3o. O relat\u00f3rio, que mostra total transpar\u00eancia no cumprimento da ADPF 635, ser\u00e1 encaminhado ao Supremo Tribunal Federal.<\/p>\n\n\n\n<p>Ap\u00f3s a audi\u00eancia, o governador acompanhou o ministro em uma visita t\u00e9cnica \u00e0 Sala de Intelig\u00eancia e Controle do CICC, onde est\u00e1 instalado o sistema de reconhecimento facial e das c\u00e2meras operacionais port\u00e1teis usadas pela Pol\u00edcia Militar, com acompanhamento em tempo real dos deslocamentos em todo o territ\u00f3rio fluminense.<\/p>\n\n\n\n<p>A estrutura centraliza informa\u00e7\u00f5es de campo e dados de intelig\u00eancia, garantindo resposta r\u00e1pida e coordena\u00e7\u00e3o operacional.<\/p>\n\n\n\n<p>&#8211; O Rio de Janeiro tem investido muito em planejamento, tecnologia e transpar\u00eancia para tornar a seguran\u00e7a p\u00fablica mais eficiente e moderna. O CICC \u00e9 a express\u00e3o &nbsp;desse trabalho coordenado, com tecnologia de ponta. Todo esse aparato &nbsp;garante um servi\u00e7o de seguran\u00e7a de qualidade para a popula\u00e7\u00e3o &#8211; afirmou o governador Cl\u00e1udio Castro.<\/p>\n\n\n\n<p>Participaram da audi\u00eancia os secret\u00e1rios de Seguran\u00e7a P\u00fablica, Victor dos Santos; de Pol\u00edcia Militar, Marcelo de Menezes; e de Pol\u00edcia Civil, Felipe Curi, al\u00e9m de representantes do Conselho Nacional do Minist\u00e9rio P\u00fablico e do Conselho Nacional de Justi\u00e7a.<\/p>\n\n\n\n<p>&#8211; Conversamos sobre o projeto de retomada que est\u00e1 em fase de organiza\u00e7\u00e3o pelo Conselho Nacional do Minist\u00e9rio P\u00fablico e demos ao ministro total possibilidade de tirar todas as d\u00favidas sobre a pol\u00edtica de seguran\u00e7a do Rio de Janeiro e nos desafios no combate ao crime &#8211; acrescentou Cl\u00e1udio Castro.<\/p>\n\n\n\n<p><strong>Polo de integra\u00e7\u00e3o<\/strong><\/p>\n\n\n\n<p>O CICC \u00e9 o principal polo de integra\u00e7\u00e3o das for\u00e7as de seguran\u00e7a do Estado. O centro atua no monitoramento em tempo real de ocorr\u00eancias, grandes eventos e situa\u00e7\u00f5es emergenciais, reunindo representantes das pol\u00edcias, Bombeiros, Defesa Civil, Detran e \u00f3rg\u00e3os federais e municipais.<\/p>\n\n\n\n<p>No CICC tamb\u00e9m foram desenvolvidos software como o 190RJ, o Rede Mulher e o Rede Escola.<\/p>\n\n\n\n<p>Al\u00e9m disso, no CICC funciona o servi\u00e7o de emerg\u00eancia 190 da Pol\u00edcia Militar, que recebeu recentemente com o ISO 9001, premia\u00e7\u00e3o internacional que reconhece a efici\u00eancia do servi\u00e7o.<\/p>\n\n\n\n<p><em>Foto: Philippe Lima<\/em><\/p>\n\n\n\n<p><strong><em>S\u00e3o Gon\u00e7alo vai mudar: Not\u00edcias de S\u00e3o Gon\u00e7alo e toda regi\u00e3o.<\/em><\/strong><\/p>\n\n\n\n<figure class=\"wp-block-video\"><video height=\"850\" style=\"aspect-ratio: 478 \/ 850;\" width=\"478\" controls src=\"https:\/\/sgvaimudar.com.br\/wp-content\/uploads\/2025\/11\/WhatsApp-Video-2025-10-31-at-10.34.40-2.mp4\"><\/video><\/figure>\n","protected":false},"excerpt":{"rendered":"<p>Ap\u00f3s audi\u00eancia sobre megaopera\u00e7\u00e3o na Penha e no Alem\u00e3o, governador apresentou ao ministro do STF o sistema de videomonitoramento e&hellip;<\/p>\n","protected":false},"author":5,"featured_media":32804,"comment_status":"closed","ping_status":"open","sticky":false,"template":"","format":"standard","meta":{"fifu_image_url":"https:\/\/sgvaimudar.com.br\/wp-content\/uploads\/2025\/11\/P_L_0003-scaled.jpg","fifu_image_alt":"","footnotes":""},"categories":[32],"tags":[39,41,40,47],"class_list":["post-32801","post","type-post","status-publish","format-standard","has-post-thumbnail","hentry","category-casos-de-policia","tag-ataque","tag-conflito","tag-guerra","tag-rj"],"_links":{"self":[{"href":"https:\/\/sgvaimudar.com.br\/index.php\/wp-json\/wp\/v2\/posts\/32801","targetHints":{"allow":["GET"]}}],"collection":[{"href":"https:\/\/sgvaimudar.com.br\/index.php\/wp-json\/wp\/v2\/posts"}],"about":[{"href":"https:\/\/sgvaimudar.com.br\/index.php\/wp-json\/wp\/v2\/types\/post"}],"author":[{"embeddable":true,"href":"https:\/\/sgvaimudar.com.br\/index.php\/wp-json\/wp\/v2\/users\/5"}],"replies":[{"embeddable":true,"href":"https:\/\/sgvaimudar.com.br\/index.php\/wp-json\/wp\/v2\/comments?post=32801"}],"version-history":[{"count":1,"href":"https:\/\/sgvaimudar.com.br\/index.php\/wp-json\/wp\/v2\/posts\/32801\/revisions"}],"predecessor-version":[{"id":32803,"href":"https:\/\/sgvaimudar.com.br\/index.php\/wp-json\/wp\/v2\/posts\/32801\/revisions\/32803"}],"wp:featuredmedia":[{"embeddable":true,"href":"https:\/\/sgvaimudar.com.br\/index.php\/wp-json\/wp\/v2\/media\/32804"}],"wp:attachment":[{"href":"https:\/\/sgvaimudar.com.br\/index.php\/wp-json\/wp\/v2\/media?parent=32801"}],"wp:term":[{"taxonomy":"category","embeddable":true,"href":"https:\/\/sgvaimudar.com.br\/index.php\/wp-json\/wp\/v2\/categories?post=32801"},{"taxonomy":"post_tag","embeddable":true,"href":"https:\/\/sgvaimudar.com.br\/index.php\/wp-json\/wp\/v2\/tags?post=32801"}],"curies":[{"name":"wp","href":"https:\/\/api.w.org\/{rel}","templated":true}]}}