{"id":32797,"date":"2025-11-04T13:00:00","date_gmt":"2025-11-04T16:00:00","guid":{"rendered":"https:\/\/sgvaimudar.com.br\/?p=32797"},"modified":"2025-11-04T09:22:47","modified_gmt":"2025-11-04T12:22:47","slug":"vice-prefeito-joao-ventura-assume-a-secretaria-de-governo-da-prefeitura","status":"publish","type":"post","link":"https:\/\/sgvaimudar.com.br\/index.php\/2025\/11\/04\/vice-prefeito-joao-ventura-assume-a-secretaria-de-governo-da-prefeitura\/","title":{"rendered":"Vice-prefeito Jo\u00e3o Ventura assume a Secretaria de Governo da Prefeitura"},"content":{"rendered":"\n<p><em>A partir desta segunda-feira, ele vai coordenar tamb\u00e9m as a\u00e7\u00f5es estrat\u00e9gicas de governan\u00e7a, planejamento e relacionamento com demais poderes e institui\u00e7\u00f5es<\/em><\/p>\n\n\n\n<p>O vice-prefeito Jo\u00e3o Ventura, de 30 anos, assumiu oficialmente, nesta segunda-feira (03\/11), a Secretaria de Governo da Prefeitura de S\u00e3o Gon\u00e7alo, substituindo o ent\u00e3o secret\u00e1rio F\u00e1bio Ara\u00fajo. <\/p>\n\n\n\n<p>Com uma trajet\u00f3ria marcada pelo di\u00e1logo e pelo compromisso com o desenvolvimento de S\u00e3o Gon\u00e7alo, Jo\u00e3o Ventura j\u00e1 exerceu importantes fun\u00e7\u00f5es na administra\u00e7\u00e3o municipal, como subsecret\u00e1rio de Governo entre 2021 e 2022, e sempre atuou com foco na transpar\u00eancia, no planejamento e na melhoria dos servi\u00e7os \u00e0 popula\u00e7\u00e3o.<\/p>\n\n\n\n<p>Com experi\u00eancia na vida p\u00fablica e s\u00f3lida atua\u00e7\u00e3o ao lado do prefeito Capit\u00e3o Nelson e do deputado estadual licenciado e atual secret\u00e1rio de Estado das Cidades, Douglas Ruas, por mais de dez anos, o jovem pol\u00edtico passa a coordenar tamb\u00e9m as a\u00e7\u00f5es estrat\u00e9gicas de governan\u00e7a, planejamento institucional e relacionamento com os demais poderes e entidades civis, al\u00e9m de exercer a fun\u00e7\u00e3o de vice-prefeito.<\/p>\n\n\n\n<p>Jo\u00e3o Ventura carrega em seu curr\u00edculo as seguintes experi\u00eancias: assessor parlamentar do ent\u00e3o vereador Capit\u00e3o Nelson, em 2017; assessor parlamentar do ent\u00e3o deputado estadual Capit\u00e3o Nelson, em 2019; subsecret\u00e1rio de Governo da Prefeitura de S\u00e3o Gon\u00e7alo entre 2021 e 2022; chefe de gabinete do deputado estadual Douglas Ruas, entre janeiro e setembro de 2023, e chefe de gabinete da Secretaria de Estado das Cidades, entre 2023 e 2024.<\/p>\n\n\n\n<p>\u201cAssumo esta nova fun\u00e7\u00e3o com o mesmo compromisso que tenho desde o in\u00edcio da gest\u00e3o: trabalhar por uma cidade cada vez mais justa e eficiente. Nosso foco \u00e9 manter a integra\u00e7\u00e3o entre as secretarias e garantir que as pol\u00edticas p\u00fablicas cheguem a quem mais precisa\u201d, destacou Jo\u00e3o Ventura.<\/p>\n\n\n\n<p>A nomea\u00e7\u00e3o refor\u00e7a o compromisso da gest\u00e3o municipal em fortalecer a articula\u00e7\u00e3o pol\u00edtica e administrativa entre as diversas secretarias e ampliar o di\u00e1logo com a comunidade. A Secretaria de Governo \u00e9 respons\u00e1vel por coordenar as a\u00e7\u00f5es estrat\u00e9gicas da administra\u00e7\u00e3o, promover a integra\u00e7\u00e3o entre os \u00f3rg\u00e3os municipais e articular pol\u00edticas que assegurem o bom funcionamento da gest\u00e3o p\u00fablica.<\/p>\n\n\n\n<p><em>Foto: Ascom<\/em><\/p>\n\n\n\n<p><strong><em>S\u00e3o Gon\u00e7alo vai mudar: Not\u00edcias de S\u00e3o Gon\u00e7alo e toda regi\u00e3o.<\/em><\/strong><\/p>\n\n\n\n<figure class=\"wp-block-video\"><video height=\"850\" style=\"aspect-ratio: 478 \/ 850;\" width=\"478\" controls src=\"https:\/\/sgvaimudar.com.br\/wp-content\/uploads\/2025\/11\/WhatsApp-Video-2025-10-31-at-10.34.40-2.mp4\"><\/video><\/figure>\n","protected":false},"excerpt":{"rendered":"<p>A partir desta segunda-feira, ele vai coordenar tamb\u00e9m as a\u00e7\u00f5es estrat\u00e9gicas de governan\u00e7a, planejamento e relacionamento com demais poderes e&hellip;<\/p>\n","protected":false},"author":5,"featured_media":32800,"comment_status":"closed","ping_status":"open","sticky":false,"template":"","format":"standard","meta":{"fifu_image_url":"https:\/\/sgvaimudar.com.br\/wp-content\/uploads\/2025\/11\/unnamed-10-1.jpg","fifu_image_alt":"","footnotes":""},"categories":[3],"tags":[74,75],"class_list":["post-32797","post","type-post","status-publish","format-standard","has-post-thumbnail","hentry","category-sao-goncalo","tag-eleicao","tag-sao-goncalo"],"_links":{"self":[{"href":"https:\/\/sgvaimudar.com.br\/index.php\/wp-json\/wp\/v2\/posts\/32797","targetHints":{"allow":["GET"]}}],"collection":[{"href":"https:\/\/sgvaimudar.com.br\/index.php\/wp-json\/wp\/v2\/posts"}],"about":[{"href":"https:\/\/sgvaimudar.com.br\/index.php\/wp-json\/wp\/v2\/types\/post"}],"author":[{"embeddable":true,"href":"https:\/\/sgvaimudar.com.br\/index.php\/wp-json\/wp\/v2\/users\/5"}],"replies":[{"embeddable":true,"href":"https:\/\/sgvaimudar.com.br\/index.php\/wp-json\/wp\/v2\/comments?post=32797"}],"version-history":[{"count":1,"href":"https:\/\/sgvaimudar.com.br\/index.php\/wp-json\/wp\/v2\/posts\/32797\/revisions"}],"predecessor-version":[{"id":32799,"href":"https:\/\/sgvaimudar.com.br\/index.php\/wp-json\/wp\/v2\/posts\/32797\/revisions\/32799"}],"wp:featuredmedia":[{"embeddable":true,"href":"https:\/\/sgvaimudar.com.br\/index.php\/wp-json\/wp\/v2\/media\/32800"}],"wp:attachment":[{"href":"https:\/\/sgvaimudar.com.br\/index.php\/wp-json\/wp\/v2\/media?parent=32797"}],"wp:term":[{"taxonomy":"category","embeddable":true,"href":"https:\/\/sgvaimudar.com.br\/index.php\/wp-json\/wp\/v2\/categories?post=32797"},{"taxonomy":"post_tag","embeddable":true,"href":"https:\/\/sgvaimudar.com.br\/index.php\/wp-json\/wp\/v2\/tags?post=32797"}],"curies":[{"name":"wp","href":"https:\/\/api.w.org\/{rel}","templated":true}]}}