{"id":32769,"date":"2025-11-04T08:59:00","date_gmt":"2025-11-04T11:59:00","guid":{"rendered":"https:\/\/sgvaimudar.com.br\/?p=32769"},"modified":"2025-11-04T08:23:03","modified_gmt":"2025-11-04T11:23:03","slug":"policia-civil-prende-salgado-acusado-de-matar-o-policial-militar-de-paula-na-presenca-da-familia-na-joao-brasil-em-niteroi","status":"publish","type":"post","link":"https:\/\/sgvaimudar.com.br\/index.php\/2025\/11\/04\/policia-civil-prende-salgado-acusado-de-matar-o-policial-militar-de-paula-na-presenca-da-familia-na-joao-brasil-em-niteroi\/","title":{"rendered":"Pol\u00edcia Civil prende \u2018Salgado\u2019, acusado de matar o policial militar De Paula na presen\u00e7a da fam\u00edlia na Jo\u00e3o Brasil, em Niter\u00f3i"},"content":{"rendered":"\n<p><em>Ap\u00f3s quase um ano foragido, suspeito foi capturado em opera\u00e7\u00e3o conjunta da Delegacia de Homic\u00eddios e do 12\u00ba BPM; crime, cometido na frente da fam\u00edlia, abalou moradores do Fonseca<\/em><\/p>\n\n\n\n<p>Na manh\u00e3 desta segunda-feira (3), agentes da Delegacia de Homic\u00eddios de Niter\u00f3i, S\u00e3o Gon\u00e7alo e Itabora\u00ed (DHNSG) prenderam Mychel Silva Monteiro, o <strong><em>Salgado<\/em><\/strong>, suspeito de assassinar o cabo da Pol\u00edcia Militar Luiz Fernando Santos de Paula, do CPRv, em novembro do ano passado na Jo\u00e3o Brasil, bairro Fonseca, Zona Norte de Niter\u00f3i.<\/p>\n\n\n\n<p>A pris\u00e3o aconteceu na Estrada do Monan Pequeno, ap\u00f3s uma opera\u00e7\u00e3o coordenada pelos delegados Willians Batista e Pedro Henrique, com apoio do 12\u00ba BPM (Niter\u00f3i), da 4\u00aa Companhia e do Patamo. <\/p>\n\n\n\n<figure class=\"wp-block-video\"><video height=\"640\" style=\"aspect-ratio: 358 \/ 640;\" width=\"358\" controls src=\"https:\/\/sgvaimudar.com.br\/wp-content\/uploads\/2025\/11\/FDownloader.Net_AQNJNMK3-ykOeRlqIXNaD5GpVP9yOb67gZT7Coz-JBYITlPn6Q8l-AFpRpdWunFi1Kgv1aqpOyV9j0V2Kl814oW0flkwsu_cxTwVvKykoA_360p_SD.mp4\"><\/video><\/figure>\n\n\n\n<p>O criminoso foi pego de surpresa ao embarcar em uma motocicleta de aplicativo que ia seguir para o bairro Jardim Catarina, em S\u00e3o Gon\u00e7alo, local onde ele se escondia desde o assassinato.<\/p>\n\n\n\n<p>De acordo com as informa\u00e7\u00f5es do Grupo de Investiga\u00e7\u00e3o de Niter\u00f3i (GI-Niter\u00f3i), <strong><em>Salgado<\/em><\/strong> teve participa\u00e7\u00e3o direta no homic\u00eddio do policial militar, que estava de folga quando foi baleado na portaria de seu pr\u00e9dio, na frente de familiares, na Avenida Professor Jo\u00e3o Brasil, no dia 8 de novembro de 2024.<\/p>\n\n\n\n<p>O crime, cometido covardemente causou como\u00e7\u00e3o e revolta entre colegas de farda e moradores da regi\u00e3o, que acompanharam de perto as homenagens prestadas \u00e0 v\u00edtima na \u00e9poca.<\/p>\n\n\n\n<p>Ap\u00f3s ter matado o policial <strong><em>Salgado<\/em><\/strong> passou a se refugiar na comunidade do Jardim Catarina, um dos maiores complexos urbanos de S\u00e3o Gon\u00e7alo. Segundo a Pol\u00edcia Civil, o criminoso quase n\u00e3o botava o p\u00e9 na rua, temendo ser identificado e preso.<\/p>\n\n\n\n<p>No entanto, a equipe da DHNSG usou os dados de intelig\u00eancia e informa\u00e7\u00f5es do sistema e conseguiu mapear movimenta\u00e7\u00f5es compat\u00edveis com o paradeiro do criminoso. Com as informa\u00e7\u00f5es, foi montada uma opera\u00e7\u00e3o de captura, executada com louvor sem viol\u00eancia.<\/p>\n\n\n\n<p>O mandado de pris\u00e3o preventiva, expedido pela 3\u00aa Vara Criminal de Niter\u00f3i\/TJRJ.  Com a pris\u00e3o de <strong><em>Salgado<\/em><\/strong>, todos os envolvidos no assassinato do cabo De Paula foram devidamente retirados das ruas.<\/p>\n\n\n\n<p>Em nota, a Pol\u00edcia Civil do Estado do Rio de Janeiro destacou que a pris\u00e3o de <strong><em>Salgado<\/em><\/strong> representa um marco na elucida\u00e7\u00e3o de crimes contra agentes p\u00fablicos e refor\u00e7a o compromisso da institui\u00e7\u00e3o no combate \u00e0 criminalidade violenta.<\/p>\n\n\n\n<p>\u201cA captura desse foragido demonstra o empenho da DHNSG em garantir justi\u00e7a \u00e0 fam\u00edlia do policial e \u00e0 sociedade. Nenhum crime contra servidores da seguran\u00e7a p\u00fablica ficar\u00e1 impune\u201d, afirmou o delegado Willians Batista, titular da especializada.<\/p>\n\n\n\n<p>Ap\u00f3s o cumprimento das formalidades legais, o preso foi encaminhado \u00e0 sede da DHNSG, onde o caso foi registrado, e posteriormente transferido ao sistema prisional, onde vai permanecer \u00e0 disposi\u00e7\u00e3o da Justi\u00e7a.<\/p>\n\n\n\n<p><strong><em>Fa\u00e7a sua den\u00fancia pelo nosso WhatsApp: (21) <\/em><\/strong><strong><em>99744 5345<\/em><\/strong><strong><em><\/em><\/strong><\/p>\n\n\n\n<p><strong><em>S\u00e3o Gon\u00e7alo vai mudar: Not\u00edcias de S\u00e3o Gon\u00e7alo e toda regi\u00e3o.<\/em><\/strong><\/p>\n\n\n\n<figure class=\"wp-block-video\"><video height=\"850\" style=\"aspect-ratio: 478 \/ 850;\" width=\"478\" controls src=\"https:\/\/sgvaimudar.com.br\/wp-content\/uploads\/2025\/11\/WhatsApp-Video-2025-11-04-at-07.18.44.mp4\"><\/video><\/figure>\n","protected":false},"excerpt":{"rendered":"<p>Ap\u00f3s quase um ano foragido, suspeito foi capturado em opera\u00e7\u00e3o conjunta da Delegacia de Homic\u00eddios e do 12\u00ba BPM; crime,&hellip;<\/p>\n","protected":false},"author":5,"featured_media":32774,"comment_status":"closed","ping_status":"open","sticky":false,"template":"","format":"standard","meta":{"fifu_image_url":"https:\/\/sgvaimudar.com.br\/wp-content\/uploads\/2025\/11\/Sal.jpg","fifu_image_alt":"","footnotes":""},"categories":[32],"tags":[39,41,40,47],"class_list":["post-32769","post","type-post","status-publish","format-standard","has-post-thumbnail","hentry","category-casos-de-policia","tag-ataque","tag-conflito","tag-guerra","tag-rj"],"_links":{"self":[{"href":"https:\/\/sgvaimudar.com.br\/index.php\/wp-json\/wp\/v2\/posts\/32769","targetHints":{"allow":["GET"]}}],"collection":[{"href":"https:\/\/sgvaimudar.com.br\/index.php\/wp-json\/wp\/v2\/posts"}],"about":[{"href":"https:\/\/sgvaimudar.com.br\/index.php\/wp-json\/wp\/v2\/types\/post"}],"author":[{"embeddable":true,"href":"https:\/\/sgvaimudar.com.br\/index.php\/wp-json\/wp\/v2\/users\/5"}],"replies":[{"embeddable":true,"href":"https:\/\/sgvaimudar.com.br\/index.php\/wp-json\/wp\/v2\/comments?post=32769"}],"version-history":[{"count":2,"href":"https:\/\/sgvaimudar.com.br\/index.php\/wp-json\/wp\/v2\/posts\/32769\/revisions"}],"predecessor-version":[{"id":32776,"href":"https:\/\/sgvaimudar.com.br\/index.php\/wp-json\/wp\/v2\/posts\/32769\/revisions\/32776"}],"wp:featuredmedia":[{"embeddable":true,"href":"https:\/\/sgvaimudar.com.br\/index.php\/wp-json\/wp\/v2\/media\/32774"}],"wp:attachment":[{"href":"https:\/\/sgvaimudar.com.br\/index.php\/wp-json\/wp\/v2\/media?parent=32769"}],"wp:term":[{"taxonomy":"category","embeddable":true,"href":"https:\/\/sgvaimudar.com.br\/index.php\/wp-json\/wp\/v2\/categories?post=32769"},{"taxonomy":"post_tag","embeddable":true,"href":"https:\/\/sgvaimudar.com.br\/index.php\/wp-json\/wp\/v2\/tags?post=32769"}],"curies":[{"name":"wp","href":"https:\/\/api.w.org\/{rel}","templated":true}]}}