{"id":3275,"date":"2023-09-18T15:04:55","date_gmt":"2023-09-18T18:04:55","guid":{"rendered":"https:\/\/sgvaimudar.com.br\/?p=3275"},"modified":"2023-09-18T15:04:56","modified_gmt":"2023-09-18T18:04:56","slug":"pai-e-preso-acusado-de-estupro-em-niteroi","status":"publish","type":"post","link":"https:\/\/sgvaimudar.com.br\/index.php\/2023\/09\/18\/pai-e-preso-acusado-de-estupro-em-niteroi\/","title":{"rendered":"Pai \u00e9 preso acusado de estupro em Niter\u00f3i"},"content":{"rendered":"\n<p>Um indiv\u00edduo foi detido sob a acusa\u00e7\u00e3o de cometer abuso sexual e resultar na gravidez de sua pr\u00f3pria filha em Niter\u00f3i. O suspeito, de 37 anos, foi apprehended no domingo, 17 de setembro, na Avenida Almirante Ary Parreiras, em Icara\u00ed, Zona Sul da cidade.<\/p>\n\n\n\n<p>De acordo com informa\u00e7\u00f5es das autoridades, os agentes do programa Seguran\u00e7a Presente detiveram o indiv\u00edduo, que \u00e9 acusado de ter cometido o abuso sexual contra sua filha quando ela tinha 14 anos. Como resultado desse abuso, a adolescente engravidou e posteriormente deu \u00e0 luz a uma crian\u00e7a com necessidades especiais.<\/p>\n\n\n\n<p>Ap\u00f3s o nascimento do beb\u00ea, tanto a v\u00edtima quanto a esposa do acusado registraram o incidente na delegacia. O suspeito foi ent\u00e3o encaminhado para a 76\u00aa Delegacia de Pol\u00edcia em Niter\u00f3i. A Pol\u00edcia Civil est\u00e1 conduzindo investiga\u00e7\u00f5es em andamento para esclarecer os fatos.<\/p>\n\n\n\n<p>REDA\u00c7\u00c3O<\/p>\n\n\n\n<h1 class=\"wp-block-heading\">sgvaimudar<\/h1>\n","protected":false},"excerpt":{"rendered":"<p>Um indiv\u00edduo foi detido sob a acusa\u00e7\u00e3o de cometer abuso sexual e resultar na gravidez de sua pr\u00f3pria filha em&hellip;<\/p>\n","protected":false},"author":2,"featured_media":3276,"comment_status":"open","ping_status":"open","sticky":false,"template":"","format":"standard","meta":{"fifu_image_url":"","fifu_image_alt":"","footnotes":""},"categories":[32],"tags":[],"class_list":["post-3275","post","type-post","status-publish","format-standard","has-post-thumbnail","hentry","category-casos-de-policia"],"_links":{"self":[{"href":"https:\/\/sgvaimudar.com.br\/index.php\/wp-json\/wp\/v2\/posts\/3275","targetHints":{"allow":["GET"]}}],"collection":[{"href":"https:\/\/sgvaimudar.com.br\/index.php\/wp-json\/wp\/v2\/posts"}],"about":[{"href":"https:\/\/sgvaimudar.com.br\/index.php\/wp-json\/wp\/v2\/types\/post"}],"author":[{"embeddable":true,"href":"https:\/\/sgvaimudar.com.br\/index.php\/wp-json\/wp\/v2\/users\/2"}],"replies":[{"embeddable":true,"href":"https:\/\/sgvaimudar.com.br\/index.php\/wp-json\/wp\/v2\/comments?post=3275"}],"version-history":[{"count":1,"href":"https:\/\/sgvaimudar.com.br\/index.php\/wp-json\/wp\/v2\/posts\/3275\/revisions"}],"predecessor-version":[{"id":3277,"href":"https:\/\/sgvaimudar.com.br\/index.php\/wp-json\/wp\/v2\/posts\/3275\/revisions\/3277"}],"wp:featuredmedia":[{"embeddable":true,"href":"https:\/\/sgvaimudar.com.br\/index.php\/wp-json\/wp\/v2\/media\/3276"}],"wp:attachment":[{"href":"https:\/\/sgvaimudar.com.br\/index.php\/wp-json\/wp\/v2\/media?parent=3275"}],"wp:term":[{"taxonomy":"category","embeddable":true,"href":"https:\/\/sgvaimudar.com.br\/index.php\/wp-json\/wp\/v2\/categories?post=3275"},{"taxonomy":"post_tag","embeddable":true,"href":"https:\/\/sgvaimudar.com.br\/index.php\/wp-json\/wp\/v2\/tags?post=3275"}],"curies":[{"name":"wp","href":"https:\/\/api.w.org\/{rel}","templated":true}]}}