{"id":3270,"date":"2023-09-17T19:16:31","date_gmt":"2023-09-17T22:16:31","guid":{"rendered":"https:\/\/sgvaimudar.com.br\/?p=3270"},"modified":"2023-09-17T19:16:32","modified_gmt":"2023-09-17T22:16:32","slug":"caso-heloisa-corpo-de-menina-de-3-anos-sera-enterrado-em-petropolis-onde-mora-a-familia","status":"publish","type":"post","link":"https:\/\/sgvaimudar.com.br\/index.php\/2023\/09\/17\/caso-heloisa-corpo-de-menina-de-3-anos-sera-enterrado-em-petropolis-onde-mora-a-familia\/","title":{"rendered":"Caso Helo\u00edsa: Corpo de menina de 3 anos ser\u00e1 enterrado em Petr\u00f3polis, onde mora a fam\u00edlia"},"content":{"rendered":"\n<p>A causa da morte da menina Helo\u00edsa dos Santos Silva, atingida por um tiro na cabe\u00e7a em uma abordagem da Pol\u00edcia Rodovi\u00e1ria Federal e morta neste s\u00e1bado, ap\u00f3s nove dias internada, foi divulgada em laudo: Les\u00e3o transfixante de enc\u00e9falo por proj\u00e9til de arma de fogo. A declara\u00e7\u00e3o de \u00f3bito foi entregue \u00e0 tia da crian\u00e7a, Danielle da Silva, na manh\u00e3 deste domingo no Instituto M\u00e9dico Legal (IML) de Duque de Caxias, que aguardava para fazer o reconhecimento do corpo e tomar as medidas necess\u00e1rias ao sepultamento. Segundo ela, m\u00e3e e pai da v\u00edtima seguem em choque pelo ocorrido.<\/p>\n\n\n\n<p>A causa da morte foi divulgada em laudo: Les\u00e3o transfixante de enc\u00e9falo por proj\u00e9til de arma de fogo. A declara\u00e7\u00e3o de \u00f3bito foi entregue \u00e0 tia da crian\u00e7a, Danielle da Silva, na manh\u00e3 deste domingo no Instituto M\u00e9dico Legal (IML) de Duque de Caxias, que aguardava para fazer o reconhecimento do corpo e tomar as medidas necess\u00e1rias ao sepultamento. Segundo ela, m\u00e3e e pai da v\u00edtima seguem em choque pelo ocorrido.<\/p>\n\n\n\n<p>&#8212; N\u00e3o tem como ser diferente. Seria muito dif\u00edcil com uma v\u00edtima de qualquer idade, mas sobretudo sendo crian\u00e7a. Era uma crian\u00e7a encantadora. Por onde passava, alegrava e conquistava. E num feriado, dia que era pra ser de alegria, em que foram visitar a v\u00f3 materna, isso aconteceu &#8212; lembrou.<\/p>\n\n\n\n<h1 class=\"wp-block-heading\">sgvaimudar<\/h1>\n","protected":false},"excerpt":{"rendered":"<p>A causa da morte da menina Helo\u00edsa dos Santos Silva, atingida por um tiro na cabe\u00e7a em uma abordagem da&hellip;<\/p>\n","protected":false},"author":2,"featured_media":3272,"comment_status":"open","ping_status":"open","sticky":false,"template":"","format":"standard","meta":{"fifu_image_url":"","fifu_image_alt":"","footnotes":""},"categories":[32],"tags":[],"class_list":["post-3270","post","type-post","status-publish","format-standard","has-post-thumbnail","hentry","category-casos-de-policia"],"_links":{"self":[{"href":"https:\/\/sgvaimudar.com.br\/index.php\/wp-json\/wp\/v2\/posts\/3270","targetHints":{"allow":["GET"]}}],"collection":[{"href":"https:\/\/sgvaimudar.com.br\/index.php\/wp-json\/wp\/v2\/posts"}],"about":[{"href":"https:\/\/sgvaimudar.com.br\/index.php\/wp-json\/wp\/v2\/types\/post"}],"author":[{"embeddable":true,"href":"https:\/\/sgvaimudar.com.br\/index.php\/wp-json\/wp\/v2\/users\/2"}],"replies":[{"embeddable":true,"href":"https:\/\/sgvaimudar.com.br\/index.php\/wp-json\/wp\/v2\/comments?post=3270"}],"version-history":[{"count":1,"href":"https:\/\/sgvaimudar.com.br\/index.php\/wp-json\/wp\/v2\/posts\/3270\/revisions"}],"predecessor-version":[{"id":3273,"href":"https:\/\/sgvaimudar.com.br\/index.php\/wp-json\/wp\/v2\/posts\/3270\/revisions\/3273"}],"wp:featuredmedia":[{"embeddable":true,"href":"https:\/\/sgvaimudar.com.br\/index.php\/wp-json\/wp\/v2\/media\/3272"}],"wp:attachment":[{"href":"https:\/\/sgvaimudar.com.br\/index.php\/wp-json\/wp\/v2\/media?parent=3270"}],"wp:term":[{"taxonomy":"category","embeddable":true,"href":"https:\/\/sgvaimudar.com.br\/index.php\/wp-json\/wp\/v2\/categories?post=3270"},{"taxonomy":"post_tag","embeddable":true,"href":"https:\/\/sgvaimudar.com.br\/index.php\/wp-json\/wp\/v2\/tags?post=3270"}],"curies":[{"name":"wp","href":"https:\/\/api.w.org\/{rel}","templated":true}]}}