{"id":32697,"date":"2025-11-03T07:23:30","date_gmt":"2025-11-03T10:23:30","guid":{"rendered":"https:\/\/sgvaimudar.com.br\/?p=32697"},"modified":"2025-11-03T07:23:30","modified_gmt":"2025-11-03T10:23:30","slug":"policia-civil-divulga-identificacao-dos-criminosos-mortos-na-operacao-contencao","status":"publish","type":"post","link":"https:\/\/sgvaimudar.com.br\/index.php\/2025\/11\/03\/policia-civil-divulga-identificacao-dos-criminosos-mortos-na-operacao-contencao\/","title":{"rendered":"Pol\u00edcia Civil divulga identifica\u00e7\u00e3o dos criminosos mortos na Opera\u00e7\u00e3o Conten\u00e7\u00e3o"},"content":{"rendered":"\n<p><em>Ao todo, 117 criminosos foram mortos na opera\u00e7\u00e3o<\/em><\/p>\n\n\n\n<p>A Pol\u00edcia Civil divulgou a identifica\u00e7\u00e3o dos 99 criminosos neutralizados durante a Opera\u00e7\u00e3o Conten\u00e7\u00e3o, deflagrada na \u00faltima ter\u00e7a-feira (28\/10), nos complexos do Alem\u00e3o e da Penha, na Zona Norte do Rio. O resultado foi divulgado em entrevista coletiva, nesta sexta-feira (31\/10). <\/p>\n\n\n\n<p>Do total, 42 possu\u00edam mandados de pris\u00e3o pendentes e pelo menos 78 apresentavam extenso hist\u00f3rico criminal \u2014 n\u00famero que ainda pode aumentar \u00e0 medida que chegam informa\u00e7\u00f5es de outros estados.<\/p>\n\n\n\n<p>&#8220;Tendo em vista estes resultados, a gente v\u00ea que o trabalho de investiga\u00e7\u00e3o e intelig\u00eancia foi adequado, todos perigosos e com ficha criminal. Tamb\u00e9m, pela identifica\u00e7\u00e3o das origens desses narcoterroristas, refor\u00e7o a import\u00e2ncia da integra\u00e7\u00e3o com os estados. Em breve, vamos entregar os relat\u00f3rios completos para as autoridades competentes&#8221;, disse Claudio Castro.<\/p>\n\n\n\n<p>O resultado \u00e9 fruto de um trabalho ininterrupto de investiga\u00e7\u00e3o e identifica\u00e7\u00e3o conduzido pela \u00e1rea de intelig\u00eancia da Pol\u00edcia Civil, com o apoio de \u00f3rg\u00e3os t\u00e9cnicos e periciais. At\u00e9 o momento, foi poss\u00edvel constatar que parte dos identificados \u00e9 oriunda de outros estados: 13 do Par\u00e1, sete do Amazonas, seis da Bahia, quatro do Cear\u00e1, um da Para\u00edba, quatro de Goi\u00e1s, um do Mato Grosso e tr\u00eas do Esp\u00edrito Santo.<\/p>\n\n\n\n<p>&#8220;Esse foi um trabalho muito intenso, fizemos uma for\u00e7a-tarefa para reunir as evid\u00eancias. Estou aqui para mostrar a integra\u00e7\u00e3o entre as for\u00e7as policiais, que foi t\u00e3o importante para que a opera\u00e7\u00e3o fosse bem-sucedida&#8221;, disse o secret\u00e1rio de Seguran\u00e7a P\u00fablica, Victor dos Santos.<\/p>\n\n\n\n<p>Os dados evidenciam que o Rio de Janeiro abrigava lideran\u00e7as criminosas de quatro das cinco regi\u00f5es do pa\u00eds, demonstrando o alcance nacional da atua\u00e7\u00e3o do Comando Vermelho. Pelo menos um ter\u00e7o dos presos na opera\u00e7\u00e3o tamb\u00e9m \u00e9 proveniente de fora do estado.<\/p>\n\n\n\n<p>As informa\u00e7\u00f5es preliminares apontam que os complexos do Alem\u00e3o e da Penha funcionavam como centros de comando, tomada de decis\u00e3o e treinamento t\u00e1tico da fac\u00e7\u00e3o narcoterrorista. As evid\u00eancias indicam que integrantes recebiam instru\u00e7\u00f5es em armamento, tiro, uso de explosivos e t\u00e1ticas de combate nessas localidades.<\/p>\n\n\n\n<p>&#8220;Esse foi um trabalho muito expressivos das nossas equipes, que conseguiram em curto espa\u00e7o de tempo periciar todos os corpos, identificar 99 narcoterroristas e levantar os hist\u00f3ricos criminais. A investiga\u00e7\u00e3o prossegue para mostrar quem s\u00e3o esses bandidos&#8221;, comentou o secret\u00e1rio de Pol\u00edcia Civil, delegado Felipe Curi.<\/p>\n\n\n\n<p>O levantamento tamb\u00e9m revela que o fluxo de caixa da fac\u00e7\u00e3o nessas \u00e1reas movimentava cerca de 10 toneladas de drogas por m\u00eas. Tanto o Alem\u00e3o quanto a Penha serviam como polos de abastecimento, distribuindo drogas e armas para outras comunidades controladas pelo grupo criminoso. A investiga\u00e7\u00e3o mostra ainda que cerca de 50 fuzis eram negociados mensalmente a partir dessas regi\u00f5es.<\/p>\n\n\n\n<p>As apura\u00e7\u00f5es indicam que pelo menos 24 comunidades do Rio de Janeiro \u2014 entre elas o Complexo do Salgueiro, em S\u00e3o Gon\u00e7alo, a Rocinha, o Complexo da Mar\u00e9, o Jacarezinho e o Complexo do Lins \u2014 s\u00e3o diretamente abastecidas por esses fluxos il\u00edcitos.<\/p>\n\n\n\n<p>A Pol\u00edcia Civil est\u00e1 finalizando um documento de intelig\u00eancia com centenas de p\u00e1ginas, que re\u00fane a qualifica\u00e7\u00e3o dos criminosos mortos e uma an\u00e1lise detalhada sobre o papel estrat\u00e9gico dos complexos da Penha e do Alem\u00e3o dentro da estrutura da organiza\u00e7\u00e3o criminosa.<\/p>\n\n\n\n<p>As informa\u00e7\u00f5es j\u00e1 consolidadas refor\u00e7am a import\u00e2ncia estrat\u00e9gica da Opera\u00e7\u00e3o Conten\u00e7\u00e3o, que atingiu o principal centro de decis\u00f5es da fac\u00e7\u00e3o criminosa no pa\u00eds. A Pol\u00edcia Civil segue com as investiga\u00e7\u00f5es para identificar outros integrantes e ramifica\u00e7\u00f5es da organiza\u00e7\u00e3o.<\/p>\n\n\n\n<p>Todos os corpos j\u00e1 foram periciados, em esquema especial que reuniu a Pol\u00edcia Civil e o Minist\u00e9rio P\u00fablico, e 89 foram liberados para retirada pelos familiares. As dilig\u00eancias seguem para identificar os restantes.<\/p>\n\n\n\n<p>&#8220;A Opera\u00e7\u00e3o Conten\u00e7\u00e3o, ela \u00e9 uma opera\u00e7\u00e3o, uma pol\u00edtica p\u00fablica do Governo do Estado, integrada com a Pol\u00edcia Civil, com a Pol\u00edcia Militar. Essa a\u00e7\u00e3o foi mais de uma fase. Anteriormente, n\u00f3s prendemos, ex-policiais que davam treinamento para traficantes, inclusive da Penha, apreendemos mais de 200 armas, a maioria de fuzis, e n\u00e3o foi em comunidade. Foram armas apreendidas, em mans\u00f5es na Barra da Tijuca e no Estado de S\u00e3o Paulo. Fizemos outra ofensiva onde n\u00f3s conseguimos um bloqueio de R$ 6 bilh\u00f5es do Comando Vermelho. Ent\u00e3o, \u00e9 um trabalho feito em v\u00e1rias fases. A Opera\u00e7\u00e3o Conten\u00e7\u00e3o n\u00e3o se resume a essa opera\u00e7\u00e3o, mas a uma s\u00e9rie de outras a\u00e7\u00f5es que n\u00f3s estamos fazendo no combate a essa a\u00e7\u00e3o expansionista da fac\u00e7\u00e3o criminosa Comando Vermelho\u201d, esclareceu o secret\u00e1rio Felipe Curi.<\/p>\n\n\n\n<p>LISTA PARCIAL:<\/p>\n\n\n\n<p>Aleilson da Cunha Luz Junior<br>Alessandro Alves de Souza<br>Cau\u00e3n Fernandes do Carmo Soares<br>Fabiano Martins Amancio<br>Juan Marciel Pinho de Souza<br>Marllon de Melo Felisberto<br>Carlos Henrique Castro Soares da Silva<br>Brendon C\u00e9sar da Silva Souza<br>Yuri dos Santos Barreto<br>Michael Douglas Rodrigues Fernandes<br>Alisom Lemos Rocha<br>Richard Souza dos Santos<br>Maicon Thomaz Vilela da Silva<br>Jonas de Azeredo Vieira<br>Lucas da Silva Lima<br>Michel Mendes Pe\u00e7anha<br>Claudinei Santos Fernandes<br>Fernando Henrique dos Santos<br>Andr\u00e9 Luiz Ferreira Mendes Junior<br>Marcos Adriano Azevedo de Almeida<br>Cleiton da Silva<br>Douglas Concei\u00e7\u00e3o de Souza<br>Maicon Pyterson da Silva<br>Alexsandro Bessa dos Santos<br>Danilo Ferreira do Amor Divino<br>Waldemar Ribeiro Saraiva<br>Wendel Francisco dos Santos<br>Cleideson Silva da Cunha<br>Marcio da Silva de Jesus<br>Luan Carlos Marcolino de Alc\u00e2ntara<br>Nelson Soares dos Reis Campos<br>Victor Hugo Rangel de Oliveira<br>Maxwel Ara\u00fajo Zacarias<br>Hercules Salles de Lima<br>Willian Botelho de Freitas Borges<br>Ronaldo Juli\u00e3o da Silva<br>Yan dos Santos Fernandes<br>C\u00e9lio Guimar\u00e3es J\u00fanior<br>Marcos Vinicius da Silva Lima<br>Alessandro Alves Silva<br>Kau\u00e3 Teixeira dos Santos<br>Jeanderson Bismarque Soares de Almeida<br>Diego dos Santos Muniz<br>Yago Ravel Rodrigues Ros\u00e1rio<br>Edione dos Santos Dias<br>Rodolfo Pantoja da Silva<br>Hito Jos\u00e9 Pereira Bastos<br>Felipe da Silva<br>Edson de Magalh\u00e3es Pinto<br>Carlos Eduardo Santos Fel\u00edcio<br>Fabio Francisco Santana Sales<br>Francisco Myller Moreira da Cunha<br>Luiz Eduardo da Silva Mattos<br>Luiz Claudio da Silva Santos<br>Francisco Nataniel Alves Gon\u00e7alves<br>Luciano Ramos Silva<br>Vanderley Silva Borges<br>Nailson Miranda da Silva<br>Luiz Carlos de Jesus Andrade<br>Vitor Ednilson Martins Maia<br>Leonardo Fernandes da Rocha<br>J\u00f4natas Ferreira Santos<br>Anderson da Silva Severo<br>Lucas Guedes Marques<br>Wesley Martins e Silva<br>Emerson Pereira Solidade<br>Yure Carlos Moth\u00e9 Sobral Palomo<br>Tiago Neves Reis<br>Marcos Antonio Silva Junior<br>Diogo Garcez Santos Silva<br>Francisco Teixeira Parente<br>Rafael de Moraes Silva<br>Gabriel Lemos Vasconcelos<br>Wellinson de Sena dos Santos<br>Cleys Bandeira da Silva<br>Josigledson de Freitas Silva<br>Jonatha Daniel Barros da Silva<br>Jos\u00e9 Paulo Nascimento Fernandes<br>Cleiton Cesar Dias Mello<br>Cleiton Souza da Silva<br>Ricardo Aquino dos Santos<br>Adailton Bruno Schmitz da Silva<br>Wellington Brito dos Santos<br>Evandro da Silva Machado<br>Ronald Oliveira Ricardo<br>Eder Alves de Souza<br>Gustavo Souza de Oliveira<br>Rafael Correa da Costa<br>Fabian Alves Martins<br>Arlen Jo\u00e3o de Almeida<br>Bruno Correa da Costa<br>Kau\u00e3 de Souza Rodrigues da Silva<br>Jean Alex Santos Campos<br>Fabricio dos Santos da Silva<br>Wagner Nunes Santana<br>Luan Carlos Dias Pastana<br>Kleber Izaias dos Santos<br>Wallace Barata Pimentel<br>Adan Pablo Alves de Oliveira.<\/p>\n\n\n\n<p><strong><em>Fa\u00e7a sua den\u00fancia pelo nosso WhatsApp: (21) <\/em><\/strong><strong><em>99744 5345<\/em><\/strong><strong><em><\/em><\/strong><\/p>\n\n\n\n<p><strong><em>S\u00e3o Gon\u00e7alo vai mudar: Not\u00edcias de S\u00e3o Gon\u00e7alo e toda regi\u00e3o.<\/em><\/strong><\/p>\n\n\n\n<figure class=\"wp-block-image size-large\"><img decoding=\"async\" width=\"1024\" height=\"46\" src=\"https:\/\/sgvaimudar.com.br\/wp-content\/uploads\/2023\/08\/Anuncie-Aqui-Sao-Goncalo-vai-mudar-1024x46.png\" alt=\"\" class=\"wp-image-2740\" srcset=\"https:\/\/sgvaimudar.com.br\/wp-content\/uploads\/2023\/08\/Anuncie-Aqui-Sao-Goncalo-vai-mudar-1024x46.png 1024w, https:\/\/sgvaimudar.com.br\/wp-content\/uploads\/2023\/08\/Anuncie-Aqui-Sao-Goncalo-vai-mudar-300x13.png 300w, https:\/\/sgvaimudar.com.br\/wp-content\/uploads\/2023\/08\/Anuncie-Aqui-Sao-Goncalo-vai-mudar-768x35.png 768w, https:\/\/sgvaimudar.com.br\/wp-content\/uploads\/2023\/08\/Anuncie-Aqui-Sao-Goncalo-vai-mudar-1536x69.png 1536w, https:\/\/sgvaimudar.com.br\/wp-content\/uploads\/2023\/08\/Anuncie-Aqui-Sao-Goncalo-vai-mudar.png 2002w\" sizes=\"(max-width: 1024px) 100vw, 1024px\" \/><\/figure>\n","protected":false},"excerpt":{"rendered":"<p>Ao todo, 117 criminosos foram mortos na opera\u00e7\u00e3o A Pol\u00edcia Civil divulgou a identifica\u00e7\u00e3o dos 99 criminosos neutralizados durante a&hellip;<\/p>\n","protected":false},"author":5,"featured_media":32700,"comment_status":"closed","ping_status":"open","sticky":false,"template":"","format":"standard","meta":{"fifu_image_url":"https:\/\/sgvaimudar.com.br\/wp-content\/uploads\/2025\/11\/54888322645_486a97641f_k.webp","fifu_image_alt":"","footnotes":""},"categories":[32],"tags":[39,41,40,47],"class_list":["post-32697","post","type-post","status-publish","format-standard","has-post-thumbnail","hentry","category-casos-de-policia","tag-ataque","tag-conflito","tag-guerra","tag-rj"],"_links":{"self":[{"href":"https:\/\/sgvaimudar.com.br\/index.php\/wp-json\/wp\/v2\/posts\/32697","targetHints":{"allow":["GET"]}}],"collection":[{"href":"https:\/\/sgvaimudar.com.br\/index.php\/wp-json\/wp\/v2\/posts"}],"about":[{"href":"https:\/\/sgvaimudar.com.br\/index.php\/wp-json\/wp\/v2\/types\/post"}],"author":[{"embeddable":true,"href":"https:\/\/sgvaimudar.com.br\/index.php\/wp-json\/wp\/v2\/users\/5"}],"replies":[{"embeddable":true,"href":"https:\/\/sgvaimudar.com.br\/index.php\/wp-json\/wp\/v2\/comments?post=32697"}],"version-history":[{"count":1,"href":"https:\/\/sgvaimudar.com.br\/index.php\/wp-json\/wp\/v2\/posts\/32697\/revisions"}],"predecessor-version":[{"id":32699,"href":"https:\/\/sgvaimudar.com.br\/index.php\/wp-json\/wp\/v2\/posts\/32697\/revisions\/32699"}],"wp:featuredmedia":[{"embeddable":true,"href":"https:\/\/sgvaimudar.com.br\/index.php\/wp-json\/wp\/v2\/media\/32700"}],"wp:attachment":[{"href":"https:\/\/sgvaimudar.com.br\/index.php\/wp-json\/wp\/v2\/media?parent=32697"}],"wp:term":[{"taxonomy":"category","embeddable":true,"href":"https:\/\/sgvaimudar.com.br\/index.php\/wp-json\/wp\/v2\/categories?post=32697"},{"taxonomy":"post_tag","embeddable":true,"href":"https:\/\/sgvaimudar.com.br\/index.php\/wp-json\/wp\/v2\/tags?post=32697"}],"curies":[{"name":"wp","href":"https:\/\/api.w.org\/{rel}","templated":true}]}}