{"id":32676,"date":"2025-11-02T08:00:00","date_gmt":"2025-11-02T11:00:00","guid":{"rendered":"https:\/\/sgvaimudar.com.br\/?p=32676"},"modified":"2025-11-02T05:26:12","modified_gmt":"2025-11-02T08:26:12","slug":"clinica-municipal-do-colubande-aprimora-atendimento-de-reabilitacao-fisica","status":"publish","type":"post","link":"https:\/\/sgvaimudar.com.br\/index.php\/2025\/11\/02\/clinica-municipal-do-colubande-aprimora-atendimento-de-reabilitacao-fisica\/","title":{"rendered":"Cl\u00ednica Municipal do Coluband\u00ea aprimora atendimento de reabilita\u00e7\u00e3o f\u00edsica"},"content":{"rendered":"\n<p><em>Aposentado de 54 anos \u00e9 exemplo de supera\u00e7\u00e3o ao voltar a andar<\/em><\/p>\n\n\n\n<p>Aos 54 anos, o aposentado Alexsander Xavier do Nascimento enfrenta com coragem e determina\u00e7\u00e3o uma dupla batalha: a defici\u00eancia visual e o tratamento contra o c\u00e2ncer nos test\u00edculos. Morador do bairro Jardim Fluminense, ele encontrou na fisioterapia \u2013 realizada na Cl\u00ednica Municipal Gon\u00e7alense do Coluband\u00ea \u2013 n\u00e3o apenas uma forma de reabilita\u00e7\u00e3o f\u00edsica, mas tamb\u00e9m um caminho para a autonomia e a melhoria da qualidade de vida.<\/p>\n\n\n\n<p>Diagnosticado com c\u00e2ncer, Alexsandro iniciou o tratamento oncol\u00f3gico no in\u00edcio de 2024. No dia 10 de agosto do ano passado, ele parou de andar e come\u00e7ou a sentir dificuldades nos movimentos. Atividades simples tornaram-se obst\u00e1culos di\u00e1rios. Ele foi internado, realizou uma bateria de exames e foi constatado que ele estava com uma massa crescendo na medula espinhal.\u00a0<\/p>\n\n\n\n<figure class=\"wp-block-image size-full\"><img fetchpriority=\"high\" decoding=\"async\" width=\"1024\" height=\"681\" src=\"https:\/\/sgvaimudar.com.br\/wp-content\/uploads\/2025\/11\/unnamed-3-1.jpg\" alt=\"\" class=\"wp-image-32677\" srcset=\"https:\/\/sgvaimudar.com.br\/wp-content\/uploads\/2025\/11\/unnamed-3-1.jpg 1024w, https:\/\/sgvaimudar.com.br\/wp-content\/uploads\/2025\/11\/unnamed-3-1-300x200.jpg 300w, https:\/\/sgvaimudar.com.br\/wp-content\/uploads\/2025\/11\/unnamed-3-1-768x511.jpg 768w\" sizes=\"(max-width: 1024px) 100vw, 1024px\" \/><\/figure>\n\n\n\n<p>Nesse per\u00edodo, ele ficou quatro meses no leito do hospital e iniciou a fisioterapia hospitalar. Quando recebeu alta, j\u00e1 no in\u00edcio de 2025, ele ainda estava sem andar. Deprimido, sem conseguir fazer as suas atividades di\u00e1rias, ele resolveu voltar ao m\u00e9dico para pedir o encaminhamento para dar continuidade \u00e0 fisioterapia fora da unidade hospitalar. E em junho deste ano, ele iniciou o tratamento na Cl\u00ednica Municipal Gon\u00e7alense do Coluband\u00ea.&nbsp;&nbsp;&nbsp;&nbsp;<\/p>\n\n\n\n<p>\u201cEu sempre fui muito ativo. Gosto de caminhar, conversar, estar com as pessoas. Quando vim para c\u00e1, eu tinha receio de n\u00e3o voltar a andar. Cheguei aqui de cadeira de rodas. Em dois meses, voltei a ficar em p\u00e9 e a andar de muletas. Hoje, j\u00e1 voltei a usar apenas a bengala para me guiar. J\u00e1 ando sozinho, fa\u00e7o as minhas coisas, tomo o meu banho, vou \u00e0 padaria. Ainda tenho dificuldades, sei que vou ter que fazer por mais tempo. Mas a fisioterapia est\u00e1 me devolvendo a vida\u201d, contou Alexsandro enquanto fazia os exerc\u00edcios.&nbsp;<\/p>\n\n\n\n<p>Sob os cuidados do fisioterapeuta Hamilton Jos\u00e9 do Patroc\u00ednio, Alexsander realiza exerc\u00edcios voltados ao fortalecimento muscular, equil\u00edbrio e coordena\u00e7\u00e3o motora, al\u00e9m de t\u00e9cnicas espec\u00edficas para preven\u00e7\u00e3o de quedas \u2013 um risco constante para pessoas com baixa vis\u00e3o.<\/p>\n\n\n\n<p>\u201cEle chegou com fraqueza muscular de membros inferiores e superiores. Demos \u00eanfase aos membros inferiores porque ele chegou de cadeira de rodas e muito emagrecido. N\u00e3o tinha nenhuma for\u00e7a muscular devido a compress\u00e3o na medula. Come\u00e7amos a trabalhar com troca de postura, depois com protocolo de marchas e exerc\u00edcios de membros inferiores para alongar e fortalecer. O paciente foi evoluindo, ganhando for\u00e7a e mobilidade\u201d, explicou Hamilton, que tamb\u00e9m pediu para que ele fizesse acompanhamento nutricional.&nbsp;<\/p>\n\n\n\n<p>Al\u00e9m dos ganhos f\u00edsicos, o acompanhamento tamb\u00e9m teve impacto emocional. \u201cO caso dele \u00e9 um exemplo de como a fisioterapia pode ir al\u00e9m da reabilita\u00e7\u00e3o f\u00edsica. Trabalhamos a autoestima, a confian\u00e7a e o senso de independ\u00eancia. Hoje ele \u00e9 um paciente ativo. Estava deprimido e melhorou em tudo. N\u00e3o \u00e9 s\u00f3 a fisioterapia, mexe com o emocional. A fisioterapia \u00e9 isso: reabilitar para deixar o paciente bem fisicamente, mais independente poss\u00edvel, mas tamb\u00e9m ajuda na sa\u00fade mental. Alex \u00e9 um vencedor\u201d, finalizou o profissional.<\/p>\n\n\n\n<p>A hist\u00f3ria de Alexsander mostra que, mesmo diante de m\u00faltiplas adversidades, a for\u00e7a de vontade aliada a um suporte profissional adequado pode transformar vidas. \u201cEu perguntei ao m\u00e9dico se ia voltar a andar. Ele me respondeu: \u201cS\u00f3 depende de voc\u00ea\u201d. E eu vim fazer fisioterapia com muita vontade de ter a minha vida de volta. Cada passo dado era uma conquista. J\u00e1 ando tudo a p\u00e9 de novo. \u00c0s vezes, venho do Coelho at\u00e9 aqui andando. Venho devagar, mas venho. Ele j\u00e1 me orientou sobre isso. \u00c9 tamb\u00e9m mais um exerc\u00edcio que fa\u00e7o e gosto\u201d, concluiu o paciente.<\/p>\n\n\n\n<p><em>Fotos: Julio Diniz<\/em><\/p>\n\n\n\n<p><strong><em>S\u00e3o Gon\u00e7alo vai mudar: Not\u00edcias de S\u00e3o Gon\u00e7alo e toda regi\u00e3o.<\/em><\/strong><\/p>\n\n\n\n<figure class=\"wp-block-image size-large\"><img decoding=\"async\" width=\"1024\" height=\"46\" src=\"https:\/\/sgvaimudar.com.br\/wp-content\/uploads\/2023\/08\/Anuncie-Aqui-Sao-Goncalo-vai-mudar-1024x46.png\" alt=\"\" class=\"wp-image-2740\" srcset=\"https:\/\/sgvaimudar.com.br\/wp-content\/uploads\/2023\/08\/Anuncie-Aqui-Sao-Goncalo-vai-mudar-1024x46.png 1024w, https:\/\/sgvaimudar.com.br\/wp-content\/uploads\/2023\/08\/Anuncie-Aqui-Sao-Goncalo-vai-mudar-300x13.png 300w, https:\/\/sgvaimudar.com.br\/wp-content\/uploads\/2023\/08\/Anuncie-Aqui-Sao-Goncalo-vai-mudar-768x35.png 768w, https:\/\/sgvaimudar.com.br\/wp-content\/uploads\/2023\/08\/Anuncie-Aqui-Sao-Goncalo-vai-mudar-1536x69.png 1536w, https:\/\/sgvaimudar.com.br\/wp-content\/uploads\/2023\/08\/Anuncie-Aqui-Sao-Goncalo-vai-mudar.png 2002w\" sizes=\"(max-width: 1024px) 100vw, 1024px\" \/><\/figure>\n","protected":false},"excerpt":{"rendered":"<p>Aposentado de 54 anos \u00e9 exemplo de supera\u00e7\u00e3o ao voltar a andar Aos 54 anos, o aposentado Alexsander Xavier do&hellip;<\/p>\n","protected":false},"author":5,"featured_media":32680,"comment_status":"closed","ping_status":"open","sticky":false,"template":"","format":"standard","meta":{"fifu_image_url":"https:\/\/sgvaimudar.com.br\/wp-content\/uploads\/2025\/11\/unnamed-2-1.jpg","fifu_image_alt":"","footnotes":""},"categories":[36],"tags":[47,75],"class_list":["post-32676","post","type-post","status-publish","format-standard","has-post-thumbnail","hentry","category-bem-estar","tag-rj","tag-sao-goncalo"],"_links":{"self":[{"href":"https:\/\/sgvaimudar.com.br\/index.php\/wp-json\/wp\/v2\/posts\/32676","targetHints":{"allow":["GET"]}}],"collection":[{"href":"https:\/\/sgvaimudar.com.br\/index.php\/wp-json\/wp\/v2\/posts"}],"about":[{"href":"https:\/\/sgvaimudar.com.br\/index.php\/wp-json\/wp\/v2\/types\/post"}],"author":[{"embeddable":true,"href":"https:\/\/sgvaimudar.com.br\/index.php\/wp-json\/wp\/v2\/users\/5"}],"replies":[{"embeddable":true,"href":"https:\/\/sgvaimudar.com.br\/index.php\/wp-json\/wp\/v2\/comments?post=32676"}],"version-history":[{"count":1,"href":"https:\/\/sgvaimudar.com.br\/index.php\/wp-json\/wp\/v2\/posts\/32676\/revisions"}],"predecessor-version":[{"id":32679,"href":"https:\/\/sgvaimudar.com.br\/index.php\/wp-json\/wp\/v2\/posts\/32676\/revisions\/32679"}],"wp:featuredmedia":[{"embeddable":true,"href":"https:\/\/sgvaimudar.com.br\/index.php\/wp-json\/wp\/v2\/media\/32680"}],"wp:attachment":[{"href":"https:\/\/sgvaimudar.com.br\/index.php\/wp-json\/wp\/v2\/media?parent=32676"}],"wp:term":[{"taxonomy":"category","embeddable":true,"href":"https:\/\/sgvaimudar.com.br\/index.php\/wp-json\/wp\/v2\/categories?post=32676"},{"taxonomy":"post_tag","embeddable":true,"href":"https:\/\/sgvaimudar.com.br\/index.php\/wp-json\/wp\/v2\/tags?post=32676"}],"curies":[{"name":"wp","href":"https:\/\/api.w.org\/{rel}","templated":true}]}}