{"id":3251,"date":"2023-09-16T11:15:42","date_gmt":"2023-09-16T14:15:42","guid":{"rendered":"https:\/\/sgvaimudar.com.br\/?p=3251"},"modified":"2023-09-16T11:19:28","modified_gmt":"2023-09-16T14:19:28","slug":"morre-menina-de-3-anosbaleada-na-cabeca-no-arco-metropolitano","status":"publish","type":"post","link":"https:\/\/sgvaimudar.com.br\/index.php\/2023\/09\/16\/morre-menina-de-3-anosbaleada-na-cabeca-no-arco-metropolitano\/","title":{"rendered":"Morre menina de 3 anos baleada na cabe\u00e7a no Arco Metropolitano"},"content":{"rendered":"\n<p>A menina Helo\u00edsa dos Santos Silva, de 3 anos de idade, perdeu a vida nesta manh\u00e3, 16 de setembro, ap\u00f3s sua condi\u00e7\u00e3o de sa\u00fade deteriorar-se. O tr\u00e1gico incidente ocorreu quando ela foi atingida por um disparo na cabe\u00e7a durante uma abordagem da Pol\u00edcia Rodovi\u00e1ria Federal (PRF).<\/p>\n\n\n\n<p>Helo\u00edsa estava sob cuidados m\u00e9dicos desde o dia 7 de setembro, quando foi admitida no Hospital Municipalizado Ad\u00e3o Pereira Nunes, localizado em Duque de Caxias, na Baixada Fluminense. At\u00e9 o momento, n\u00e3o h\u00e1 informa\u00e7\u00f5es dispon\u00edveis sobre os arranjos para o vel\u00f3rio e sepultamento da crian\u00e7a.<\/p>\n\n\n\n<p>Segundo relato do pai da v\u00edtima, William da Silva, o incidente ocorreu enquanto ele dirigia pela Arco Metropolitano, uma via expressa na regi\u00e3o metropolitana do Rio de Janeiro. O ve\u00edculo da fam\u00edlia foi atingido por disparos efetuados a partir de uma viatura da PRF. No carro estavam a m\u00e3e da menina, uma irm\u00e3 de Helo\u00edsa e uma tia.<\/p>\n\n\n\n<p>A PRF emitiu uma declara\u00e7\u00e3o expressando solidariedade aos familiares neste momento de profunda tristeza e apresentou suas mais sinceras condol\u00eancias pela perda irrepar\u00e1vel.<\/p>\n\n\n\n<p>A Pol\u00edcia Rodovi\u00e1ria Federal tamb\u00e9m afirmou que est\u00e1 acompanhando a fam\u00edlia por meio da Comiss\u00e3o de Direitos Humanos, visando oferecer apoio psicol\u00f3gico e assist\u00eancia durante esse momento dif\u00edcil.<\/p>\n\n\n\n<p>REDA\u00c7\u00c3O<\/p>\n\n\n\n<h1 class=\"wp-block-heading\">sgvaimudar<\/h1>\n\n\n\n<figure class=\"wp-block-image size-large\"><img fetchpriority=\"high\" decoding=\"async\" width=\"1024\" height=\"615\" src=\"https:\/\/sgvaimudar.com.br\/wp-content\/uploads\/2023\/09\/InShot_20230916_110005691-1024x615.jpg\" alt=\"\" class=\"wp-image-3252\" srcset=\"https:\/\/sgvaimudar.com.br\/wp-content\/uploads\/2023\/09\/InShot_20230916_110005691-1024x615.jpg 1024w, https:\/\/sgvaimudar.com.br\/wp-content\/uploads\/2023\/09\/InShot_20230916_110005691-300x180.jpg 300w, https:\/\/sgvaimudar.com.br\/wp-content\/uploads\/2023\/09\/InShot_20230916_110005691-768x462.jpg 768w, https:\/\/sgvaimudar.com.br\/wp-content\/uploads\/2023\/09\/InShot_20230916_110005691-1536x923.jpg 1536w, https:\/\/sgvaimudar.com.br\/wp-content\/uploads\/2023\/09\/InShot_20230916_110005691-2048x1231.jpg 2048w\" sizes=\"(max-width: 1024px) 100vw, 1024px\" \/><\/figure>\n","protected":false},"excerpt":{"rendered":"<p>A menina Helo\u00edsa dos Santos Silva, de 3 anos de idade, perdeu a vida nesta manh\u00e3, 16 de setembro, ap\u00f3s&hellip;<\/p>\n","protected":false},"author":2,"featured_media":3252,"comment_status":"open","ping_status":"open","sticky":false,"template":"","format":"standard","meta":{"fifu_image_url":"","fifu_image_alt":"","footnotes":""},"categories":[32],"tags":[],"class_list":["post-3251","post","type-post","status-publish","format-standard","has-post-thumbnail","hentry","category-casos-de-policia"],"_links":{"self":[{"href":"https:\/\/sgvaimudar.com.br\/index.php\/wp-json\/wp\/v2\/posts\/3251","targetHints":{"allow":["GET"]}}],"collection":[{"href":"https:\/\/sgvaimudar.com.br\/index.php\/wp-json\/wp\/v2\/posts"}],"about":[{"href":"https:\/\/sgvaimudar.com.br\/index.php\/wp-json\/wp\/v2\/types\/post"}],"author":[{"embeddable":true,"href":"https:\/\/sgvaimudar.com.br\/index.php\/wp-json\/wp\/v2\/users\/2"}],"replies":[{"embeddable":true,"href":"https:\/\/sgvaimudar.com.br\/index.php\/wp-json\/wp\/v2\/comments?post=3251"}],"version-history":[{"count":3,"href":"https:\/\/sgvaimudar.com.br\/index.php\/wp-json\/wp\/v2\/posts\/3251\/revisions"}],"predecessor-version":[{"id":3257,"href":"https:\/\/sgvaimudar.com.br\/index.php\/wp-json\/wp\/v2\/posts\/3251\/revisions\/3257"}],"wp:featuredmedia":[{"embeddable":true,"href":"https:\/\/sgvaimudar.com.br\/index.php\/wp-json\/wp\/v2\/media\/3252"}],"wp:attachment":[{"href":"https:\/\/sgvaimudar.com.br\/index.php\/wp-json\/wp\/v2\/media?parent=3251"}],"wp:term":[{"taxonomy":"category","embeddable":true,"href":"https:\/\/sgvaimudar.com.br\/index.php\/wp-json\/wp\/v2\/categories?post=3251"},{"taxonomy":"post_tag","embeddable":true,"href":"https:\/\/sgvaimudar.com.br\/index.php\/wp-json\/wp\/v2\/tags?post=3251"}],"curies":[{"name":"wp","href":"https:\/\/api.w.org\/{rel}","templated":true}]}}