{"id":32477,"date":"2025-10-29T15:00:00","date_gmt":"2025-10-29T18:00:00","guid":{"rendered":"https:\/\/sgvaimudar.com.br\/?p=32477"},"modified":"2025-10-29T11:26:10","modified_gmt":"2025-10-29T14:26:10","slug":"salas-de-recursos-nas-escolas-municipais-oferecem-atendimento-especializado","status":"publish","type":"post","link":"https:\/\/sgvaimudar.com.br\/index.php\/2025\/10\/29\/salas-de-recursos-nas-escolas-municipais-oferecem-atendimento-especializado\/","title":{"rendered":"Salas de recursos nas escolas municipais oferecem atendimento especializado"},"content":{"rendered":"\n<p><em>Aluno com autismo desenvolve habilidades e escreve livro sobre o transtorno<\/em><\/p>\n\n\n\n<p>Autoestima, socializa\u00e7\u00e3o, fonemas, escrita, leitura e diversas outras habilidades s\u00e3o trabalhadas diariamente na sala de Recursos da Escola Municipal Paulo Reglus Neves Freire, no bairro Porto do Rosa. O aluno Lucas Rychard, de 11 anos, tem autismo e, h\u00e1 quatro anos, recebe o Atendimento Educacional Especializado (AEE) na unidade. Neste ano, foi o respons\u00e1vel por explicar aos colegas como \u00e9 o Transtorno do Espectro Autista (TEA) e confeccionou um livro sobre o tema.<\/p>\n\n\n\n<p>A sala de recursos \u00e9 um espa\u00e7o dentro da escola voltado para o Atendimento Educacional Especializado de alunos com defici\u00eancia, transtornos globais do desenvolvimento e altas habilidades. Nela, o estudante recebe apoio complementar ao ensino regular, com atividades adaptadas e materiais pedag\u00f3gicos espec\u00edficos. O objetivo \u00e9 promover a inclus\u00e3o, garantindo que todos tenham condi\u00e7\u00f5es de aprender e participar plenamente da vida escolar.<\/p>\n\n\n\n<p>\u201cEu percebi que o Lucas estava com problemas de autoestima, timidez, dificuldade de intera\u00e7\u00e3o no grupo. Ent\u00e3o, a cria\u00e7\u00e3o do livro foi uma ideia para dialogar com a dificuldade que ele estava apresentando em sala de aula com fonemas, mas impulsionando a autoestima e o colocando como protagonista do processo pedag\u00f3gico. Quando ele se v\u00ea enquanto autor do livro, apresentando para a escola inteira, consegue tirar as d\u00favidas dos colegas sobre o Autismo, \u00e9 poss\u00edvel desenvolver o potencial dele, unindo com a parte do conte\u00fado pedag\u00f3gico\u201d, afirmou a professora Ana Cristina Figueiredo.<\/p>\n\n\n\n<figure class=\"wp-block-image size-large is-resized\"><img fetchpriority=\"high\" decoding=\"async\" width=\"1024\" height=\"684\" src=\"https:\/\/sgvaimudar.com.br\/wp-content\/uploads\/2025\/10\/unnamed-10-7-1024x684.jpg\" alt=\"\" class=\"wp-image-32478\" style=\"aspect-ratio:1.4970760233918128;width:902px;height:auto\" srcset=\"https:\/\/sgvaimudar.com.br\/wp-content\/uploads\/2025\/10\/unnamed-10-7-1024x684.jpg 1024w, https:\/\/sgvaimudar.com.br\/wp-content\/uploads\/2025\/10\/unnamed-10-7-300x200.jpg 300w, https:\/\/sgvaimudar.com.br\/wp-content\/uploads\/2025\/10\/unnamed-10-7-768x513.jpg 768w, https:\/\/sgvaimudar.com.br\/wp-content\/uploads\/2025\/10\/unnamed-10-7-1536x1027.jpg 1536w, https:\/\/sgvaimudar.com.br\/wp-content\/uploads\/2025\/10\/unnamed-10-7.jpg 1616w\" sizes=\"(max-width: 1024px) 100vw, 1024px\" \/><\/figure>\n\n\n\n<p>A m\u00e3e de Lucas, Elinelma da Silva, se emociona com a evolu\u00e7\u00e3o do filho desde que come\u00e7ou a frequentar a Sala de Recursos. \u201cCom o passar do tempo, ele conseguiu desenvolver muito a fala, conseguiu acompanhar melhor a li\u00e7\u00e3o, juntar s\u00edlabas e ler frases, al\u00e9m de explicar o contexto de uma hist\u00f3ria com mais complexidade, coisa que ele n\u00e3o conseguia antes. \u00c9 muito gratificante ver o desenvolvimento dele, ver a dificuldade que ele tinha era muito frustrante e com a professora da Sala de Recursos eu tamb\u00e9m fui aprendendo como lidar e como ajudar o meu filho a aprender\u201d, disse.<\/p>\n\n\n\n<p><em>Foto: Renan Otto<\/em><\/p>\n\n\n\n<p><em><strong>S\u00e3o Gon\u00e7alo vai mudar: Not\u00edcias de S\u00e3o Gon\u00e7alo e toda regi\u00e3o.<\/strong><\/em><\/p>\n\n\n\n<figure class=\"wp-block-image size-large\"><img decoding=\"async\" width=\"1024\" height=\"46\" src=\"https:\/\/sgvaimudar.com.br\/wp-content\/uploads\/2023\/08\/Anuncie-Aqui-Sao-Goncalo-vai-mudar-1024x46.png\" alt=\"\" class=\"wp-image-2740\" srcset=\"https:\/\/sgvaimudar.com.br\/wp-content\/uploads\/2023\/08\/Anuncie-Aqui-Sao-Goncalo-vai-mudar-1024x46.png 1024w, https:\/\/sgvaimudar.com.br\/wp-content\/uploads\/2023\/08\/Anuncie-Aqui-Sao-Goncalo-vai-mudar-300x13.png 300w, https:\/\/sgvaimudar.com.br\/wp-content\/uploads\/2023\/08\/Anuncie-Aqui-Sao-Goncalo-vai-mudar-768x35.png 768w, https:\/\/sgvaimudar.com.br\/wp-content\/uploads\/2023\/08\/Anuncie-Aqui-Sao-Goncalo-vai-mudar-1536x69.png 1536w, https:\/\/sgvaimudar.com.br\/wp-content\/uploads\/2023\/08\/Anuncie-Aqui-Sao-Goncalo-vai-mudar.png 2002w\" sizes=\"(max-width: 1024px) 100vw, 1024px\" \/><\/figure>\n","protected":false},"excerpt":{"rendered":"<p>Aluno com autismo desenvolve habilidades e escreve livro sobre o transtorno Autoestima, socializa\u00e7\u00e3o, fonemas, escrita, leitura e diversas outras habilidades&hellip;<\/p>\n","protected":false},"author":5,"featured_media":32481,"comment_status":"closed","ping_status":"open","sticky":false,"template":"","format":"standard","meta":{"fifu_image_url":"https:\/\/sgvaimudar.com.br\/wp-content\/uploads\/2025\/10\/unnamed-9-9.jpg","fifu_image_alt":"","footnotes":""},"categories":[3],"tags":[47,75],"class_list":["post-32477","post","type-post","status-publish","format-standard","has-post-thumbnail","hentry","category-sao-goncalo","tag-rj","tag-sao-goncalo"],"_links":{"self":[{"href":"https:\/\/sgvaimudar.com.br\/index.php\/wp-json\/wp\/v2\/posts\/32477","targetHints":{"allow":["GET"]}}],"collection":[{"href":"https:\/\/sgvaimudar.com.br\/index.php\/wp-json\/wp\/v2\/posts"}],"about":[{"href":"https:\/\/sgvaimudar.com.br\/index.php\/wp-json\/wp\/v2\/types\/post"}],"author":[{"embeddable":true,"href":"https:\/\/sgvaimudar.com.br\/index.php\/wp-json\/wp\/v2\/users\/5"}],"replies":[{"embeddable":true,"href":"https:\/\/sgvaimudar.com.br\/index.php\/wp-json\/wp\/v2\/comments?post=32477"}],"version-history":[{"count":1,"href":"https:\/\/sgvaimudar.com.br\/index.php\/wp-json\/wp\/v2\/posts\/32477\/revisions"}],"predecessor-version":[{"id":32480,"href":"https:\/\/sgvaimudar.com.br\/index.php\/wp-json\/wp\/v2\/posts\/32477\/revisions\/32480"}],"wp:featuredmedia":[{"embeddable":true,"href":"https:\/\/sgvaimudar.com.br\/index.php\/wp-json\/wp\/v2\/media\/32481"}],"wp:attachment":[{"href":"https:\/\/sgvaimudar.com.br\/index.php\/wp-json\/wp\/v2\/media?parent=32477"}],"wp:term":[{"taxonomy":"category","embeddable":true,"href":"https:\/\/sgvaimudar.com.br\/index.php\/wp-json\/wp\/v2\/categories?post=32477"},{"taxonomy":"post_tag","embeddable":true,"href":"https:\/\/sgvaimudar.com.br\/index.php\/wp-json\/wp\/v2\/tags?post=32477"}],"curies":[{"name":"wp","href":"https:\/\/api.w.org\/{rel}","templated":true}]}}