{"id":32455,"date":"2025-10-29T10:57:53","date_gmt":"2025-10-29T13:57:53","guid":{"rendered":"https:\/\/sgvaimudar.com.br\/?p=32455"},"modified":"2025-10-29T10:57:53","modified_gmt":"2025-10-29T13:57:53","slug":"secretaria-de-sao-goncalo-promove-evento-em-prol-da-saude-da-populacao-negra","status":"publish","type":"post","link":"https:\/\/sgvaimudar.com.br\/index.php\/2025\/10\/29\/secretaria-de-sao-goncalo-promove-evento-em-prol-da-saude-da-populacao-negra\/","title":{"rendered":"Secretaria de S\u00e3o Gon\u00e7alo promove evento em prol da sa\u00fade da popula\u00e7\u00e3o negra"},"content":{"rendered":"\n<p><em>Coordena\u00e7\u00e3o de programa faz a\u00e7\u00e3o na USF do Engenho Pequeno&nbsp;<\/em><\/p>\n\n\n\n<p>A coordena\u00e7\u00e3o do Programa Municipal de Aten\u00e7\u00e3o Integral \u00e0 Sa\u00fade da Popula\u00e7\u00e3o Negra da Secretaria de Sa\u00fade da Prefeitura de S\u00e3o Gon\u00e7alo realizou palestra de orienta\u00e7\u00e3o na Unidade de Sa\u00fade da Fam\u00edlia (USF) Engenho Pequeno na manh\u00e3 desta ter\u00e7a-feira (28). A atividade \u00e9 em alus\u00e3o ao Dia Nacional de Mobiliza\u00e7\u00e3o Pr\u00f3-Sa\u00fade da Popula\u00e7\u00e3o Negra, lembrado no dia 27 de outubro.&nbsp;&nbsp;<\/p>\n\n\n\n<p>O 27 de outubro \u00e9 marcado por dois importantes dias de conscientiza\u00e7\u00e3o: Dia Nacional de Mobiliza\u00e7\u00e3o Pr\u00f3-Sa\u00fade da Popula\u00e7\u00e3o Negra e Dia Nacional de Luta pelos Direitos das Pessoas com Doen\u00e7a Falciforme. Os dias servem para enfatizar os temas que interferem na sa\u00fade das pessoas negras, fomentando o debate e, principalmente, a reflex\u00e3o sobre o assunto.<\/p>\n\n\n\n<p>\u201cEssa data representa uma oportunidade para mobilizar gestores, profissionais da sa\u00fade e a sociedade civil para implementar a\u00e7\u00f5es e pol\u00edticas que promovam equidade no SUS (Sistema \u00danico de Sa\u00fade) e fortalecer a Pol\u00edtica Nacional de Sa\u00fade Integral da Popula\u00e7\u00e3o Negra, institu\u00edda em 2009. Por isso, apresentamos para os pacientes da unidade, o programa da popula\u00e7\u00e3o negra, os temas relacionados \u00e0 sa\u00fade dessa popula\u00e7\u00e3o, seus avan\u00e7os dentro da cidade e suas dificuldades\u201d, descreveu a coordenadora Belmira F\u00e9lix.&nbsp;<\/p>\n\n\n\n<p>A enfermeira Monique Lopes palestrou sobre o tema: \u201cEfeitos do Racismo na Assist\u00eancia \u00e0 Sa\u00fade\u201d e mostrou a import\u00e2ncia de enfrentar o racismo e da aten\u00e7\u00e3o direcionada \u00e0s doen\u00e7as com preval\u00eancia na popula\u00e7\u00e3o negra, como diabetes, press\u00e3o alta e doen\u00e7a falciforme.&nbsp;<\/p>\n\n\n\n<p>&#8220;O racismo, em suas diversas formas, impacta diretamente o acesso, a qualidade e os resultados da assist\u00eancia \u00e0 sa\u00fade. Ele pode comprometer a equidade no cuidado e a dignidade das pessoas atendidas. Reconhecer e enfrentar o racismo no sistema de sa\u00fade \u00e9 fundamental para promover uma aten\u00e7\u00e3o verdadeiramente integral, humanizada e justa. \u00c9 nosso dever, enquanto profissionais, garantir que cada cidad\u00e3o seja acolhido e tratado com respeito, independ\u00eancia de cor, origem ou condi\u00e7\u00e3o social, assegurando que o direito \u00e0 sa\u00fade seja plenamente exercido por todos&#8221;, finalizou a enfermeira.<\/p>\n\n\n\n<p><em><strong>S\u00e3o Gon\u00e7alo vai mudar: Not\u00edcias de S\u00e3o Gon\u00e7alo e toda regi\u00e3o.<\/strong><\/em><\/p>\n\n\n\n<figure class=\"wp-block-image size-large\"><img decoding=\"async\" width=\"1024\" height=\"46\" src=\"https:\/\/sgvaimudar.com.br\/wp-content\/uploads\/2023\/08\/Anuncie-Aqui-Sao-Goncalo-vai-mudar-1024x46.png\" alt=\"\" class=\"wp-image-2740\" srcset=\"https:\/\/sgvaimudar.com.br\/wp-content\/uploads\/2023\/08\/Anuncie-Aqui-Sao-Goncalo-vai-mudar-1024x46.png 1024w, https:\/\/sgvaimudar.com.br\/wp-content\/uploads\/2023\/08\/Anuncie-Aqui-Sao-Goncalo-vai-mudar-300x13.png 300w, https:\/\/sgvaimudar.com.br\/wp-content\/uploads\/2023\/08\/Anuncie-Aqui-Sao-Goncalo-vai-mudar-768x35.png 768w, https:\/\/sgvaimudar.com.br\/wp-content\/uploads\/2023\/08\/Anuncie-Aqui-Sao-Goncalo-vai-mudar-1536x69.png 1536w, https:\/\/sgvaimudar.com.br\/wp-content\/uploads\/2023\/08\/Anuncie-Aqui-Sao-Goncalo-vai-mudar.png 2002w\" sizes=\"(max-width: 1024px) 100vw, 1024px\" \/><\/figure>\n","protected":false},"excerpt":{"rendered":"<p>Coordena\u00e7\u00e3o de programa faz a\u00e7\u00e3o na USF do Engenho Pequeno&nbsp; A coordena\u00e7\u00e3o do Programa Municipal de Aten\u00e7\u00e3o Integral \u00e0 Sa\u00fade&hellip;<\/p>\n","protected":false},"author":5,"featured_media":32459,"comment_status":"closed","ping_status":"open","sticky":false,"template":"","format":"standard","meta":{"fifu_image_url":"https:\/\/sgvaimudar.com.br\/wp-content\/uploads\/2025\/10\/unnamed-4-8.jpg","fifu_image_alt":"","footnotes":""},"categories":[7],"tags":[47,75],"class_list":["post-32455","post","type-post","status-publish","format-standard","has-post-thumbnail","hentry","category-saude","tag-rj","tag-sao-goncalo"],"_links":{"self":[{"href":"https:\/\/sgvaimudar.com.br\/index.php\/wp-json\/wp\/v2\/posts\/32455","targetHints":{"allow":["GET"]}}],"collection":[{"href":"https:\/\/sgvaimudar.com.br\/index.php\/wp-json\/wp\/v2\/posts"}],"about":[{"href":"https:\/\/sgvaimudar.com.br\/index.php\/wp-json\/wp\/v2\/types\/post"}],"author":[{"embeddable":true,"href":"https:\/\/sgvaimudar.com.br\/index.php\/wp-json\/wp\/v2\/users\/5"}],"replies":[{"embeddable":true,"href":"https:\/\/sgvaimudar.com.br\/index.php\/wp-json\/wp\/v2\/comments?post=32455"}],"version-history":[{"count":1,"href":"https:\/\/sgvaimudar.com.br\/index.php\/wp-json\/wp\/v2\/posts\/32455\/revisions"}],"predecessor-version":[{"id":32458,"href":"https:\/\/sgvaimudar.com.br\/index.php\/wp-json\/wp\/v2\/posts\/32455\/revisions\/32458"}],"wp:featuredmedia":[{"embeddable":true,"href":"https:\/\/sgvaimudar.com.br\/index.php\/wp-json\/wp\/v2\/media\/32459"}],"wp:attachment":[{"href":"https:\/\/sgvaimudar.com.br\/index.php\/wp-json\/wp\/v2\/media?parent=32455"}],"wp:term":[{"taxonomy":"category","embeddable":true,"href":"https:\/\/sgvaimudar.com.br\/index.php\/wp-json\/wp\/v2\/categories?post=32455"},{"taxonomy":"post_tag","embeddable":true,"href":"https:\/\/sgvaimudar.com.br\/index.php\/wp-json\/wp\/v2\/tags?post=32455"}],"curies":[{"name":"wp","href":"https:\/\/api.w.org\/{rel}","templated":true}]}}