{"id":32212,"date":"2025-10-23T10:18:40","date_gmt":"2025-10-23T13:18:40","guid":{"rendered":"https:\/\/sgvaimudar.com.br\/?p=32212"},"modified":"2025-10-23T10:24:22","modified_gmt":"2025-10-23T13:24:22","slug":"policiais-de-sao-goncalo-prendem-homem-de-confianca-da-milicia-de-rio-das-pedras-e-apreendem-material-de-alto-poder-belico","status":"publish","type":"post","link":"https:\/\/sgvaimudar.com.br\/index.php\/2025\/10\/23\/policiais-de-sao-goncalo-prendem-homem-de-confianca-da-milicia-de-rio-das-pedras-e-apreendem-material-de-alto-poder-belico\/","title":{"rendered":"Policiais de S\u00e3o Gon\u00e7alo prendem homem de confian\u00e7a da mil\u00edcia de Rio das Pedras e apreendem material de alto poder b\u00e9lico"},"content":{"rendered":"\n<p><em>Os agentes gon\u00e7alenses fizeram um trabalho de intelig\u00eancia; duas granas foram apreendidas<\/em><\/p>\n\n\n\n<p>Os policiais civis da 72\u00aa DP (Mutu\u00e1 &#8211; S\u00e3o Gon\u00e7alo) prenderam, nesta quarta-feira (22\/10), um dos principais homens de confian\u00e7a do chefe da mil\u00edcia da comunidade do Rio das Pedras, na Zona Oeste do Rio. Durante a a\u00e7\u00e3o, os agentes apreenderam armamento, muni\u00e7\u00f5es e duas granadas de alto poder destrutivo.<\/p>\n\n\n\n<p>A a\u00e7\u00e3o ocorreu a partir de um intenso trabalho de intelig\u00eancia e investiga\u00e7\u00e3o que tinha como objetivo a captura de narcotraficantes escondidos na comunidade da Zona Oeste. Durante as dilig\u00eancias, os agentes localizaram e prenderam um miliciano de alta periculosidade, conhecido por atuar como chefe de seguran\u00e7a de um dos l\u00edderes da mil\u00edcia do Rio das Pedras.<\/p>\n\n\n\n<p>As investiga\u00e7\u00f5es apontaram que o preso integrava o n\u00facleo armado da mil\u00edcia em Rio das Pedras e era homem de confian\u00e7a da lideran\u00e7a da mil\u00edcia do Campinho. O criminoso j\u00e1 havia sido preso em 2021 com um grande carregamento de armas em fuga para uma comunidade.<\/p>\n\n\n\n<p>Durante as dilig\u00eancias, os policiais localizaram um im\u00f3vel utilizado para armazenar armamentos e muni\u00e7\u00f5es da mil\u00edcia. No local, foram apreendidas armas de fogo, farta quantidade de muni\u00e7\u00f5es e duas granadas de alto poder b\u00e9lico, evidenciando o grau de estrutura e poderio militar da organiza\u00e7\u00e3o.<\/p>\n\n\n\n<p>Contra ele, os agentes cumpriram um mandado de pris\u00e3o pelos crimes de organiza\u00e7\u00e3o criminosa, recepta\u00e7\u00e3o, adultera\u00e7\u00e3o de sinal identificador de ve\u00edculo automotor, porte ilegal de arma de fogo de uso restrito e mil\u00edcia privada.<\/p>\n\n\n\n<p><em><strong>Fa\u00e7a sua den\u00fancia pelo nosso WhatsApp: (21)&nbsp;99744 5345<\/strong><\/em><\/p>\n\n\n\n<p><em><strong>S\u00e3o Gon\u00e7alo vai mudar: Not\u00edcias de S\u00e3o Gon\u00e7alo e toda regi\u00e3o.<\/strong><\/em><\/p>\n\n\n\n<figure class=\"wp-block-image size-large\"><img decoding=\"async\" width=\"1024\" height=\"46\" src=\"https:\/\/sgvaimudar.com.br\/wp-content\/uploads\/2023\/08\/Anuncie-Aqui-Sao-Goncalo-vai-mudar-1024x46.png\" alt=\"\" class=\"wp-image-2740\" srcset=\"https:\/\/sgvaimudar.com.br\/wp-content\/uploads\/2023\/08\/Anuncie-Aqui-Sao-Goncalo-vai-mudar-1024x46.png 1024w, https:\/\/sgvaimudar.com.br\/wp-content\/uploads\/2023\/08\/Anuncie-Aqui-Sao-Goncalo-vai-mudar-300x13.png 300w, https:\/\/sgvaimudar.com.br\/wp-content\/uploads\/2023\/08\/Anuncie-Aqui-Sao-Goncalo-vai-mudar-768x35.png 768w, https:\/\/sgvaimudar.com.br\/wp-content\/uploads\/2023\/08\/Anuncie-Aqui-Sao-Goncalo-vai-mudar-1536x69.png 1536w, https:\/\/sgvaimudar.com.br\/wp-content\/uploads\/2023\/08\/Anuncie-Aqui-Sao-Goncalo-vai-mudar.png 2002w\" sizes=\"(max-width: 1024px) 100vw, 1024px\" \/><\/figure>\n","protected":false},"excerpt":{"rendered":"<p>Os agentes gon\u00e7alenses fizeram um trabalho de intelig\u00eancia; duas granas foram apreendidas Os policiais civis da 72\u00aa DP (Mutu\u00e1 &#8211;&hellip;<\/p>\n","protected":false},"author":5,"featured_media":32219,"comment_status":"closed","ping_status":"open","sticky":false,"template":"","format":"standard","meta":{"fifu_image_url":"https:\/\/sgvaimudar.com.br\/wp-content\/uploads\/2025\/02\/72_DP_Fachada_498174688f.jpeg","fifu_image_alt":"","footnotes":""},"categories":[32],"tags":[39,41,40,47,75],"class_list":["post-32212","post","type-post","status-publish","format-standard","has-post-thumbnail","hentry","category-casos-de-policia","tag-ataque","tag-conflito","tag-guerra","tag-rj","tag-sao-goncalo"],"_links":{"self":[{"href":"https:\/\/sgvaimudar.com.br\/index.php\/wp-json\/wp\/v2\/posts\/32212","targetHints":{"allow":["GET"]}}],"collection":[{"href":"https:\/\/sgvaimudar.com.br\/index.php\/wp-json\/wp\/v2\/posts"}],"about":[{"href":"https:\/\/sgvaimudar.com.br\/index.php\/wp-json\/wp\/v2\/types\/post"}],"author":[{"embeddable":true,"href":"https:\/\/sgvaimudar.com.br\/index.php\/wp-json\/wp\/v2\/users\/5"}],"replies":[{"embeddable":true,"href":"https:\/\/sgvaimudar.com.br\/index.php\/wp-json\/wp\/v2\/comments?post=32212"}],"version-history":[{"count":2,"href":"https:\/\/sgvaimudar.com.br\/index.php\/wp-json\/wp\/v2\/posts\/32212\/revisions"}],"predecessor-version":[{"id":32217,"href":"https:\/\/sgvaimudar.com.br\/index.php\/wp-json\/wp\/v2\/posts\/32212\/revisions\/32217"}],"wp:featuredmedia":[{"embeddable":true,"href":"https:\/\/sgvaimudar.com.br\/index.php\/wp-json\/wp\/v2\/media\/32219"}],"wp:attachment":[{"href":"https:\/\/sgvaimudar.com.br\/index.php\/wp-json\/wp\/v2\/media?parent=32212"}],"wp:term":[{"taxonomy":"category","embeddable":true,"href":"https:\/\/sgvaimudar.com.br\/index.php\/wp-json\/wp\/v2\/categories?post=32212"},{"taxonomy":"post_tag","embeddable":true,"href":"https:\/\/sgvaimudar.com.br\/index.php\/wp-json\/wp\/v2\/tags?post=32212"}],"curies":[{"name":"wp","href":"https:\/\/api.w.org\/{rel}","templated":true}]}}