{"id":32197,"date":"2025-10-23T10:00:00","date_gmt":"2025-10-23T13:00:00","guid":{"rendered":"https:\/\/sgvaimudar.com.br\/?p=32197"},"modified":"2025-10-23T10:00:14","modified_gmt":"2025-10-23T13:00:14","slug":"prefeitura-de-sao-goncalo-oferece-tratamento-para-obesidade-grave-na-rede-municipal-de-saude","status":"publish","type":"post","link":"https:\/\/sgvaimudar.com.br\/index.php\/2025\/10\/23\/prefeitura-de-sao-goncalo-oferece-tratamento-para-obesidade-grave-na-rede-municipal-de-saude\/","title":{"rendered":"Prefeitura de S\u00e3o Gon\u00e7alo oferece tratamento para obesidade grave na rede municipal de Sa\u00fade"},"content":{"rendered":"\n<p><em>Adultos e crian\u00e7as poder\u00e3o ter acompanhamento de equipe multiprofissional&nbsp;&nbsp;&nbsp;<\/em><\/p>\n\n\n\n<p>Os portadores de obesidade grave j\u00e1 contam com atendimento especializado na rede municipal de S\u00e3o Gon\u00e7alo. A Secretaria de Sa\u00fade implantou consult\u00f3rio no PAM Neves para adultos e na Cl\u00ednica da Crian\u00e7a, no Z\u00e9 Garoto, para menores. Nos dois casos, os pacientes ter\u00e3o acompanhamento de equipe multiprofissional formada por endocrinologista, enfermeiro, nutricionista e psic\u00f3logo.&nbsp;<\/p>\n\n\n\n<p>A implanta\u00e7\u00e3o dos consult\u00f3rios especializados, que j\u00e1 est\u00e3o em funcionamento, fazem parte da Linha de Cuidado do Sobrepeso e Obesidade (LCSO), desenvolvida por nutricionistas da \u00c1rea T\u00e9cnica de Alimenta\u00e7\u00e3o e Nutri\u00e7\u00e3o (Atan) da Secretaria, outros gestores da sa\u00fade e da educa\u00e7\u00e3o e que j\u00e1 \u00e9 refer\u00eancia no Estado do Rio de Janeiro. Eles v\u00eam para somar com os atendimentos das unidades de sa\u00fade da fam\u00edlia (USFs) atrav\u00e9s das equipes multiprofissionais do e-Multi. Os profissionais foram qualificados para os atendimentos.&nbsp;<\/p>\n\n\n\n<p>Para o paciente, o primeiro passo \u00e9 procurar uma USF. \u201cOs atendimentos para os portadores de sobrepeso e obesidade come\u00e7am nas unidades b\u00e1sicas. Os nutricionistas, educadores f\u00edsicos, m\u00e9dicos e enfermeiros j\u00e1 atendem com esse olhar e direcionamento diferenciados. Aqueles que necessitarem do atendimento especializado ser\u00e3o encaminhados. E se houver necessidade, tamb\u00e9m ter\u00e1 atendimentos com assistente social, educador f\u00edsico e fisioterapeuta na USF\u201d, explicou a coordenadora da Atan, C\u00e1ssia Soares Santos Sousa.<\/p>\n\n\n\n<p>Os gon\u00e7alenses adultos que ser\u00e3o direcionados para o consult\u00f3rio especializado s\u00e3o aqueles que t\u00eam \u00edndice de massa corporal (f\u00f3rmula utilizada para avaliar se uma pessoa tem um peso saud\u00e1vel em rela\u00e7\u00e3o \u00e0 sua altura &#8211; IMC) igual ou superior a 40, considerado portador de obesidade grave pelo Minist\u00e9rio da Sa\u00fade e com risco elevado de desenvolver m\u00faltiplas doen\u00e7as como diabetes tipo 2, hipertens\u00e3o, problemas card\u00edacos, respirat\u00f3rios e nas articula\u00e7\u00f5es.<\/p>\n\n\n\n<p>Este \u00e9 o caso da dona de casa Tamiris Rocha Santos, de 32 anos. Asm\u00e1tica, com bronquite e com a descoberta recente da hipertens\u00e3o, ela procurou a USF e foi encaminhada para o endocrinologista para o emagrecimento. Ela estava ansiosa para a primeira consulta, com a consci\u00eancia que tem que perder mais de 40 quilos com a inten\u00e7\u00e3o de fazer a cirurgia bari\u00e1trica.&nbsp;&nbsp;<\/p>\n\n\n\n<p>&nbsp;\u201c\u00c9 a minha primeira consulta com o endocrinologista na linha espec\u00edfica para a obesidade. Meu peso ideal \u00e9 entre 75 e 78 quilos e eu vou fazer tudo que for preciso para melhorar a minha qualidade de vida, principalmente em rela\u00e7\u00e3o aos meus filhos, que n\u00e3o consigo acompanhar, fazer atividades com eles e brincar devido \u00e0 obesidade. Quero melhorar para participar mais da vida dos meus filhos\u201d, contou Tamiris, que tamb\u00e9m passou pela consulta com nutricionista no PAM Neves.&nbsp;<\/p>\n\n\n\n<p>As crian\u00e7as eleg\u00edveis para o tratamento s\u00e3o aquelas que t\u00eam at\u00e9 5 anos com percentil \u2265 99,9 e de 5 a 12 anos com percentil 97 (gr\u00e1fico encontrado na Caderneta de Vacina\u00e7\u00e3o da Crian\u00e7a). A avalia\u00e7\u00e3o desses dados ser\u00e1 realizada pelos profissionais das USFs. \u201cOs atendimentos v\u00e3o focar na promo\u00e7\u00e3o da sa\u00fade com orienta\u00e7\u00f5es sobre mudan\u00e7as no estilo de vida, pr\u00e1tica regular de atividades f\u00edsicas e a ado\u00e7\u00e3o de uma alimenta\u00e7\u00e3o mais saud\u00e1vel, al\u00e9m de tratamento psicol\u00f3gico\u201d, finalizou a coordenadora geral de Nutri\u00e7\u00e3o da Secretaria de Sa\u00fade, Priscilla Vieira.&nbsp;&nbsp;<\/p>\n\n\n\n<p><em>Foto: Julio Diniz<\/em><\/p>\n\n\n\n<p><em><strong>S\u00e3o Gon\u00e7alo vai mudar: Not\u00edcias de S\u00e3o Gon\u00e7alo e toda regi\u00e3o.<\/strong><\/em><\/p>\n\n\n\n<figure class=\"wp-block-image size-large\"><img decoding=\"async\" width=\"1024\" height=\"46\" src=\"https:\/\/sgvaimudar.com.br\/wp-content\/uploads\/2023\/08\/Anuncie-Aqui-Sao-Goncalo-vai-mudar-1024x46.png\" alt=\"\" class=\"wp-image-2740\" srcset=\"https:\/\/sgvaimudar.com.br\/wp-content\/uploads\/2023\/08\/Anuncie-Aqui-Sao-Goncalo-vai-mudar-1024x46.png 1024w, https:\/\/sgvaimudar.com.br\/wp-content\/uploads\/2023\/08\/Anuncie-Aqui-Sao-Goncalo-vai-mudar-300x13.png 300w, https:\/\/sgvaimudar.com.br\/wp-content\/uploads\/2023\/08\/Anuncie-Aqui-Sao-Goncalo-vai-mudar-768x35.png 768w, https:\/\/sgvaimudar.com.br\/wp-content\/uploads\/2023\/08\/Anuncie-Aqui-Sao-Goncalo-vai-mudar-1536x69.png 1536w, https:\/\/sgvaimudar.com.br\/wp-content\/uploads\/2023\/08\/Anuncie-Aqui-Sao-Goncalo-vai-mudar.png 2002w\" sizes=\"(max-width: 1024px) 100vw, 1024px\" \/><\/figure>\n","protected":false},"excerpt":{"rendered":"<p>Adultos e crian\u00e7as poder\u00e3o ter acompanhamento de equipe multiprofissional&nbsp;&nbsp;&nbsp; Os portadores de obesidade grave j\u00e1 contam com atendimento especializado na&hellip;<\/p>\n","protected":false},"author":5,"featured_media":32200,"comment_status":"closed","ping_status":"open","sticky":false,"template":"","format":"standard","meta":{"fifu_image_url":"https:\/\/sgvaimudar.com.br\/wp-content\/uploads\/2025\/10\/unnamed-54-1.jpg","fifu_image_alt":"","footnotes":""},"categories":[7],"tags":[47,75],"class_list":["post-32197","post","type-post","status-publish","format-standard","has-post-thumbnail","hentry","category-saude","tag-rj","tag-sao-goncalo"],"_links":{"self":[{"href":"https:\/\/sgvaimudar.com.br\/index.php\/wp-json\/wp\/v2\/posts\/32197","targetHints":{"allow":["GET"]}}],"collection":[{"href":"https:\/\/sgvaimudar.com.br\/index.php\/wp-json\/wp\/v2\/posts"}],"about":[{"href":"https:\/\/sgvaimudar.com.br\/index.php\/wp-json\/wp\/v2\/types\/post"}],"author":[{"embeddable":true,"href":"https:\/\/sgvaimudar.com.br\/index.php\/wp-json\/wp\/v2\/users\/5"}],"replies":[{"embeddable":true,"href":"https:\/\/sgvaimudar.com.br\/index.php\/wp-json\/wp\/v2\/comments?post=32197"}],"version-history":[{"count":2,"href":"https:\/\/sgvaimudar.com.br\/index.php\/wp-json\/wp\/v2\/posts\/32197\/revisions"}],"predecessor-version":[{"id":32206,"href":"https:\/\/sgvaimudar.com.br\/index.php\/wp-json\/wp\/v2\/posts\/32197\/revisions\/32206"}],"wp:featuredmedia":[{"embeddable":true,"href":"https:\/\/sgvaimudar.com.br\/index.php\/wp-json\/wp\/v2\/media\/32200"}],"wp:attachment":[{"href":"https:\/\/sgvaimudar.com.br\/index.php\/wp-json\/wp\/v2\/media?parent=32197"}],"wp:term":[{"taxonomy":"category","embeddable":true,"href":"https:\/\/sgvaimudar.com.br\/index.php\/wp-json\/wp\/v2\/categories?post=32197"},{"taxonomy":"post_tag","embeddable":true,"href":"https:\/\/sgvaimudar.com.br\/index.php\/wp-json\/wp\/v2\/tags?post=32197"}],"curies":[{"name":"wp","href":"https:\/\/api.w.org\/{rel}","templated":true}]}}