{"id":32192,"date":"2025-10-23T09:36:09","date_gmt":"2025-10-23T12:36:09","guid":{"rendered":"https:\/\/sgvaimudar.com.br\/?p=32192"},"modified":"2025-10-23T09:36:09","modified_gmt":"2025-10-23T12:36:09","slug":"acao-de-saude-bucal-e-realizada-em-creche-de-sao-goncalo","status":"publish","type":"post","link":"https:\/\/sgvaimudar.com.br\/index.php\/2025\/10\/23\/acao-de-saude-bucal-e-realizada-em-creche-de-sao-goncalo\/","title":{"rendered":"A\u00e7\u00e3o de sa\u00fade bucal \u00e9 realizada em creche de S\u00e3o Gon\u00e7alo"},"content":{"rendered":"\n<p><em>Crian\u00e7as aprendem a cuidar dos dentes com brincadeiras l\u00fadicas<\/em>&nbsp;&nbsp;&nbsp;<\/p>\n\n\n\n<p>A Unidade Municipal de Educa\u00e7\u00e3o Infantil (Umei) George Savalla Gomes, Palha\u00e7o Carequinha, no Barro Vermelho, foi selecionada para uma a\u00e7\u00e3o de sa\u00fade bucal na manh\u00e3 desta quarta-feira (22). Com brincadeiras l\u00fadicas, a atividade contou com pinturinha, teatro de dedoche e de fantoche, v\u00eddeo e distribui\u00e7\u00e3o de escova de dente para os estudantes.&nbsp;<\/p>\n\n\n\n<p>A a\u00e7\u00e3o foi em alus\u00e3o aos dias da crian\u00e7a, do professor e do dentista \u2013 todos comemorados neste m\u00eas de outubro \u2013 e teve como prop\u00f3sito incentivar h\u00e1bitos saud\u00e1veis de sa\u00fade bucal desde crian\u00e7a. A subsecret\u00e1ria de Odontologia da Secretaria de Sa\u00fade da Prefeitura de S\u00e3o Gon\u00e7alo, Ana Gabriela Franco, tamb\u00e9m lembrou de refor\u00e7ar a import\u00e2ncia da preven\u00e7\u00e3o.<\/p>\n\n\n\n<figure class=\"wp-block-image size-large\"><img fetchpriority=\"high\" decoding=\"async\" width=\"1024\" height=\"684\" src=\"https:\/\/sgvaimudar.com.br\/wp-content\/uploads\/2025\/10\/unnamed-52-1024x684.jpg\" alt=\"\" class=\"wp-image-32193\" srcset=\"https:\/\/sgvaimudar.com.br\/wp-content\/uploads\/2025\/10\/unnamed-52-1024x684.jpg 1024w, https:\/\/sgvaimudar.com.br\/wp-content\/uploads\/2025\/10\/unnamed-52-300x200.jpg 300w, https:\/\/sgvaimudar.com.br\/wp-content\/uploads\/2025\/10\/unnamed-52-768x513.jpg 768w, https:\/\/sgvaimudar.com.br\/wp-content\/uploads\/2025\/10\/unnamed-52-1536x1027.jpg 1536w, https:\/\/sgvaimudar.com.br\/wp-content\/uploads\/2025\/10\/unnamed-52.jpg 1616w\" sizes=\"(max-width: 1024px) 100vw, 1024px\" \/><\/figure>\n\n\n\n<p>\u201cCom essas atividades l\u00fadicas, as crian\u00e7as come\u00e7am a entender a import\u00e2ncia da escova\u00e7\u00e3o e da preven\u00e7\u00e3o e v\u00e3o praticando at\u00e9 chegar \u00e0 fase adulta. Come\u00e7ando de pequenos, eles j\u00e1 v\u00e3o se acostumando com a escova\u00e7\u00e3o na rotina para n\u00e3o ter problemas com c\u00e1ries. Eles aprendem a limpar os dentes desde pequenos. Tamb\u00e9m mostramos que eles n\u00e3o precisam ter medo do dentista. O principal foco \u00e9 a preven\u00e7\u00e3o\u201d, contou Ana Gabriela.&nbsp;<\/p>\n\n\n\n<p>As crian\u00e7as de 2 a 4 anos participaram das atividades por grupos. Ao todo, 134 estudantes iam passar pelas brincadeiras l\u00fadicas, que misturam divers\u00e3o e aprendizado. Todas as crian\u00e7as que participaram ganharam certificado de coragem, escova dental e kit de colorir.&nbsp;<\/p>\n\n\n\n<p><em>Fotos: Renan Otto<\/em><\/p>\n\n\n\n<p><em><strong>S\u00e3o Gon\u00e7alo vai mudar: Not\u00edcias de S\u00e3o Gon\u00e7alo e toda regi\u00e3o.<\/strong><\/em><\/p>\n\n\n\n<figure class=\"wp-block-image size-large\"><img decoding=\"async\" width=\"1024\" height=\"46\" src=\"https:\/\/sgvaimudar.com.br\/wp-content\/uploads\/2023\/08\/Anuncie-Aqui-Sao-Goncalo-vai-mudar-1024x46.png\" alt=\"\" class=\"wp-image-2740\" srcset=\"https:\/\/sgvaimudar.com.br\/wp-content\/uploads\/2023\/08\/Anuncie-Aqui-Sao-Goncalo-vai-mudar-1024x46.png 1024w, https:\/\/sgvaimudar.com.br\/wp-content\/uploads\/2023\/08\/Anuncie-Aqui-Sao-Goncalo-vai-mudar-300x13.png 300w, https:\/\/sgvaimudar.com.br\/wp-content\/uploads\/2023\/08\/Anuncie-Aqui-Sao-Goncalo-vai-mudar-768x35.png 768w, https:\/\/sgvaimudar.com.br\/wp-content\/uploads\/2023\/08\/Anuncie-Aqui-Sao-Goncalo-vai-mudar-1536x69.png 1536w, https:\/\/sgvaimudar.com.br\/wp-content\/uploads\/2023\/08\/Anuncie-Aqui-Sao-Goncalo-vai-mudar.png 2002w\" sizes=\"(max-width: 1024px) 100vw, 1024px\" \/><\/figure>\n","protected":false},"excerpt":{"rendered":"<p>Crian\u00e7as aprendem a cuidar dos dentes com brincadeiras l\u00fadicas&nbsp;&nbsp;&nbsp; A Unidade Municipal de Educa\u00e7\u00e3o Infantil (Umei) George Savalla Gomes, Palha\u00e7o&hellip;<\/p>\n","protected":false},"author":5,"featured_media":32196,"comment_status":"closed","ping_status":"open","sticky":false,"template":"","format":"standard","meta":{"fifu_image_url":"https:\/\/sgvaimudar.com.br\/wp-content\/uploads\/2025\/10\/unnamed-53-1.jpg","fifu_image_alt":"","footnotes":""},"categories":[7],"tags":[47,75],"class_list":["post-32192","post","type-post","status-publish","format-standard","has-post-thumbnail","hentry","category-saude","tag-rj","tag-sao-goncalo"],"_links":{"self":[{"href":"https:\/\/sgvaimudar.com.br\/index.php\/wp-json\/wp\/v2\/posts\/32192","targetHints":{"allow":["GET"]}}],"collection":[{"href":"https:\/\/sgvaimudar.com.br\/index.php\/wp-json\/wp\/v2\/posts"}],"about":[{"href":"https:\/\/sgvaimudar.com.br\/index.php\/wp-json\/wp\/v2\/types\/post"}],"author":[{"embeddable":true,"href":"https:\/\/sgvaimudar.com.br\/index.php\/wp-json\/wp\/v2\/users\/5"}],"replies":[{"embeddable":true,"href":"https:\/\/sgvaimudar.com.br\/index.php\/wp-json\/wp\/v2\/comments?post=32192"}],"version-history":[{"count":1,"href":"https:\/\/sgvaimudar.com.br\/index.php\/wp-json\/wp\/v2\/posts\/32192\/revisions"}],"predecessor-version":[{"id":32195,"href":"https:\/\/sgvaimudar.com.br\/index.php\/wp-json\/wp\/v2\/posts\/32192\/revisions\/32195"}],"wp:featuredmedia":[{"embeddable":true,"href":"https:\/\/sgvaimudar.com.br\/index.php\/wp-json\/wp\/v2\/media\/32196"}],"wp:attachment":[{"href":"https:\/\/sgvaimudar.com.br\/index.php\/wp-json\/wp\/v2\/media?parent=32192"}],"wp:term":[{"taxonomy":"category","embeddable":true,"href":"https:\/\/sgvaimudar.com.br\/index.php\/wp-json\/wp\/v2\/categories?post=32192"},{"taxonomy":"post_tag","embeddable":true,"href":"https:\/\/sgvaimudar.com.br\/index.php\/wp-json\/wp\/v2\/tags?post=32192"}],"curies":[{"name":"wp","href":"https:\/\/api.w.org\/{rel}","templated":true}]}}