{"id":32176,"date":"2025-10-23T09:00:00","date_gmt":"2025-10-23T12:00:00","guid":{"rendered":"https:\/\/sgvaimudar.com.br\/?p=32176"},"modified":"2025-10-23T08:58:59","modified_gmt":"2025-10-23T11:58:59","slug":"outubro-rosa-encontro-esportivo-reforca-campanha-em-sao-goncalo","status":"publish","type":"post","link":"https:\/\/sgvaimudar.com.br\/index.php\/2025\/10\/23\/outubro-rosa-encontro-esportivo-reforca-campanha-em-sao-goncalo\/","title":{"rendered":"Outubro Rosa: Encontro esportivo refor\u00e7a campanha em S\u00e3o Gon\u00e7alo"},"content":{"rendered":"\n<p><em>Evento de conscientiza\u00e7\u00e3o foi realizado pelos n\u00facleos do Projeto Qualidade de Vida e Longevidade<\/em><\/p>\n\n\n\n<p>O Encontro Rosa reuniu centenas de pessoas na manh\u00e3 desta quarta-feira (22), no Partage Shopping, no Centro. O evento foi realizado pelos n\u00facleos do projeto Qualidade de Vida e Longevidade, em parceria com o Partage Shopping, e teve como intuito refor\u00e7ar a campanha Outubro Rosa \u2013 iniciativa mundial de conscientiza\u00e7\u00e3o sobre o c\u00e2ncer de mama e do colo do \u00fatero.&nbsp;<\/p>\n\n\n\n<figure class=\"wp-block-image size-full is-resized\"><img fetchpriority=\"high\" decoding=\"async\" width=\"681\" height=\"1024\" src=\"https:\/\/sgvaimudar.com.br\/wp-content\/uploads\/2025\/10\/unnamed-48-1.jpg\" alt=\"\" class=\"wp-image-32177\" style=\"aspect-ratio:0.6650390625;width:840px;height:auto\" srcset=\"https:\/\/sgvaimudar.com.br\/wp-content\/uploads\/2025\/10\/unnamed-48-1.jpg 681w, https:\/\/sgvaimudar.com.br\/wp-content\/uploads\/2025\/10\/unnamed-48-1-200x300.jpg 200w\" sizes=\"(max-width: 681px) 100vw, 681px\" \/><\/figure>\n\n\n\n<p>O secret\u00e1rio de Esporte e Lazer, Bruno Porto, esteve presente e refor\u00e7ou o valor desse ato de conscientiza\u00e7\u00e3o.<\/p>\n\n\n\n<p>\u201cHoje estamos realizando um evento de mobiliza\u00e7\u00e3o com todos os n\u00facleos, com o objetivo de refor\u00e7ar a import\u00e2ncia do tratamento e da preven\u00e7\u00e3o do c\u00e2ncer de mama, n\u00e3o apenas para os alunos do projeto, mas tamb\u00e9m para os seus familiares e toda a popula\u00e7\u00e3o gon\u00e7alense\u201d, afirmou.<\/p>\n\n\n\n<p>O evento foi aberto ao p\u00fablico e contou com muita alegria e uni\u00e3o dos alunos do projeto. Com uma blusa rosa especial em alus\u00e3o \u00e0 campanha, os participantes realizaram aulas gratuitas de Zumba, Ritmos e Tai Chi Chuan. Para manter a energia, foram distribu\u00eddos lanches e \u00e1gua mineral.&nbsp;<\/p>\n\n\n\n<figure class=\"wp-block-image size-full\"><img decoding=\"async\" width=\"1024\" height=\"648\" src=\"https:\/\/sgvaimudar.com.br\/wp-content\/uploads\/2025\/10\/unnamed-47-1.jpg\" alt=\"\" class=\"wp-image-32178\" srcset=\"https:\/\/sgvaimudar.com.br\/wp-content\/uploads\/2025\/10\/unnamed-47-1.jpg 1024w, https:\/\/sgvaimudar.com.br\/wp-content\/uploads\/2025\/10\/unnamed-47-1-300x190.jpg 300w, https:\/\/sgvaimudar.com.br\/wp-content\/uploads\/2025\/10\/unnamed-47-1-768x486.jpg 768w\" sizes=\"(max-width: 1024px) 100vw, 1024px\" \/><\/figure>\n\n\n\n<p>\u201cN\u00f3s sempre trabalhamos com temas transversais no projeto e realizamos esse grande encontro, com todos os professores e alunos hoje, refor\u00e7ando a campanha Outubro Rosa. Temos muitas mulheres nos n\u00facleos e esse autocuidado ainda \u00e9 um tabu para algumas. Ent\u00e3o, com a nossa linguagem, elas se sentem mais \u00e0 vontade,\u201d destacou a coordenadora do projeto, Elaine Bartolomeu.<\/p>\n\n\n\n<figure class=\"wp-block-image size-full is-resized\"><img decoding=\"async\" width=\"842\" height=\"768\" src=\"https:\/\/sgvaimudar.com.br\/wp-content\/uploads\/2025\/10\/unnamed-50-1.jpg\" alt=\"\" class=\"wp-image-32180\" style=\"aspect-ratio:1.0963541666666667;width:943px;height:auto\" srcset=\"https:\/\/sgvaimudar.com.br\/wp-content\/uploads\/2025\/10\/unnamed-50-1.jpg 842w, https:\/\/sgvaimudar.com.br\/wp-content\/uploads\/2025\/10\/unnamed-50-1-300x274.jpg 300w, https:\/\/sgvaimudar.com.br\/wp-content\/uploads\/2025\/10\/unnamed-50-1-768x701.jpg 768w\" sizes=\"(max-width: 842px) 100vw, 842px\" \/><\/figure>\n\n\n\n<p>A moradora do bairro Rocha, Ana Nunes, de 68 anos, \u00e9 uma das alunas e conta que gostou muito do encontro.<\/p>\n\n\n\n<p>\u201cO evento \u00e9 maravilhoso! \u00c9 um incentivo \u00f3timo para pessoas que n\u00e3o possuem conhecimento sobre essa causa. Hoje mesmo, conheci pessoas que enfrentaram o c\u00e2ncer de mama e est\u00e3o aqui se divertindo e inspirando outras pessoas. J\u00e1 tem muito tempo que participo do projeto e o professor \u00e9 \u00f3timo!\u201d, disse.<\/p>\n\n\n\n<p>O Qualidade de Vida e Longevidade faz parte da Secretaria de Esporte e Lazer da Prefeitura de S\u00e3o Gon\u00e7alo e possui mais de 20 n\u00facleos esportivos gratuitos espalhados pela cidade. Voltado para pessoas com mais de 18 anos, sem limite de idade, o projeto \u00e9 acess\u00edvel a todos, mas exige recomenda\u00e7\u00e3o m\u00e9dica para participa\u00e7\u00e3o nas atividades.<\/p>\n\n\n\n<p>Fotos: Luiz Carvalho<\/p>\n\n\n\n<p><em><strong>Fa\u00e7a sua den\u00fancia pelo nosso WhatsApp: (21)&nbsp;99744 5345<\/strong><\/em><\/p>\n\n\n\n<p><em><strong>S\u00e3o Gon\u00e7alo vai mudar: Not\u00edcias de S\u00e3o Gon\u00e7alo e toda regi\u00e3o.<\/strong><\/em><\/p>\n\n\n\n<figure class=\"wp-block-image size-large\"><img loading=\"lazy\" decoding=\"async\" width=\"1024\" height=\"46\" src=\"https:\/\/sgvaimudar.com.br\/wp-content\/uploads\/2023\/08\/Anuncie-Aqui-Sao-Goncalo-vai-mudar-1024x46.png\" alt=\"\" class=\"wp-image-2740\" srcset=\"https:\/\/sgvaimudar.com.br\/wp-content\/uploads\/2023\/08\/Anuncie-Aqui-Sao-Goncalo-vai-mudar-1024x46.png 1024w, https:\/\/sgvaimudar.com.br\/wp-content\/uploads\/2023\/08\/Anuncie-Aqui-Sao-Goncalo-vai-mudar-300x13.png 300w, https:\/\/sgvaimudar.com.br\/wp-content\/uploads\/2023\/08\/Anuncie-Aqui-Sao-Goncalo-vai-mudar-768x35.png 768w, https:\/\/sgvaimudar.com.br\/wp-content\/uploads\/2023\/08\/Anuncie-Aqui-Sao-Goncalo-vai-mudar-1536x69.png 1536w, https:\/\/sgvaimudar.com.br\/wp-content\/uploads\/2023\/08\/Anuncie-Aqui-Sao-Goncalo-vai-mudar.png 2002w\" sizes=\"(max-width: 1024px) 100vw, 1024px\" \/><\/figure>\n","protected":false},"excerpt":{"rendered":"<p>Evento de conscientiza\u00e7\u00e3o foi realizado pelos n\u00facleos do Projeto Qualidade de Vida e Longevidade O Encontro Rosa reuniu centenas de&hellip;<\/p>\n","protected":false},"author":5,"featured_media":32183,"comment_status":"closed","ping_status":"open","sticky":false,"template":"","format":"standard","meta":{"fifu_image_url":"https:\/\/sgvaimudar.com.br\/wp-content\/uploads\/2025\/10\/unnamed-49-1.jpg","fifu_image_alt":"","footnotes":""},"categories":[5],"tags":[47,75],"class_list":["post-32176","post","type-post","status-publish","format-standard","has-post-thumbnail","hentry","category-esportes","tag-rj","tag-sao-goncalo"],"_links":{"self":[{"href":"https:\/\/sgvaimudar.com.br\/index.php\/wp-json\/wp\/v2\/posts\/32176","targetHints":{"allow":["GET"]}}],"collection":[{"href":"https:\/\/sgvaimudar.com.br\/index.php\/wp-json\/wp\/v2\/posts"}],"about":[{"href":"https:\/\/sgvaimudar.com.br\/index.php\/wp-json\/wp\/v2\/types\/post"}],"author":[{"embeddable":true,"href":"https:\/\/sgvaimudar.com.br\/index.php\/wp-json\/wp\/v2\/users\/5"}],"replies":[{"embeddable":true,"href":"https:\/\/sgvaimudar.com.br\/index.php\/wp-json\/wp\/v2\/comments?post=32176"}],"version-history":[{"count":2,"href":"https:\/\/sgvaimudar.com.br\/index.php\/wp-json\/wp\/v2\/posts\/32176\/revisions"}],"predecessor-version":[{"id":32187,"href":"https:\/\/sgvaimudar.com.br\/index.php\/wp-json\/wp\/v2\/posts\/32176\/revisions\/32187"}],"wp:featuredmedia":[{"embeddable":true,"href":"https:\/\/sgvaimudar.com.br\/index.php\/wp-json\/wp\/v2\/media\/32183"}],"wp:attachment":[{"href":"https:\/\/sgvaimudar.com.br\/index.php\/wp-json\/wp\/v2\/media?parent=32176"}],"wp:term":[{"taxonomy":"category","embeddable":true,"href":"https:\/\/sgvaimudar.com.br\/index.php\/wp-json\/wp\/v2\/categories?post=32176"},{"taxonomy":"post_tag","embeddable":true,"href":"https:\/\/sgvaimudar.com.br\/index.php\/wp-json\/wp\/v2\/tags?post=32176"}],"curies":[{"name":"wp","href":"https:\/\/api.w.org\/{rel}","templated":true}]}}