{"id":32149,"date":"2025-10-22T17:00:00","date_gmt":"2025-10-22T20:00:00","guid":{"rendered":"https:\/\/sgvaimudar.com.br\/?p=32149"},"modified":"2025-10-22T09:49:23","modified_gmt":"2025-10-22T12:49:23","slug":"prefeitura-realiza-chamamento-publico-para-comerciantes-interessados-em-atuar-no-parque-rj","status":"publish","type":"post","link":"https:\/\/sgvaimudar.com.br\/index.php\/2025\/10\/22\/prefeitura-realiza-chamamento-publico-para-comerciantes-interessados-em-atuar-no-parque-rj\/","title":{"rendered":"Prefeitura realiza chamamento p\u00fablico para comerciantes interessados em atuar no Parque RJ"},"content":{"rendered":"\n<p><em>Ser\u00e3o oferecidas 17 vagas para foodtrucks e foodbikes na nova \u00e1rea de lazer do Boa Vista<\/em><\/p>\n\n\n\n<p>A Secretaria de Ordem P\u00fablica da Prefeitura de S\u00e3o Gon\u00e7alo publicou, no Di\u00e1rio Oficial desta segunda-feira (20), edital de chamamento p\u00fablico para comerciantes interessados em atuar com foodtrucks e foodbikes no Parque RJ S\u00e3o Gon\u00e7alo, no Boa Vista.<\/p>\n\n\n\n<p>Os interessados devem se inscrever a partir da pr\u00f3xima sexta-feira (24) at\u00e9 o dia 12 de novembro, de forma presencial, das 10h \u00e0s 12h, e das 14h \u00e0s 16h,&nbsp;na Subsecretaria de Fiscaliza\u00e7\u00e3o de Posturas, localizada no Partage Shopping (Avenida Presidente Kennedy, 425, loja 226 \u2013 2\u00b0 Piso).<\/p>\n\n\n\n<p>Ser\u00e3o oferecidas 17 vagas: nove para foodtrucks; quatro para foodbikes e quatro vagas para outros ve\u00edculos comerciais categoria A. As normas de autoriza\u00e7\u00e3o e funcionamento para o exerc\u00edcio de atividades econ\u00f4micas em ve\u00edculos em logradouros p\u00fablicos fazem parte do Programa S\u00e3o Gon\u00e7alo Sobre Rodas.<\/p>\n\n\n\n<p>Entre os itens que ser\u00e3o analisados, est\u00e3o tempo de exerc\u00edcio da atividade, experi\u00eancia e qualifica\u00e7\u00e3o profissional, com prioridade ao candidato com mais cursos, certifica\u00e7\u00f5es ou diplomas relacionados ao com\u00e9rcio e gest\u00e3o de neg\u00f3cios, Plano de Neg\u00f3cios e adequa\u00e7\u00e3o do neg\u00f3cio ao local. A divulga\u00e7\u00e3o do resultado preliminar ser\u00e1 no dia 21 de novembro e o resultado final, ap\u00f3s os recursos, ser\u00e1 divulgado no dia 1\u00ba de dezembro.<\/p>\n\n\n\n<p>Os candidatos selecionados para atuar no Parque RJ dever\u00e3o realizar o pagamento anual da taxa de ocupa\u00e7\u00e3o de solo, conforme o Decreto n\u00ba 307\/2024. O autorizado pagar\u00e1 anualmente ao munic\u00edpio a import\u00e2ncia de 24 UFISG, no caso da modalidade tipo FoodTruck e Outros Ve\u00edculos Comerciais categoria A, e 10 UFISG, no caso de FoodBike.<\/p>\n\n\n\n<p>Para acessar a documenta\u00e7\u00e3o completa exigida para a inscri\u00e7\u00e3o, os crit\u00e9rios de sele\u00e7\u00e3o e obriga\u00e7\u00f5es basta clicar no link do Di\u00e1rio Oficial a seguir:&nbsp;<a href=\"https:\/\/click.cse360.com.br\/Click\/AddCampaignEmailClick\/69a6e641-c034-4ad1-c152-08ddfba43138\/https%253a%252f%252fdo.pmsg.rj.gov.br%252fdiario%252f2025_10_20.pdf\/ac66966e-2b55-4484-fb2c-08dc491eed5f\/jornalistaws@gmail.com\/False\" rel=\"noreferrer noopener\" target=\"_blank\">https:\/\/do.pmsg.rj.gov.br\/diario\/2025_10_20.pdf<\/a><\/p>\n\n\n\n<p><em>Foto: Secretaria de Estado das Cidades<\/em><\/p>\n\n\n\n<p><em><strong>S\u00e3o Gon\u00e7alo vai mudar: Not\u00edcias de S\u00e3o Gon\u00e7alo e toda regi\u00e3o.<\/strong><\/em><\/p>\n\n\n\n<figure class=\"wp-block-image size-large\"><img decoding=\"async\" width=\"1024\" height=\"46\" src=\"https:\/\/sgvaimudar.com.br\/wp-content\/uploads\/2023\/08\/Anuncie-Aqui-Sao-Goncalo-vai-mudar-1024x46.png\" alt=\"\" class=\"wp-image-2740\" srcset=\"https:\/\/sgvaimudar.com.br\/wp-content\/uploads\/2023\/08\/Anuncie-Aqui-Sao-Goncalo-vai-mudar-1024x46.png 1024w, https:\/\/sgvaimudar.com.br\/wp-content\/uploads\/2023\/08\/Anuncie-Aqui-Sao-Goncalo-vai-mudar-300x13.png 300w, https:\/\/sgvaimudar.com.br\/wp-content\/uploads\/2023\/08\/Anuncie-Aqui-Sao-Goncalo-vai-mudar-768x35.png 768w, https:\/\/sgvaimudar.com.br\/wp-content\/uploads\/2023\/08\/Anuncie-Aqui-Sao-Goncalo-vai-mudar-1536x69.png 1536w, https:\/\/sgvaimudar.com.br\/wp-content\/uploads\/2023\/08\/Anuncie-Aqui-Sao-Goncalo-vai-mudar.png 2002w\" sizes=\"(max-width: 1024px) 100vw, 1024px\" \/><\/figure>\n","protected":false},"excerpt":{"rendered":"<p>Ser\u00e3o oferecidas 17 vagas para foodtrucks e foodbikes na nova \u00e1rea de lazer do Boa Vista A Secretaria de Ordem&hellip;<\/p>\n","protected":false},"author":5,"featured_media":32152,"comment_status":"closed","ping_status":"open","sticky":false,"template":"","format":"standard","meta":{"fifu_image_url":"https:\/\/sgvaimudar.com.br\/wp-content\/uploads\/2025\/10\/unnamed-58.jpg","fifu_image_alt":"","footnotes":""},"categories":[3],"tags":[47,75],"class_list":["post-32149","post","type-post","status-publish","format-standard","has-post-thumbnail","hentry","category-sao-goncalo","tag-rj","tag-sao-goncalo"],"_links":{"self":[{"href":"https:\/\/sgvaimudar.com.br\/index.php\/wp-json\/wp\/v2\/posts\/32149","targetHints":{"allow":["GET"]}}],"collection":[{"href":"https:\/\/sgvaimudar.com.br\/index.php\/wp-json\/wp\/v2\/posts"}],"about":[{"href":"https:\/\/sgvaimudar.com.br\/index.php\/wp-json\/wp\/v2\/types\/post"}],"author":[{"embeddable":true,"href":"https:\/\/sgvaimudar.com.br\/index.php\/wp-json\/wp\/v2\/users\/5"}],"replies":[{"embeddable":true,"href":"https:\/\/sgvaimudar.com.br\/index.php\/wp-json\/wp\/v2\/comments?post=32149"}],"version-history":[{"count":1,"href":"https:\/\/sgvaimudar.com.br\/index.php\/wp-json\/wp\/v2\/posts\/32149\/revisions"}],"predecessor-version":[{"id":32151,"href":"https:\/\/sgvaimudar.com.br\/index.php\/wp-json\/wp\/v2\/posts\/32149\/revisions\/32151"}],"wp:featuredmedia":[{"embeddable":true,"href":"https:\/\/sgvaimudar.com.br\/index.php\/wp-json\/wp\/v2\/media\/32152"}],"wp:attachment":[{"href":"https:\/\/sgvaimudar.com.br\/index.php\/wp-json\/wp\/v2\/media?parent=32149"}],"wp:term":[{"taxonomy":"category","embeddable":true,"href":"https:\/\/sgvaimudar.com.br\/index.php\/wp-json\/wp\/v2\/categories?post=32149"},{"taxonomy":"post_tag","embeddable":true,"href":"https:\/\/sgvaimudar.com.br\/index.php\/wp-json\/wp\/v2\/tags?post=32149"}],"curies":[{"name":"wp","href":"https:\/\/api.w.org\/{rel}","templated":true}]}}