{"id":32139,"date":"2025-10-22T11:00:00","date_gmt":"2025-10-22T14:00:00","guid":{"rendered":"https:\/\/sgvaimudar.com.br\/?p=32139"},"modified":"2025-10-22T08:53:45","modified_gmt":"2025-10-22T11:53:45","slug":"prefeito-capitao-nelson-participa-da-entrega-do-plano-de-acao-para-situacoes-de-emergencia-climatica-da-defesa-civil","status":"publish","type":"post","link":"https:\/\/sgvaimudar.com.br\/index.php\/2025\/10\/22\/prefeito-capitao-nelson-participa-da-entrega-do-plano-de-acao-para-situacoes-de-emergencia-climatica-da-defesa-civil\/","title":{"rendered":"Prefeito Capit\u00e3o Nelson participa da entrega do plano de a\u00e7\u00e3o para situa\u00e7\u00f5es de emerg\u00eancia clim\u00e1tica da Defesa Civil"},"content":{"rendered":"\n<p><em>Workshop define responsabilidades do Plano de Conting\u00eancia de S\u00e3o Gon\u00e7alo; na ocasi\u00e3o, o chefe do Executivo gon\u00e7alense elogiou a iniciativa<\/em><\/p>\n\n\n\n<p>A Subsecretaria de Defesa Civil da Prefeitura de S\u00e3o Gon\u00e7alo realizou, nesta manh\u00e3 de ter\u00e7a-feira (21), um workshop para a entrega do plano de a\u00e7\u00e3o \u00e0s secretarias municipais e ag\u00eancias externas. O evento aconteceu no Teatro Municipal. O plano de a\u00e7\u00e3o mostra o passo a passo da execu\u00e7\u00e3o das responsabilidades de cada ag\u00eancia (externa ou interna) previstas na Matriz de Responsabilidade do Plano de Conting\u00eancia em casos de chuvas intensas no munic\u00edpio.<\/p>\n\n\n\n<p>No plano de A\u00e7\u00e3o, as ag\u00eancias envolvidas no Plano de Conting\u00eancia informam como v\u00e3o executar as a\u00e7\u00f5es, focando na prepara\u00e7\u00e3o e no trabalho de preven\u00e7\u00e3o em casos de emerg\u00eancia.<\/p>\n\n\n\n<p>O evento contou com a presen\u00e7a do prefeito Capit\u00e3o Nelson e do vice-prefeito Jo\u00e3o Ventura, al\u00e9m do secret\u00e1rio de Sa\u00fade, Gabriel Mello. Eles participaram da mesa de abertura juntamente com Marcos Vieira, da Coordena\u00e7\u00e3o Regional de Defesa Civil da Regi\u00e3o Metropolitana (REDEC 3), e do major Felipe Assump\u00e7\u00e3o, subsecret\u00e1rio da Defesa Civil.<\/p>\n\n\n\n<figure class=\"wp-block-image size-full\"><img fetchpriority=\"high\" decoding=\"async\" width=\"1024\" height=\"681\" src=\"https:\/\/sgvaimudar.com.br\/wp-content\/uploads\/2025\/10\/unnamed-55.jpg\" alt=\"\" class=\"wp-image-32140\" srcset=\"https:\/\/sgvaimudar.com.br\/wp-content\/uploads\/2025\/10\/unnamed-55.jpg 1024w, https:\/\/sgvaimudar.com.br\/wp-content\/uploads\/2025\/10\/unnamed-55-300x200.jpg 300w, https:\/\/sgvaimudar.com.br\/wp-content\/uploads\/2025\/10\/unnamed-55-768x511.jpg 768w\" sizes=\"(max-width: 1024px) 100vw, 1024px\" \/><\/figure>\n\n\n\n<p>O prefeito Capit\u00e3o Nelson destacou a import\u00e2ncia da iniciativa, lembrando que enfrentou muitas dificuldades no in\u00edcio de seu primeiro mandato, justamente porque n\u00e3o havia nenhum plano elaborado que pudesse orientar a a\u00e7\u00e3o das equipes durante per\u00edodos de chuvas extremas.<\/p>\n\n\n\n<p>&#8220;Semana passada lan\u00e7amos o Observat\u00f3rio Fortalece S\u00e3o Gon\u00e7alo aqui mesmo no Teatro e essa semana estamos aqui distribuindo esse Plano de A\u00e7\u00e3o para as ag\u00eancias externas e internas. No passado, nunca foi feito nada parecido. No in\u00edcio da minha gest\u00e3o, n\u00e3o havia nada escrito, nada que pudesse ser acessado, fomos descobrindo no cotidiano. Hoje, tanto esse Plano de A\u00e7\u00e3o quanto o Observat\u00f3rio s\u00e3o legados para o futuro. Eventos como esses s\u00e3o muito importantes e destacam a integra\u00e7\u00e3o entre as secretarias da Prefeitura e com as ag\u00eancias externas. Agora, sabemos como agir em casos de desastres, com cada um entendendo o que e como vai atuar diante das mudan\u00e7as clim\u00e1ticas&#8221;, destacou o prefeito Capit\u00e3o Nelson.<\/p>\n\n\n\n<p>As ag\u00eancias receberam o plano e depois elas v\u00e3o dar um feedback para a Defesa Civil sobre o que est\u00e1 determinado no documento, indicando se pode haver melhorias. Vale destacar que as a\u00e7\u00f5es descritas j\u00e1 foram discutidas em reuni\u00f5es anteriores com as ag\u00eancias.<\/p>\n\n\n\n<p>Ainda durante o evento, o superintendente de Opera\u00e7\u00e3o da Secretaria de Estado de Defesa Civil (SEDEC-RJ), Marcello Silva da Costa, explicou sobre a atua\u00e7\u00e3o da corpora\u00e7\u00e3o com uma palestra sobre o tema &#8216;A\u00e7\u00f5es de Antecipa\u00e7\u00e3o na Log\u00edstica Humanit\u00e1ria para os Munic\u00edpios com Alertas Extremos de Chuvas Intensas&#8217;, compartilhando conhecimentos sobre atua\u00e7\u00e3o em casos de chuvas intensas. Depois disso, foi realizada a entrega do plano de a\u00e7\u00e3o para os representantes de cada ag\u00eancia e os agentes da Defesa Civil municipal foram homenageados. No evento, estavam presentes agentes externos, como representantes da Naturgy, Corpo de Bombeiros, Enel, Samu e outros.<\/p>\n\n\n\n<p><em>Foto: Julio Diniz<\/em><\/p>\n\n\n\n<p><em><strong>S\u00e3o Gon\u00e7alo vai mudar: Not\u00edcias de S\u00e3o Gon\u00e7alo e toda regi\u00e3o.<\/strong><\/em><\/p>\n\n\n\n<figure class=\"wp-block-image size-large\"><img decoding=\"async\" width=\"1024\" height=\"46\" src=\"https:\/\/sgvaimudar.com.br\/wp-content\/uploads\/2023\/08\/Anuncie-Aqui-Sao-Goncalo-vai-mudar-1024x46.png\" alt=\"\" class=\"wp-image-2740\" srcset=\"https:\/\/sgvaimudar.com.br\/wp-content\/uploads\/2023\/08\/Anuncie-Aqui-Sao-Goncalo-vai-mudar-1024x46.png 1024w, https:\/\/sgvaimudar.com.br\/wp-content\/uploads\/2023\/08\/Anuncie-Aqui-Sao-Goncalo-vai-mudar-300x13.png 300w, https:\/\/sgvaimudar.com.br\/wp-content\/uploads\/2023\/08\/Anuncie-Aqui-Sao-Goncalo-vai-mudar-768x35.png 768w, https:\/\/sgvaimudar.com.br\/wp-content\/uploads\/2023\/08\/Anuncie-Aqui-Sao-Goncalo-vai-mudar-1536x69.png 1536w, https:\/\/sgvaimudar.com.br\/wp-content\/uploads\/2023\/08\/Anuncie-Aqui-Sao-Goncalo-vai-mudar.png 2002w\" sizes=\"(max-width: 1024px) 100vw, 1024px\" \/><\/figure>\n","protected":false},"excerpt":{"rendered":"<p>Workshop define responsabilidades do Plano de Conting\u00eancia de S\u00e3o Gon\u00e7alo; na ocasi\u00e3o, o chefe do Executivo gon\u00e7alense elogiou a iniciativa&hellip;<\/p>\n","protected":false},"author":5,"featured_media":32143,"comment_status":"closed","ping_status":"open","sticky":false,"template":"","format":"standard","meta":{"fifu_image_url":"https:\/\/sgvaimudar.com.br\/wp-content\/uploads\/2025\/10\/unnamed-54.jpg","fifu_image_alt":"","footnotes":""},"categories":[3],"tags":[47,75],"class_list":["post-32139","post","type-post","status-publish","format-standard","has-post-thumbnail","hentry","category-sao-goncalo","tag-rj","tag-sao-goncalo"],"_links":{"self":[{"href":"https:\/\/sgvaimudar.com.br\/index.php\/wp-json\/wp\/v2\/posts\/32139","targetHints":{"allow":["GET"]}}],"collection":[{"href":"https:\/\/sgvaimudar.com.br\/index.php\/wp-json\/wp\/v2\/posts"}],"about":[{"href":"https:\/\/sgvaimudar.com.br\/index.php\/wp-json\/wp\/v2\/types\/post"}],"author":[{"embeddable":true,"href":"https:\/\/sgvaimudar.com.br\/index.php\/wp-json\/wp\/v2\/users\/5"}],"replies":[{"embeddable":true,"href":"https:\/\/sgvaimudar.com.br\/index.php\/wp-json\/wp\/v2\/comments?post=32139"}],"version-history":[{"count":1,"href":"https:\/\/sgvaimudar.com.br\/index.php\/wp-json\/wp\/v2\/posts\/32139\/revisions"}],"predecessor-version":[{"id":32142,"href":"https:\/\/sgvaimudar.com.br\/index.php\/wp-json\/wp\/v2\/posts\/32139\/revisions\/32142"}],"wp:featuredmedia":[{"embeddable":true,"href":"https:\/\/sgvaimudar.com.br\/index.php\/wp-json\/wp\/v2\/media\/32143"}],"wp:attachment":[{"href":"https:\/\/sgvaimudar.com.br\/index.php\/wp-json\/wp\/v2\/media?parent=32139"}],"wp:term":[{"taxonomy":"category","embeddable":true,"href":"https:\/\/sgvaimudar.com.br\/index.php\/wp-json\/wp\/v2\/categories?post=32139"},{"taxonomy":"post_tag","embeddable":true,"href":"https:\/\/sgvaimudar.com.br\/index.php\/wp-json\/wp\/v2\/tags?post=32139"}],"curies":[{"name":"wp","href":"https:\/\/api.w.org\/{rel}","templated":true}]}}