{"id":32128,"date":"2025-10-22T10:00:00","date_gmt":"2025-10-22T13:00:00","guid":{"rendered":"https:\/\/sgvaimudar.com.br\/?p=32128"},"modified":"2025-10-22T08:21:55","modified_gmt":"2025-10-22T11:21:55","slug":"obras-no-jardim-bom-retiro-sao-motivo-de-orgulho-para-goncalenses","status":"publish","type":"post","link":"https:\/\/sgvaimudar.com.br\/index.php\/2025\/10\/22\/obras-no-jardim-bom-retiro-sao-motivo-de-orgulho-para-goncalenses\/","title":{"rendered":"Obras no Jardim Bom Retiro s\u00e3o motivo de orgulho para gon\u00e7alenses"},"content":{"rendered":"\n<p><em>Sessenta e cinco ruas do bairro est\u00e3o sendo transformadas pelas interven\u00e7\u00f5es<\/em><\/p>\n\n\n\n<p>As obras do bairro Jardim Bom Retiro, o segundo maior bairro do munic\u00edpio em \u00e1rea, est\u00e3o 84% conclu\u00eddas. Ao todo, 65 ruas do bairro est\u00e3o sendo transformadas, com obras que incluem drenagem, cal\u00e7adas e pavimenta\u00e7\u00e3o. As interven\u00e7\u00f5es s\u00e3o fruto de uma parceria do Governo do Estado, atrav\u00e9s da Secretaria das Cidades, com a Prefeitura de S\u00e3o Gon\u00e7alo.<\/p>\n\n\n\n<p>Uma das pessoas que mora no bairro e tem atuado na linha de frente da transforma\u00e7\u00e3o \u00e9 Daniel Antunes, de 22 anos. Ele vive no Jardim Bom Retiro h\u00e1 16 anos e trabalha como servente na obra h\u00e1 cinco meses.<\/p>\n\n\n\n<figure class=\"wp-block-image size-full\"><img fetchpriority=\"high\" decoding=\"async\" width=\"1024\" height=\"681\" src=\"https:\/\/sgvaimudar.com.br\/wp-content\/uploads\/2025\/10\/unnamed-53.jpg\" alt=\"\" class=\"wp-image-32129\" srcset=\"https:\/\/sgvaimudar.com.br\/wp-content\/uploads\/2025\/10\/unnamed-53.jpg 1024w, https:\/\/sgvaimudar.com.br\/wp-content\/uploads\/2025\/10\/unnamed-53-300x200.jpg 300w, https:\/\/sgvaimudar.com.br\/wp-content\/uploads\/2025\/10\/unnamed-53-768x511.jpg 768w\" sizes=\"(max-width: 1024px) 100vw, 1024px\" \/><\/figure>\n\n\n\n<p>&#8220;Como morador, eu posso dizer que esper\u00e1vamos por uma obra dessas desde sempre. Moro com meu pai e minha madrasta e eles tamb\u00e9m pensam o mesmo. Eu lembro que a gente sa\u00eda para trabalhar com lama nos p\u00e9s e agora isso n\u00e3o acontece mais. O ch\u00e3o era de terra batida, ent\u00e3o, quando chovia, fazia lama. Era p\u00e9ssimo!&#8221;, disse.<\/p>\n\n\n\n<p>Daniel tamb\u00e9m afirmou que \u00e9 um orgulho fazer parte da equipe que est\u00e1 mudando a realidade do bairro.<\/p>\n\n\n\n<p>&#8220;Eu fico muito feliz de poder falar que a minha equipe est\u00e1 transformando o bairro, que eu trabalho fazendo parte dessa mudan\u00e7a, \u00e9 muito satisfat\u00f3rio, me d\u00e1 muito orgulho!&#8221;, disse.<\/p>\n\n\n\n<p>At\u00e9 o momento, todas as ruas beneficiadas pelas obras de infraestrutura j\u00e1 receberam a instala\u00e7\u00e3o de manilhas de drenagem. Al\u00e9m disso, 60 vias j\u00e1 receberam meio-fio e 32 foram asfaltadas. Est\u00e3o sendo investidos R$ 253 milh\u00f5es. Diariamente, mais de 100 funcion\u00e1rios atuam nas obras que ir\u00e3o transformar a vida de mais de 20 mil pessoas.<\/p>\n\n\n\n<p>&#8220;\u00c9 muito bom ver tantas vidas sendo transformadas com as interven\u00e7\u00f5es! Aqui no Bom Retiro, muitas pessoas reclamavam da lama que se formava aqui quando chovia. Hoje, estamos resolvendo isso com as obras! Sessenta e cinco vias ser\u00e3o transformadas com as interven\u00e7\u00f5es e eu s\u00f3 posso agradecer ao governador Cl\u00e1udio Castro, ao secret\u00e1rio de Estado das Cidades, Douglas Ruas, e ao deputado federal Altineu C\u00f4rtes por todo apoio&#8221;, disse o prefeito Capit\u00e3o Nelson.<\/p>\n\n\n\n<p>\u201cO projeto no bairro Bom Retiro, uma parceria do governador Claudio Castro com o prefeito Capit\u00e3o Nelson, contempla 65 ruas que receber\u00e3o os servi\u00e7os de drenagem, cal\u00e7amento e pavimenta\u00e7\u00e3o, gerando mais dignidade e mobilidade aos moradores da localidade\u201d, afirmou o secret\u00e1rio das Cidades, Douglas Ruas.<\/p>\n\n\n\n<p>Juntamente com a obra, a concession\u00e1ria \u00c1guas do Rio instalou redes de \u00e1gua e de esgoto no bairro.<\/p>\n\n\n\n<p><em>Fotos: Julio Diniz<\/em><\/p>\n\n\n\n<p><em><strong>S\u00e3o Gon\u00e7alo vai mudar: Not\u00edcias de S\u00e3o Gon\u00e7alo e toda regi\u00e3o.<\/strong><\/em><\/p>\n\n\n\n<figure class=\"wp-block-image size-large\"><img decoding=\"async\" width=\"1024\" height=\"46\" src=\"https:\/\/sgvaimudar.com.br\/wp-content\/uploads\/2023\/08\/Anuncie-Aqui-Sao-Goncalo-vai-mudar-1024x46.png\" alt=\"\" class=\"wp-image-2740\" srcset=\"https:\/\/sgvaimudar.com.br\/wp-content\/uploads\/2023\/08\/Anuncie-Aqui-Sao-Goncalo-vai-mudar-1024x46.png 1024w, https:\/\/sgvaimudar.com.br\/wp-content\/uploads\/2023\/08\/Anuncie-Aqui-Sao-Goncalo-vai-mudar-300x13.png 300w, https:\/\/sgvaimudar.com.br\/wp-content\/uploads\/2023\/08\/Anuncie-Aqui-Sao-Goncalo-vai-mudar-768x35.png 768w, https:\/\/sgvaimudar.com.br\/wp-content\/uploads\/2023\/08\/Anuncie-Aqui-Sao-Goncalo-vai-mudar-1536x69.png 1536w, https:\/\/sgvaimudar.com.br\/wp-content\/uploads\/2023\/08\/Anuncie-Aqui-Sao-Goncalo-vai-mudar.png 2002w\" sizes=\"(max-width: 1024px) 100vw, 1024px\" \/><\/figure>\n","protected":false},"excerpt":{"rendered":"<p>Sessenta e cinco ruas do bairro est\u00e3o sendo transformadas pelas interven\u00e7\u00f5es As obras do bairro Jardim Bom Retiro, o segundo&hellip;<\/p>\n","protected":false},"author":5,"featured_media":32132,"comment_status":"closed","ping_status":"open","sticky":false,"template":"","format":"standard","meta":{"fifu_image_url":"https:\/\/sgvaimudar.com.br\/wp-content\/uploads\/2025\/10\/unnamed-51.jpg","fifu_image_alt":"","footnotes":""},"categories":[3],"tags":[47,75],"class_list":["post-32128","post","type-post","status-publish","format-standard","has-post-thumbnail","hentry","category-sao-goncalo","tag-rj","tag-sao-goncalo"],"_links":{"self":[{"href":"https:\/\/sgvaimudar.com.br\/index.php\/wp-json\/wp\/v2\/posts\/32128","targetHints":{"allow":["GET"]}}],"collection":[{"href":"https:\/\/sgvaimudar.com.br\/index.php\/wp-json\/wp\/v2\/posts"}],"about":[{"href":"https:\/\/sgvaimudar.com.br\/index.php\/wp-json\/wp\/v2\/types\/post"}],"author":[{"embeddable":true,"href":"https:\/\/sgvaimudar.com.br\/index.php\/wp-json\/wp\/v2\/users\/5"}],"replies":[{"embeddable":true,"href":"https:\/\/sgvaimudar.com.br\/index.php\/wp-json\/wp\/v2\/comments?post=32128"}],"version-history":[{"count":1,"href":"https:\/\/sgvaimudar.com.br\/index.php\/wp-json\/wp\/v2\/posts\/32128\/revisions"}],"predecessor-version":[{"id":32131,"href":"https:\/\/sgvaimudar.com.br\/index.php\/wp-json\/wp\/v2\/posts\/32128\/revisions\/32131"}],"wp:featuredmedia":[{"embeddable":true,"href":"https:\/\/sgvaimudar.com.br\/index.php\/wp-json\/wp\/v2\/media\/32132"}],"wp:attachment":[{"href":"https:\/\/sgvaimudar.com.br\/index.php\/wp-json\/wp\/v2\/media?parent=32128"}],"wp:term":[{"taxonomy":"category","embeddable":true,"href":"https:\/\/sgvaimudar.com.br\/index.php\/wp-json\/wp\/v2\/categories?post=32128"},{"taxonomy":"post_tag","embeddable":true,"href":"https:\/\/sgvaimudar.com.br\/index.php\/wp-json\/wp\/v2\/tags?post=32128"}],"curies":[{"name":"wp","href":"https:\/\/api.w.org\/{rel}","templated":true}]}}