{"id":32118,"date":"2025-10-22T09:00:00","date_gmt":"2025-10-22T12:00:00","guid":{"rendered":"https:\/\/sgvaimudar.com.br\/?p=32118"},"modified":"2025-10-22T07:46:43","modified_gmt":"2025-10-22T10:46:43","slug":"secretaria-municipal-de-educacao-promove-capacitacao-para-profissionais-de-transporte-escolar","status":"publish","type":"post","link":"https:\/\/sgvaimudar.com.br\/index.php\/2025\/10\/22\/secretaria-municipal-de-educacao-promove-capacitacao-para-profissionais-de-transporte-escolar\/","title":{"rendered":"Secretaria Municipal de Educa\u00e7\u00e3o promove capacita\u00e7\u00e3o para profissionais de transporte escolar"},"content":{"rendered":"\n<p><em>Motoristas e monitores participaram da atividade na Secretaria de Educa\u00e7\u00e3o<\/em><\/p>\n\n\n\n<p>A Secretaria de Educa\u00e7\u00e3o da Prefeitura de S\u00e3o Gon\u00e7alo promoveu, em seu audit\u00f3rio, nesta ter\u00e7a-feira (21), a forma\u00e7\u00e3o \u201cDe casa ao p\u00e1tio escolar: em tr\u00e2nsito, tudo \u00e9 educar\u201d para monitores e motoristas do transporte escolar, ministrada pelo professor Marcio Ramos. O evento teve o objetivo de enfatizar a import\u00e2ncia do trabalho realizado e do olhar do profissional para as quest\u00f5es do dia a dia.<\/p>\n\n\n\n<p>\u201c\u00c9 necess\u00e1rio fazer esse acolhimento com os motoristas e monitores, refor\u00e7ando que o transporte \u00e9 uma extens\u00e3o da escola. Os motoristas e monitores tamb\u00e9m representam a institui\u00e7\u00e3o. \u00c9 muito importante que eles tenham empatia, paci\u00eancia e respeito pelos alunos no transporte e estejam sempre atentos\u201d, afirmou o secret\u00e1rio de Educa\u00e7\u00e3o, Mauricio Nascimento.<\/p>\n\n\n\n<figure class=\"wp-block-image size-full\"><img fetchpriority=\"high\" decoding=\"async\" width=\"1024\" height=\"681\" src=\"https:\/\/sgvaimudar.com.br\/wp-content\/uploads\/2025\/10\/unnamed-50.jpg\" alt=\"\" class=\"wp-image-32122\" srcset=\"https:\/\/sgvaimudar.com.br\/wp-content\/uploads\/2025\/10\/unnamed-50.jpg 1024w, https:\/\/sgvaimudar.com.br\/wp-content\/uploads\/2025\/10\/unnamed-50-300x200.jpg 300w, https:\/\/sgvaimudar.com.br\/wp-content\/uploads\/2025\/10\/unnamed-50-768x511.jpg 768w\" sizes=\"(max-width: 1024px) 100vw, 1024px\" \/><\/figure>\n\n\n\n<p>Durante a forma\u00e7\u00e3o, foram abordadas situa\u00e7\u00f5es cotidianas vivenciadas no transporte escolar, como o comportamento dos alunos, a import\u00e2ncia da comunica\u00e7\u00e3o entre equipe e escola, al\u00e9m de estrat\u00e9gias para garantir um ambiente seguro e acolhedor durante o trajeto. O motorista Adalto Luiz Pereira aprovou a iniciativa.<\/p>\n\n\n\n<p>\u201cEu sou motorista da rota da Escola Estadual Municipalizada Itaitindiba h\u00e1 4 anos e \u00e9 muito importante que tenham eventos como esse para que a gente preste mais aten\u00e7\u00e3o nas crian\u00e7as e no dia a dia. Eu sempre reparo se os alunos est\u00e3o bem, se est\u00e3o tristes, e passo para as professoras para que elas possam entender melhor. Nosso papel \u00e9 zelar pelo bem-estar dos alunos\u201d, disse.<\/p>\n\n\n\n<p><em>Foto: Julio Diniz<\/em><\/p>\n\n\n\n<p><em><strong>S\u00e3o Gon\u00e7alo vai mudar: Not\u00edcias de S\u00e3o Gon\u00e7alo e toda regi\u00e3o.<\/strong><\/em><\/p>\n\n\n\n<figure class=\"wp-block-image size-large\"><img decoding=\"async\" width=\"1024\" height=\"46\" src=\"https:\/\/sgvaimudar.com.br\/wp-content\/uploads\/2023\/08\/Anuncie-Aqui-Sao-Goncalo-vai-mudar-1024x46.png\" alt=\"\" class=\"wp-image-2740\" srcset=\"https:\/\/sgvaimudar.com.br\/wp-content\/uploads\/2023\/08\/Anuncie-Aqui-Sao-Goncalo-vai-mudar-1024x46.png 1024w, https:\/\/sgvaimudar.com.br\/wp-content\/uploads\/2023\/08\/Anuncie-Aqui-Sao-Goncalo-vai-mudar-300x13.png 300w, https:\/\/sgvaimudar.com.br\/wp-content\/uploads\/2023\/08\/Anuncie-Aqui-Sao-Goncalo-vai-mudar-768x35.png 768w, https:\/\/sgvaimudar.com.br\/wp-content\/uploads\/2023\/08\/Anuncie-Aqui-Sao-Goncalo-vai-mudar-1536x69.png 1536w, https:\/\/sgvaimudar.com.br\/wp-content\/uploads\/2023\/08\/Anuncie-Aqui-Sao-Goncalo-vai-mudar.png 2002w\" sizes=\"(max-width: 1024px) 100vw, 1024px\" \/><\/figure>\n","protected":false},"excerpt":{"rendered":"<p>Motoristas e monitores participaram da atividade na Secretaria de Educa\u00e7\u00e3o A Secretaria de Educa\u00e7\u00e3o da Prefeitura de S\u00e3o Gon\u00e7alo promoveu,&hellip;<\/p>\n","protected":false},"author":5,"featured_media":32121,"comment_status":"closed","ping_status":"open","sticky":false,"template":"","format":"standard","meta":{"fifu_image_url":"https:\/\/sgvaimudar.com.br\/wp-content\/uploads\/2025\/10\/unnamed-49.jpg","fifu_image_alt":"","footnotes":""},"categories":[3],"tags":[47,75],"class_list":["post-32118","post","type-post","status-publish","format-standard","has-post-thumbnail","hentry","category-sao-goncalo","tag-rj","tag-sao-goncalo"],"_links":{"self":[{"href":"https:\/\/sgvaimudar.com.br\/index.php\/wp-json\/wp\/v2\/posts\/32118","targetHints":{"allow":["GET"]}}],"collection":[{"href":"https:\/\/sgvaimudar.com.br\/index.php\/wp-json\/wp\/v2\/posts"}],"about":[{"href":"https:\/\/sgvaimudar.com.br\/index.php\/wp-json\/wp\/v2\/types\/post"}],"author":[{"embeddable":true,"href":"https:\/\/sgvaimudar.com.br\/index.php\/wp-json\/wp\/v2\/users\/5"}],"replies":[{"embeddable":true,"href":"https:\/\/sgvaimudar.com.br\/index.php\/wp-json\/wp\/v2\/comments?post=32118"}],"version-history":[{"count":2,"href":"https:\/\/sgvaimudar.com.br\/index.php\/wp-json\/wp\/v2\/posts\/32118\/revisions"}],"predecessor-version":[{"id":32123,"href":"https:\/\/sgvaimudar.com.br\/index.php\/wp-json\/wp\/v2\/posts\/32118\/revisions\/32123"}],"wp:featuredmedia":[{"embeddable":true,"href":"https:\/\/sgvaimudar.com.br\/index.php\/wp-json\/wp\/v2\/media\/32121"}],"wp:attachment":[{"href":"https:\/\/sgvaimudar.com.br\/index.php\/wp-json\/wp\/v2\/media?parent=32118"}],"wp:term":[{"taxonomy":"category","embeddable":true,"href":"https:\/\/sgvaimudar.com.br\/index.php\/wp-json\/wp\/v2\/categories?post=32118"},{"taxonomy":"post_tag","embeddable":true,"href":"https:\/\/sgvaimudar.com.br\/index.php\/wp-json\/wp\/v2\/tags?post=32118"}],"curies":[{"name":"wp","href":"https:\/\/api.w.org\/{rel}","templated":true}]}}