{"id":32108,"date":"2025-10-22T07:12:57","date_gmt":"2025-10-22T10:12:57","guid":{"rendered":"https:\/\/sgvaimudar.com.br\/?p=32108"},"modified":"2025-11-01T08:32:04","modified_gmt":"2025-11-01T11:32:04","slug":"prefeitura-de-sao-goncalo-mantem-campanha-de-vacinacao-nas-unidades-de-saude","status":"publish","type":"post","link":"https:\/\/sgvaimudar.com.br\/index.php\/2025\/10\/22\/prefeitura-de-sao-goncalo-mantem-campanha-de-vacinacao-nas-unidades-de-saude\/","title":{"rendered":"Prefeitura de S\u00e3o Gon\u00e7alo mant\u00e9m campanha de vacina\u00e7\u00e3o nas unidades de sa\u00fade"},"content":{"rendered":"\n<p><em>Dia D, no \u00faltimo s\u00e1bado, imunizou mais de 10.600 crian\u00e7as e adolescentes<\/em><\/p>\n\n\n\n<p>O Dia D de Multivacina\u00e7\u00e3o em S\u00e3o Gon\u00e7alo, que aconteceu no \u00faltimo s\u00e1bado (18), vacinou 10.653 gon\u00e7alenses de 0 a 19 anos, 11 meses e 29 dias. A Secretaria de Sa\u00fade da Prefeitura de S\u00e3o Gon\u00e7alo continua com a oferta das vacinas em 59 unidades de sa\u00fade para todas as idades.<\/p>\n\n\n\n<p>O Dia D de Multivacina\u00e7\u00e3o teve como objetivo ampliar a cobertura vacinal no munic\u00edpio e garantir a atualiza\u00e7\u00e3o da caderneta de vacina\u00e7\u00e3o de crian\u00e7as e adolescentes. A mobiliza\u00e7\u00e3o, no entanto, continua para que as metas estabelecidas pelo Minist\u00e9rio da Sa\u00fade sejam alcan\u00e7adas. Para a maioria das vacinas, o ideal \u00e9 chegar aos 90% do p\u00fablico-alvo.&nbsp;<\/p>\n\n\n\n<p>\u201cO resultado superou as nossas expectativas. A vacina\u00e7\u00e3o \u00e9 um momento de cuidar da sa\u00fade coletiva e individual, evitando que doen\u00e7as j\u00e1 controladas voltem a circular. O resultado demonstra o engajamento das nossas equipes, mas tamb\u00e9m da popula\u00e7\u00e3o neste dia. Mas ainda estamos com as portas abertas para receber quem ainda n\u00e3o se vacinou\u201d, afirmou a coordenadora de Imuniza\u00e7\u00e3o, Ingrid Perni.&nbsp;<\/p>\n\n\n\n<p>Mesmo ap\u00f3s o Dia D, a vacina\u00e7\u00e3o segue dispon\u00edvel nas unidades de sa\u00fade do munic\u00edpio para todos que ainda precisam atualizar a caderneta. A maioria das unidades funciona de segunda a sexta, das 8h \u00e0s 17h. As cl\u00ednicas municipais Gon\u00e7alense do Mutondo e da Fam\u00edlia Dr. Zerbini, no Arsenal, abrem durante a semana, das 8h \u00e0s 21h; e aos s\u00e1bados, das 8h \u00e0s 12h, exceto feriados. Os gon\u00e7alenses devem chegar 30 minutos antes do fim do expediente.&nbsp;&nbsp;<\/p>\n\n\n\n<p><strong>S\u00edfilis<\/strong>&nbsp;\u2013 O s\u00e1bado tamb\u00e9m foi Dia Nacional de Combate \u00e0 S\u00edfilis e \u00e0 S\u00edfilis Cong\u00eanita. Ao todo, 417 testes foram realizados. Destes, nove pessoas testaram positivo para s\u00edfilis e foram encaminhadas para tratamento. A data serve para enfatizar a import\u00e2ncia do diagn\u00f3stico e do tratamento adequado da s\u00edfilis na gestante durante o pr\u00e9-natal e da s\u00edfilis em ambos os sexos, j\u00e1 que \u00e9 uma Infec\u00e7\u00e3o Sexualmente Transmiss\u00edvel (IST). O teste tamb\u00e9m continua dispon\u00edvel na Policl\u00ednica Gon\u00e7alense de Refer\u00eancia para Doen\u00e7as Cr\u00f4nicas e Transmiss\u00edveis, na Parada 40, e em todas as unidades da rede b\u00e1sica de sa\u00fade, com exce\u00e7\u00e3o da USF Neves.&nbsp;<\/p>\n\n\n\n<p><strong>\u00cdndices de vacina\u00e7\u00e3o em S\u00e3o Gon\u00e7alo em 2025&nbsp;&nbsp;&nbsp;&nbsp;<\/strong><\/p>\n\n\n\n<p>BCG \u2013 89,63%<\/p>\n\n\n\n<p>Hepatite B em crian\u00e7as at\u00e9 30 dias \u2013 70,90%<\/p>\n\n\n\n<p>Rotav\u00edrus Humano \u2013 66,51%<\/p>\n\n\n\n<p>Tr\u00edplice bacteriana \u2013 60,49%<\/p>\n\n\n\n<p>Tr\u00edplice bacteriana (DTP \u2013 1\u00aa ref) \u2013 64,57%<\/p>\n\n\n\n<p>Poliomielite (1\u00aa ref) \u2013 61,12%<\/p>\n\n\n\n<p>Tr\u00edplice viral D1 \u2013 81%<\/p>\n\n\n\n<p>Tr\u00edplice viral D2 \u2013 58,02%<\/p>\n\n\n\n<p>Febre Amarela 49,70%<\/p>\n\n\n\n<p>Hepatite A \u2013 59,92%<\/p>\n\n\n\n<p>Pneumoc\u00f3cica 10 \u2013 69,81%<\/p>\n\n\n\n<p>Pneumoc\u00f3cica 10 (1\u00ba ref) \u2013 70,92%<\/p>\n\n\n\n<p>Meningococo C \u2013 64,73%<\/p>\n\n\n\n<p>Meningococo C (1\u00ba ref) \u2013 70,92%<\/p>\n\n\n\n<p>Hepatite B \u2013 60,49%<\/p>\n\n\n\n<p>Pentavalente \u2013 60,49%<\/p>\n\n\n\n<p>Poliomielite \u2013 61,18%<\/p>\n\n\n\n<p>DTPA gestante \u2013 62,87%<\/p>\n\n\n\n<p>Varicela \u2013 56,83%&nbsp;&nbsp;&nbsp;&nbsp;<\/p>\n\n\n\n<p>Covid \u2013 0,81%<\/p>\n\n\n\n<p><strong>Locais de vacina\u00e7\u00e3o<\/strong><\/p>\n\n\n\n<p>1 \u2013 Polo Sanit\u00e1rio Paulo Marques Rangel, Porto do Rosa&nbsp;<\/p>\n\n\n\n<p>2 \u2013 USF Jardim Catarina I&nbsp;<\/p>\n\n\n\n<p>3 \u2013 USF Jos\u00e9 Avelino de Souza, Tribob\u00f3&nbsp;<\/p>\n\n\n\n<p>4 \u2013 USF Agenor Jos\u00e9 da Silva, Jardim Catarina&nbsp;<\/p>\n\n\n\n<p>5 \u2013 USF Louis Pasteur, Guaxindiba&nbsp;<\/p>\n\n\n\n<p>6 \u2013 Cl\u00ednica Gon\u00e7alense do Barro Vermelho&nbsp;<\/p>\n\n\n\n<p>7 \u2013 PAM Coelho&nbsp;<\/p>\n\n\n\n<p>8 \u2013 Polo Sanit\u00e1rio Washington Luiz Lopes, Z\u00e9 Garoto&nbsp;<\/p>\n\n\n\n<p>9 \u2013 USF David Capistrano, Ita\u00fana&nbsp;<\/p>\n\n\n\n<p>10 \u2013 USF Barbosa Lima Sobrinho, Boa Vista&nbsp;<\/p>\n\n\n\n<p>11 \u2013 Cl\u00ednica Municipal Gon\u00e7alense do Mutondo&nbsp;<\/p>\n\n\n\n<p>12 \u2013 USF Jos\u00e9 Bruno Neto, Boa Vista&nbsp;<\/p>\n\n\n\n<p>13 \u2013 USF Floren\u00e7a Pereira, Largo da Ideia&nbsp;<\/p>\n\n\n\n<p>14 \u2013 Polo Sanit\u00e1rio H\u00e9lio Cruz, Alc\u00e2ntara&nbsp;<\/p>\n\n\n\n<p>15 \u2013 USF Jos\u00e9 Jorge Cortes Freitas, Itaitindiba&nbsp;<\/p>\n\n\n\n<p>16 \u2013 Polo Sanit\u00e1rio Augusto Sena, Rio do Ouro&nbsp;<\/p>\n\n\n\n<p>17 \u2013 USF Anaia&nbsp;<\/p>\n\n\n\n<p>18 \u2013 USF Ana Nery, Gradim&nbsp;<\/p>\n\n\n\n<p>19 \u2013 Polo Sanit\u00e1rio Jorge Teixeira de Lima, Jardim Catarina&nbsp;<\/p>\n\n\n\n<p>20 \u2013 USF Mahatma Gandhi, Jardim Calif\u00f3rnia&nbsp;<\/p>\n\n\n\n<p>21 \u2013 USF Manoel De Abreu, Ipi\u00edba&nbsp;<\/p>\n\n\n\n<p>22 \u2013 USF Altair da Silva, Mutu\u00e1&nbsp;<\/p>\n\n\n\n<p>23 \u2013 USF Madre Teresa de Calcut\u00e1, Estrela do Norte&nbsp;<\/p>\n\n\n\n<p>24 \u2013 USF Juvenil Francisco Ribeiro, Engenho Pequeno&nbsp;<\/p>\n\n\n\n<p>25 \u2013 USF Fl\u00e1vio Henrique de Brito, J\u00f3quei&nbsp;<\/p>\n\n\n\n<p>26 \u2013 USF Irm\u00e3 Dulce, Trindade&nbsp;<\/p>\n\n\n\n<p>27 \u2013 USF Luiz Paulo Guimar\u00e3es, Laranjal&nbsp;<\/p>\n\n\n\n<p>28 \u2013 USF Em\u00edlio Ribas, Barrac\u00e3o&nbsp;<\/p>\n\n\n\n<p>29 \u2013 USF Elza Borges, Santa Luzia&nbsp;<\/p>\n\n\n\n<p>30 \u2013 PAM Neves&nbsp;<\/p>\n\n\n\n<p>31 \u2013 USF Ary Teixeira, Jardim Bom Retiro&nbsp;<\/p>\n\n\n\n<p>32 \u2013 USF Luiz Carlos Prestes, Santa Catarina&nbsp;<\/p>\n\n\n\n<p>33 \u2013 USF Neuza Goulart, Salgueiro&nbsp;<\/p>\n\n\n\n<p>34 \u2013 USF Haroldo Pereira Nunes, Porto Novo&nbsp;<\/p>\n\n\n\n<p>35 \u2013 Cl\u00ednica Municipal da Fam\u00edlia Dr. Zerbini, Arsenal&nbsp;<\/p>\n\n\n\n<p>36 \u2013 USF Alexander Fleming, Boa\u00e7u&nbsp;<\/p>\n\n\n\n<p>37 \u2013 USF Bandeirantes&nbsp;<\/p>\n\n\n\n<p>38 \u2013 USF Tancredo Neves, Luiz Ca\u00e7ador&nbsp;<\/p>\n\n\n\n<p>39 \u2013 USF Geremias de Mattos Fontes, Jardim Bom Retiro&nbsp;<\/p>\n\n\n\n<p>40 \u2013 USF Quinta Dom Ricardo&nbsp;<\/p>\n\n\n\n<p>41 \u2013 USF Santa Luzia&nbsp;<\/p>\n\n\n\n<p>42 \u2013 USF Hiparco Ferreira, Engenho do Ro\u00e7ado&nbsp;<\/p>\n\n\n\n<p>43 \u2013 USF Almerinda&nbsp;<\/p>\n\n\n\n<p>44 \u2013 USF Lu\u00edsa de Marilac, Novo M\u00e9xico&nbsp;<\/p>\n\n\n\n<p>45 \u2013 Cl\u00ednica Municipal Gon\u00e7alense do Coluband\u00ea&nbsp;<\/p>\n\n\n\n<p>46 \u2013 USF Presidente Get\u00falio Vargas, Boa Vista&nbsp;<\/p>\n\n\n\n<p>47 \u2013 USF Dr. Robert Koch, Porto da Madama&nbsp;<\/p>\n\n\n\n<p>48 \u2013 USF Doutel de Andrade, Maria Paula&nbsp;<\/p>\n\n\n\n<p>49 \u2013 USF Roberto Silveira, Vista Alegre&nbsp;<\/p>\n\n\n\n<p>50 \u2013 USF \u00c1gua Mineral&nbsp;<\/p>\n\n\n\n<p>51 \u2013 USF Adolfo Lutz, Amendoeira&nbsp;<\/p>\n\n\n\n<p>52 \u2013 USF Port\u00e3o do Rosa&nbsp;<\/p>\n\n\n\n<p>53 \u2013 USF An\u00edbal Porto, Monjolos&nbsp;<\/p>\n\n\n\n<p>54 \u2013 USF Albert Sabin, Fazenda dos Mineiros&nbsp;<\/p>\n\n\n\n<p>55 \u2013 USF Floriano Barbosa, Jardim Catarina&nbsp;<\/p>\n\n\n\n<p>56 \u2013 USF Juarez Antunes, Laranjal&nbsp;<\/p>\n\n\n\n<p>57\u2013 USF Victor Chimelly, Paiva&nbsp;<\/p>\n\n\n\n<p>58 \u2013 USF Jardel do Amaral, Venda da Cruz&nbsp;<\/p>\n\n\n\n<p>59 \u2013 USF Armando Le\u00e3o, Morro do Castro&nbsp;<\/p>\n\n\n\n<p><em>Foto: Julio Diniz<\/em><\/p>\n\n\n\n<p><em><strong>S\u00e3o Gon\u00e7alo vai mudar: Not\u00edcias de S\u00e3o Gon\u00e7alo e toda regi\u00e3o.<\/strong><\/em><\/p>\n\n\n\n<figure class=\"wp-block-image size-large\"><img decoding=\"async\" width=\"1024\" height=\"46\" src=\"https:\/\/sgvaimudar.com.br\/wp-content\/uploads\/2023\/08\/Anuncie-Aqui-Sao-Goncalo-vai-mudar-1024x46.png\" alt=\"\" class=\"wp-image-2740\" srcset=\"https:\/\/sgvaimudar.com.br\/wp-content\/uploads\/2023\/08\/Anuncie-Aqui-Sao-Goncalo-vai-mudar-1024x46.png 1024w, https:\/\/sgvaimudar.com.br\/wp-content\/uploads\/2023\/08\/Anuncie-Aqui-Sao-Goncalo-vai-mudar-300x13.png 300w, https:\/\/sgvaimudar.com.br\/wp-content\/uploads\/2023\/08\/Anuncie-Aqui-Sao-Goncalo-vai-mudar-768x35.png 768w, https:\/\/sgvaimudar.com.br\/wp-content\/uploads\/2023\/08\/Anuncie-Aqui-Sao-Goncalo-vai-mudar-1536x69.png 1536w, https:\/\/sgvaimudar.com.br\/wp-content\/uploads\/2023\/08\/Anuncie-Aqui-Sao-Goncalo-vai-mudar.png 2002w\" sizes=\"(max-width: 1024px) 100vw, 1024px\" \/><\/figure>\n","protected":false},"excerpt":{"rendered":"<p>Dia D, no \u00faltimo s\u00e1bado, imunizou mais de 10.600 crian\u00e7as e adolescentes O Dia D de Multivacina\u00e7\u00e3o em S\u00e3o Gon\u00e7alo,&hellip;<\/p>\n","protected":false},"author":5,"featured_media":32111,"comment_status":"closed","ping_status":"open","sticky":false,"template":"","format":"standard","meta":{"fifu_image_url":"https:\/\/sgvaimudar.com.br\/wp-content\/uploads\/2025\/10\/unnamed-48.jpg","fifu_image_alt":"","footnotes":""},"categories":[7],"tags":[47,75],"class_list":["post-32108","post","type-post","status-publish","format-standard","has-post-thumbnail","hentry","category-saude","tag-rj","tag-sao-goncalo"],"_links":{"self":[{"href":"https:\/\/sgvaimudar.com.br\/index.php\/wp-json\/wp\/v2\/posts\/32108","targetHints":{"allow":["GET"]}}],"collection":[{"href":"https:\/\/sgvaimudar.com.br\/index.php\/wp-json\/wp\/v2\/posts"}],"about":[{"href":"https:\/\/sgvaimudar.com.br\/index.php\/wp-json\/wp\/v2\/types\/post"}],"author":[{"embeddable":true,"href":"https:\/\/sgvaimudar.com.br\/index.php\/wp-json\/wp\/v2\/users\/5"}],"replies":[{"embeddable":true,"href":"https:\/\/sgvaimudar.com.br\/index.php\/wp-json\/wp\/v2\/comments?post=32108"}],"version-history":[{"count":1,"href":"https:\/\/sgvaimudar.com.br\/index.php\/wp-json\/wp\/v2\/posts\/32108\/revisions"}],"predecessor-version":[{"id":32110,"href":"https:\/\/sgvaimudar.com.br\/index.php\/wp-json\/wp\/v2\/posts\/32108\/revisions\/32110"}],"wp:featuredmedia":[{"embeddable":true,"href":"https:\/\/sgvaimudar.com.br\/index.php\/wp-json\/wp\/v2\/media\/32111"}],"wp:attachment":[{"href":"https:\/\/sgvaimudar.com.br\/index.php\/wp-json\/wp\/v2\/media?parent=32108"}],"wp:term":[{"taxonomy":"category","embeddable":true,"href":"https:\/\/sgvaimudar.com.br\/index.php\/wp-json\/wp\/v2\/categories?post=32108"},{"taxonomy":"post_tag","embeddable":true,"href":"https:\/\/sgvaimudar.com.br\/index.php\/wp-json\/wp\/v2\/tags?post=32108"}],"curies":[{"name":"wp","href":"https:\/\/api.w.org\/{rel}","templated":true}]}}