{"id":32087,"date":"2025-10-22T15:00:00","date_gmt":"2025-10-22T18:00:00","guid":{"rendered":"https:\/\/sgvaimudar.com.br\/?p=32087"},"modified":"2025-10-27T06:48:18","modified_gmt":"2025-10-27T09:48:18","slug":"jogador-de-sao-goncalo-cria-do-cot-brilha-no-futebol-acreano-fase-excepcional","status":"publish","type":"post","link":"https:\/\/sgvaimudar.com.br\/index.php\/2025\/10\/22\/jogador-de-sao-goncalo-cria-do-cot-brilha-no-futebol-acreano-fase-excepcional\/","title":{"rendered":"Jogador de S\u00e3o Gon\u00e7alo, cria do Cot, brilha no futebol acreano: &#8216;Fase excepcional&#8217;"},"content":{"rendered":"\n<p><em>David Nogueira foi pe\u00e7a decisiva nas finais que classificaram o sub-17 do Rio Branco<\/em><\/p>\n\n\n\n<p><em>Por Wellington Serrano Gomes<\/em><\/p>\n\n\n\n<p>Ele saiu do Campo do Porto Novo, em S\u00e3o Gon\u00e7alo, teve experi\u00eancia no Centro de Oportunidades de Talento (COT) do ex-jogador Clayton Grilo, e agora brilha no Rio Branco AC, tradicional time de Rio Branco, no Acre, que subiu para a terceira coloca\u00e7\u00e3o na classifica\u00e7\u00e3o do Campeonato Acreano Sub-17. <\/p>\n\n\n\n<p>O atacante David Nogueira, de 16 anos, \u00e9 um dos refor\u00e7os da temporada e tem sido pe\u00e7a importante na boa campanha do time, que figura entre os primeiros colocados da tabela.&nbsp;H\u00e1 uma semana jogando no Acre, ele foi decisivo no campeonato.<\/p>\n\n\n\n<p>Com gols importantes o gon\u00e7alense estreou com o p\u00e9 direito e j\u00e1 conquistou espa\u00e7o dentro e fora de campo. Tanto que se destacou na goleada de 4 a 1 do Rio Branco sobre o Sena Madureira, no Est\u00e1dio Florestinha, na capital do Acre, pela 11\u00aa e \u00faltima rodada da primeira fase do Campeonato Acreano Sub-17 e garantiu a ida do time para a terceira coloca\u00e7\u00e3o na classifica\u00e7\u00e3o.<\/p>\n\n\n\n<figure class=\"wp-block-video\"><video height=\"828\" style=\"aspect-ratio: 716 \/ 828;\" width=\"716\" controls src=\"https:\/\/sgvaimudar.com.br\/wp-content\/uploads\/2025\/10\/apenas-relaxa-e-veja-uns-dos-gols-de-DVD-na-partida-de-hoje-\u2b50\ufe0f-\ud83d\udcf8-@gilson_photografy-\u26bd\ufe0f-@d.n.mp4\"><\/video><\/figure>\n\n\n\n<p>Entre um treino e outro, David Nogueira falou ao&nbsp;<strong>S\u00e3o Gon\u00e7alo Vai Mudar<\/strong> sobre a emo\u00e7\u00e3o de ver sua hist\u00f3ria fazendo parte do Estrel\u00e3o.<\/p>\n\n\n\n<p>&#8220;Estou vivendo uma fase excepcional. Na hora do gol senti um mont\u00e3o de sentimentos e sensa\u00e7\u00f5es inexplic\u00e1veis. Saber que de alguma forma estou sendo exemplo para a comunidade de onde eu sa\u00ed, e n\u00e3o ter d\u00favidas que servi de inspira\u00e7\u00e3o para os que est\u00e3o iniciando, para mim \u00e9 o mais importante. Se consegui, eles tamb\u00e9m conseguem&#8221;, disse David.<\/p>\n\n\n\n<figure class=\"wp-block-image size-large\"><img fetchpriority=\"high\" decoding=\"async\" width=\"768\" height=\"1024\" src=\"https:\/\/sgvaimudar.com.br\/wp-content\/uploads\/2025\/10\/WhatsApp-Image-2025-10-17-at-12.13.49-768x1024.jpeg\" alt=\"\" class=\"wp-image-32088\" srcset=\"https:\/\/sgvaimudar.com.br\/wp-content\/uploads\/2025\/10\/WhatsApp-Image-2025-10-17-at-12.13.49-768x1024.jpeg 768w, https:\/\/sgvaimudar.com.br\/wp-content\/uploads\/2025\/10\/WhatsApp-Image-2025-10-17-at-12.13.49-225x300.jpeg 225w, https:\/\/sgvaimudar.com.br\/wp-content\/uploads\/2025\/10\/WhatsApp-Image-2025-10-17-at-12.13.49.jpeg 960w\" sizes=\"(max-width: 768px) 100vw, 768px\" \/><\/figure>\n\n\n\n<p>Para Clayton Grilo, o atleta se adaptou muito bem gerando resultado logo no in\u00edcio de sua atua\u00e7\u00e3o. &#8220;Representa uma vit\u00f3ria de quem saiu de uma realidade dif\u00edcil e venceu com muita dedica\u00e7\u00e3o e trabalho&#8221;, disse Grilo.<\/p>\n\n\n\n<p>David disse que se adaptou r\u00e1pido ao fuso hor\u00e1rio que, no Acre, s\u00e3o duas horas antes do hor\u00e1rio de Bras\u00edlia. &#8220;Tive que me adaptar n\u00e9. Sou ponta direita (igual ao Clayton), meu estilo de jogo \u00e9 as arrancadas, pedalada, el\u00e1stico, fazer gol, meu apelido \u00e9 <strong><em>Dvd <\/em><\/strong>que todo mundo conhece e queria mostrar meu jogo logo&#8221;, disse o atleta.<\/p>\n\n\n\n<p>Sobre como \u00e9 fazer parte da base do Estrel\u00e3o, David disse que chegou agora, mas quer logo fazer a diferen\u00e7a. &#8220;J\u00e1 tinha um amigo meu aqui o Brian que me ajudou muito na adapta\u00e7\u00e3o. A\u00ed foi mais f\u00e1cil de conhecer todo mundo aqui, exemplo foi o Luiz que apelido dele \u00e9 <strong><em>Paulista<\/em><\/strong> procuro ter uma amizade maneira com todo o time que virou minhafam\u00edlia, mais os dois s\u00e3o os mais pr\u00f3ximos que me ajudam muito na hora do vamos ver&#8221;, afirmou David.<\/p>\n\n\n\n<p>David disse que \u00e9 muito bom ser treinado pelo <strong><em>Pantera<\/em><\/strong>: &#8220;Um paiz\u00e3o para todo mundo, cheguei aqui e ele logo me acolheu e j\u00e1 me botou para jogar, acabando de embarcar de viajem confiou em mim, e s\u00f3 quero mostrar cada vez mais meu futebol para ele. N\u00f3s temos uma amizade maneira e vamos conquistar o t\u00edtulo junto aqui o <strong><em>Pantera<\/em><\/strong> merece&#8221;, falou o jogador.<\/p>\n\n\n\n<p>Sobre Clayton, David disse que o respons\u00e1vel pelo Cot foi a pe\u00e7a fundamental para ir em busca do sonho. &#8220;Abriu as portas para mim. No Centro de Oportunidade de Talentos e tive um in\u00edcio maravilhoso, n\u00e3o podia ser melhor. Clayton me deu v\u00e1rios conselhos e confiou em mim. Ele sempre falou que acreditava que eu ia fazer acontecer no Rio Branco AC. Agora estou aqui e procurando melhorar cada vez mais gra\u00e7as as dicas do Clayton que \u00e9 um cara espetacular, resenha de mais e muito engra\u00e7ado. Nossa amizade \u00e9 tudo que quero ele \u00e9 meu parceiro para a vida toda&#8221;, concluiu David.<\/p>\n\n\n\n<p><strong>SOBRE O ESTREL\u00c3O <\/strong>&#8211; O Rio Branco Football Club, conhecido por&nbsp;Rio Branco&nbsp;ou&nbsp;Estrel\u00e3o, \u00e9 um&nbsp;clube poliesportivo brasileiro, sediado na cidade de&nbsp;Rio Branco, no estado do Acre. Tem como principal modalidade o futebol&nbsp;que domina no estado do Acre. <\/p>\n\n\n\n<p>As cores do clube &#8211; presentes no escudo, uniforme e bandeira oficial &#8211; s\u00e3o o&nbsp;vermelho e branco. Seu mascote \u00e9 a&nbsp;<em>Estrela Altaneira<\/em>, s\u00edmbolo da Renova\u00e7\u00e3o Acriana, que tamb\u00e9m est\u00e1 presente na bandeira do Estado do Acre.<\/p>\n\n\n\n<p>Suas principais conquistas consistem em 49 t\u00edtulos do Campeonato Acreano, tr\u00eas do&nbsp;Copas da Amaz\u00f4nia e uma da&nbsp;Copa Norte, conquistada de forma invicta no ano de 1997. Este \u00faltimo garantiu ao clube uma vaga na&nbsp;Copa Conmebol, tornando-se o primeiro clube da Regi\u00e3o Norte do Brasil a disputar uma competi\u00e7\u00e3o oficial sul-americana. <\/p>\n\n\n\n<p><em><strong>S\u00e3o Gon\u00e7alo vai mudar: Not\u00edcias de S\u00e3o Gon\u00e7alo e toda regi\u00e3o.<\/strong><\/em><\/p>\n\n\n\n<figure class=\"wp-block-image size-large\"><img decoding=\"async\" width=\"1024\" height=\"46\" src=\"https:\/\/sgvaimudar.com.br\/wp-content\/uploads\/2023\/08\/Anuncie-Aqui-Sao-Goncalo-vai-mudar-1024x46.png\" alt=\"\" class=\"wp-image-2740\" srcset=\"https:\/\/sgvaimudar.com.br\/wp-content\/uploads\/2023\/08\/Anuncie-Aqui-Sao-Goncalo-vai-mudar-1024x46.png 1024w, https:\/\/sgvaimudar.com.br\/wp-content\/uploads\/2023\/08\/Anuncie-Aqui-Sao-Goncalo-vai-mudar-300x13.png 300w, https:\/\/sgvaimudar.com.br\/wp-content\/uploads\/2023\/08\/Anuncie-Aqui-Sao-Goncalo-vai-mudar-768x35.png 768w, https:\/\/sgvaimudar.com.br\/wp-content\/uploads\/2023\/08\/Anuncie-Aqui-Sao-Goncalo-vai-mudar-1536x69.png 1536w, https:\/\/sgvaimudar.com.br\/wp-content\/uploads\/2023\/08\/Anuncie-Aqui-Sao-Goncalo-vai-mudar.png 2002w\" sizes=\"(max-width: 1024px) 100vw, 1024px\" \/><\/figure>\n","protected":false},"excerpt":{"rendered":"<p>David Nogueira foi pe\u00e7a decisiva nas finais que classificaram o sub-17 do Rio Branco Por Wellington Serrano Gomes Ele saiu&hellip;<\/p>\n","protected":false},"author":5,"featured_media":32154,"comment_status":"closed","ping_status":"open","sticky":false,"template":"","format":"standard","meta":{"fifu_image_url":"https:\/\/sgvaimudar.com.br\/wp-content\/uploads\/2025\/10\/Estreia-com-pe-direito\ud83d\ude1d\ud83e\udd19\ud83c\udffe.\u26bd\ufe0f\u26bd\ufe0f\u26bd\ufe0f.campeonatoacreanosub17.jpg","fifu_image_alt":"","footnotes":""},"categories":[5],"tags":[47,75],"class_list":["post-32087","post","type-post","status-publish","format-standard","has-post-thumbnail","hentry","category-esportes","tag-rj","tag-sao-goncalo"],"_links":{"self":[{"href":"https:\/\/sgvaimudar.com.br\/index.php\/wp-json\/wp\/v2\/posts\/32087","targetHints":{"allow":["GET"]}}],"collection":[{"href":"https:\/\/sgvaimudar.com.br\/index.php\/wp-json\/wp\/v2\/posts"}],"about":[{"href":"https:\/\/sgvaimudar.com.br\/index.php\/wp-json\/wp\/v2\/types\/post"}],"author":[{"embeddable":true,"href":"https:\/\/sgvaimudar.com.br\/index.php\/wp-json\/wp\/v2\/users\/5"}],"replies":[{"embeddable":true,"href":"https:\/\/sgvaimudar.com.br\/index.php\/wp-json\/wp\/v2\/comments?post=32087"}],"version-history":[{"count":4,"href":"https:\/\/sgvaimudar.com.br\/index.php\/wp-json\/wp\/v2\/posts\/32087\/revisions"}],"predecessor-version":[{"id":32367,"href":"https:\/\/sgvaimudar.com.br\/index.php\/wp-json\/wp\/v2\/posts\/32087\/revisions\/32367"}],"wp:featuredmedia":[{"embeddable":true,"href":"https:\/\/sgvaimudar.com.br\/index.php\/wp-json\/wp\/v2\/media\/32154"}],"wp:attachment":[{"href":"https:\/\/sgvaimudar.com.br\/index.php\/wp-json\/wp\/v2\/media?parent=32087"}],"wp:term":[{"taxonomy":"category","embeddable":true,"href":"https:\/\/sgvaimudar.com.br\/index.php\/wp-json\/wp\/v2\/categories?post=32087"},{"taxonomy":"post_tag","embeddable":true,"href":"https:\/\/sgvaimudar.com.br\/index.php\/wp-json\/wp\/v2\/tags?post=32087"}],"curies":[{"name":"wp","href":"https:\/\/api.w.org\/{rel}","templated":true}]}}