{"id":32080,"date":"2025-10-21T09:42:12","date_gmt":"2025-10-21T12:42:12","guid":{"rendered":"https:\/\/sgvaimudar.com.br\/?p=32080"},"modified":"2025-10-21T11:17:40","modified_gmt":"2025-10-21T14:17:40","slug":"35obpm-passou-o-cerol-no-morro-do-catico-em-itaborai","status":"publish","type":"post","link":"https:\/\/sgvaimudar.com.br\/index.php\/2025\/10\/21\/35obpm-passou-o-cerol-no-morro-do-catico-em-itaborai\/","title":{"rendered":"35\u00baBPM &#8220;passou o cerol&#8221; no Morro do Cati\u00e7o, em Itabora\u00ed; v\u00eddeo"},"content":{"rendered":"\n<p><em>Tr\u00eas acusados de tr\u00e1fico de drogas, <em>ap\u00f3s confronto<\/em><\/em>, <em>foram detidos e um foi baleado e dois revolveres calibre .38 foram apreendidos<\/em><\/p>\n\n\n\n<p>Os policiais militares do 35\u00ba BPM (Itabora\u00ed) n\u00e3o est\u00e3o para brincadeira e fizeram a pris\u00e3o de dois homens um de 27 e outro de 29 anos e detiveram um adolescente de 17 anos, no Morro do Cati\u00e7o, em Itabora\u00ed, na noite desta segunda-feira (20\/10). A a\u00e7\u00e3o foi realizada ap\u00f3s ordens do comando do chefe da 2\u00aaSe\u00e7\u00e3o, ap\u00f3s informa\u00e7\u00f5es do Setor de Intelig\u00eancia da Corpora\u00e7\u00e3o.<\/p>\n\n\n\n<p>De acordo com a Pol\u00edcia, os militares das guarni\u00e7\u00f5es 2\u00aa Se\u00e7\u00e3o e Grupo de A\u00e7\u00f5es T\u00e1ticas (GAT) \u201cB\u201d foram \u00e0 altura do n\u00famero 1281 da Rua Orminda de Abreu, no bairro Nova Cidade quando viram os marginais na pr\u00e1tica de tr\u00e1fico de drogas. <\/p>\n\n\n\n<figure class=\"wp-block-video\"><video height=\"480\" style=\"aspect-ratio: 848 \/ 480;\" width=\"848\" controls src=\"https:\/\/sgvaimudar.com.br\/wp-content\/uploads\/2025\/10\/WhatsApp-Video-2025-10-21-at-08.52.26.mp4\"><\/video><\/figure>\n\n\n\n<p>Segundo a PM, ap\u00f3s o cerco t\u00e1tico&nbsp;houve um breve confronto armado e&nbsp;os agentes obtiveram \u00eaxito em deter os acusados; apreender dois rev\u00f3lveres calibre .38 e um vasto material entorpecente que at\u00e9 o fechamento desta mat\u00e9ria ainda n\u00e3o havia sido contabilizado.<\/p>\n\n\n\n<p>Um dos acusados de 27 anos foi baleado e socorrido pelos policiais para o Hospital Municipal Desembargador Leal Junior (HMDLJ), e n\u00e3o corre risco de morte.&nbsp; <\/p>\n\n\n\n<p><em><strong>Fa\u00e7a sua den\u00fancia pelo nosso WhatsApp: (21)&nbsp;99744 5345<\/strong><\/em><\/p>\n\n\n\n<p><em><strong>S\u00e3o Gon\u00e7alo vai mudar: Not\u00edcias de S\u00e3o Gon\u00e7alo e toda regi\u00e3o.<\/strong><\/em><\/p>\n\n\n\n<figure class=\"wp-block-image size-large\"><img decoding=\"async\" width=\"1024\" height=\"46\" src=\"https:\/\/sgvaimudar.com.br\/wp-content\/uploads\/2023\/08\/Anuncie-Aqui-Sao-Goncalo-vai-mudar-1024x46.png\" alt=\"\" class=\"wp-image-2740\" srcset=\"https:\/\/sgvaimudar.com.br\/wp-content\/uploads\/2023\/08\/Anuncie-Aqui-Sao-Goncalo-vai-mudar-1024x46.png 1024w, https:\/\/sgvaimudar.com.br\/wp-content\/uploads\/2023\/08\/Anuncie-Aqui-Sao-Goncalo-vai-mudar-300x13.png 300w, https:\/\/sgvaimudar.com.br\/wp-content\/uploads\/2023\/08\/Anuncie-Aqui-Sao-Goncalo-vai-mudar-768x35.png 768w, https:\/\/sgvaimudar.com.br\/wp-content\/uploads\/2023\/08\/Anuncie-Aqui-Sao-Goncalo-vai-mudar-1536x69.png 1536w, https:\/\/sgvaimudar.com.br\/wp-content\/uploads\/2023\/08\/Anuncie-Aqui-Sao-Goncalo-vai-mudar.png 2002w\" sizes=\"(max-width: 1024px) 100vw, 1024px\" \/><\/figure>\n\n\n\n<p><\/p>\n","protected":false},"excerpt":{"rendered":"<p>Tr\u00eas acusados de tr\u00e1fico de drogas, ap\u00f3s confronto, foram detidos e um foi baleado e dois revolveres calibre .38 foram&hellip;<\/p>\n","protected":false},"author":5,"featured_media":32098,"comment_status":"closed","ping_status":"open","sticky":false,"template":"","format":"standard","meta":{"fifu_image_url":"https:\/\/sgvaimudar.com.br\/wp-content\/uploads\/2025\/10\/WhatsApp-Image-2025-10-21-at-08.52.26.jpeg","fifu_image_alt":"","footnotes":""},"categories":[32],"tags":[39,41,40,47],"class_list":["post-32080","post","type-post","status-publish","format-standard","has-post-thumbnail","hentry","category-casos-de-policia","tag-ataque","tag-conflito","tag-guerra","tag-rj"],"_links":{"self":[{"href":"https:\/\/sgvaimudar.com.br\/index.php\/wp-json\/wp\/v2\/posts\/32080","targetHints":{"allow":["GET"]}}],"collection":[{"href":"https:\/\/sgvaimudar.com.br\/index.php\/wp-json\/wp\/v2\/posts"}],"about":[{"href":"https:\/\/sgvaimudar.com.br\/index.php\/wp-json\/wp\/v2\/types\/post"}],"author":[{"embeddable":true,"href":"https:\/\/sgvaimudar.com.br\/index.php\/wp-json\/wp\/v2\/users\/5"}],"replies":[{"embeddable":true,"href":"https:\/\/sgvaimudar.com.br\/index.php\/wp-json\/wp\/v2\/comments?post=32080"}],"version-history":[{"count":4,"href":"https:\/\/sgvaimudar.com.br\/index.php\/wp-json\/wp\/v2\/posts\/32080\/revisions"}],"predecessor-version":[{"id":32094,"href":"https:\/\/sgvaimudar.com.br\/index.php\/wp-json\/wp\/v2\/posts\/32080\/revisions\/32094"}],"wp:featuredmedia":[{"embeddable":true,"href":"https:\/\/sgvaimudar.com.br\/index.php\/wp-json\/wp\/v2\/media\/32098"}],"wp:attachment":[{"href":"https:\/\/sgvaimudar.com.br\/index.php\/wp-json\/wp\/v2\/media?parent=32080"}],"wp:term":[{"taxonomy":"category","embeddable":true,"href":"https:\/\/sgvaimudar.com.br\/index.php\/wp-json\/wp\/v2\/categories?post=32080"},{"taxonomy":"post_tag","embeddable":true,"href":"https:\/\/sgvaimudar.com.br\/index.php\/wp-json\/wp\/v2\/tags?post=32080"}],"curies":[{"name":"wp","href":"https:\/\/api.w.org\/{rel}","templated":true}]}}